{"id":40,"date":"2019-03-04T00:00:00","date_gmt":"2019-03-03T22:00:00","guid":{"rendered":"https:\/\/www.anofm.ro\/maramures\/comunicate-de-presa\/"},"modified":"2019-03-04T00:00:00","modified_gmt":"2019-03-03T22:00:00","slug":"comunicate-de-presa","status":"publish","type":"post","link":"https:\/\/www.anofm.ro\/maramures\/comunicate-de-presa\/","title":{"rendered":"Comunicate de pres\u0103"},"content":{"rendered":"<h2 style=\"text-align: center\">Vezi documentul:<\/h2>\n<p style=\"text-align: center\"><a href=\"\/upload\/5383\/Comunicat_de_presa_economie_sociala_2021.pdf\">Comunicat_de_presa_economie_sociala_2021.pdf<\/a> <\/p>\n<p style=\"text-align: center\"><a href=\"\/upload\/5383\/Comunicat_presa_economie_sociala_2020.pdf\">Comunicat_presa_economie_sociala_2020.pdf<\/a> <\/p>\n<p style=\"text-align: center\"><a href=\"\/upload\/5383\/Comunicat_de_presa_ANOFM_13.04.2020.pdf\">Comunicat_de_presa_ANOFM_13.04.2020.pdf<\/a> <\/p>\n<p style=\"text-align: center\"><a href=\"\/upload\/5383\/ANUN%C5%A2_IMPORTANT_-_Pentru_rom%C3%A2nii_care_se_%C3%AEntorc_%C3%AEn_%C8%9Bar%C4%83.pdf\">ANUN\u0162_IMPORTANT_-_Pentru_rom\u00e2nii_care_se_\u00eentorc_\u00een_\u021bar\u0103.pdf<\/a> <\/p>\n<p style=\"text-align: center\"><a href=\"\/upload\/5383\/Comunicat_Important_privind_relatiile_cu_publicul_pentru_perioada_13-31_martie_2020_.pdf\">Comunicat_Important_privind_relatiile_cu_publicul_pentru_perioada_13-31_martie_2020_.pdf<\/a> <\/p>\n<p style=\"text-align: center\"><a href=\"\/upload\/5383\/Masuri_de_preventie_impotriva_infectarii_cu_virusul_Covid-19.pdf\">Masuri_de_preventie_impotriva_infectarii_cu_virusul_Covid-19.pdf<\/a> <\/p>\n<p style=\"text-align: center\"><a href=\"\/upload\/5383\/Anunt_suspendare_cursuri.pdf\">Anunt_suspendare_cursuri.pdf<\/a> <\/p>\n<p style=\"text-align: center\"><a href=\"\/upload\/5383\/Angajari_prin_Programul_de_ocupare_a_fortei_de_munca_01.2020.pdf\">Angajari_prin_Programul_de_ocupare_a_fortei_de_munca_01.2020.pdf<\/a> <\/p>\n<p style=\"text-align: center\"><a href=\"\/upload\/5383\/Cursuri_de_formare_profesional%C4%83_pentru_anul_2020_.pdf\">Cursuri_de_formare_profesional\u0103_pentru_anul_2020_.pdf<\/a> <\/p>\n<p style=\"text-align: center\"><a href=\"\/upload\/5383\/Comunicat_de_presa_inregistrare_aplicatii_studenti_-_program_de_vara_2020.pdf\">Comunicat_de_presa_inregistrare_aplicatii_studenti_-_program_de_vara_2020.pdf<\/a> \u00a0<\/p>\n<p style=\"text-align: center\"><a href=\"\/upload\/5383\/In_atentia_absolventilor_promotia_2019_Maramures.pdf\">In_atentia_absolventilor_promotia_2019_Maramures.pdf<\/a> <\/p>\n<p style=\"text-align: center\"><a href=\"\/upload\/5383\/Programe_implementate_de_AJOFM_MM_anul_2018_.pdf\">Programe_implementate_de_AJOFM_MM_anul_2018_.pdf<\/a> <\/p>\n<p style=\"text-align: center\"><a href=\"\/upload\/5383\/Realizarile_programelor_implementate_de_AJOFM_MM_la_31_decembrie_2018.pdf\">Realizarile_programelor_implementate_de_AJOFM_MM_la_31_decembrie_2018.pdf<\/a> <\/p>\n<p style=\"text-align: center\">\u00a0<a href=\"\/upload\/5383\/Comunicat_de_presa_ocupare_ianuarie_2019.pdf\">Comunicat_de_presa_ocupare_ianuarie_2019.pdf<\/a><\/p>\n<p style=\"text-align: center\"><a href=\"\/upload\/5383\/Angajari_prin_Programul_de_ocupare_martie_2019.pdf\">414_angajari_in_luna_februarie_2019.pdf<\/a><\/p>\n<p style=\"text-align: center\"><a href=\"\/upload\/5383\/Angajari_prin_Programul_de_ocupare_martie_2019.pdf\">Angajari_prin_Programul_de_ocupare_martie_2019.pdf<\/a> <\/p>\n<p style=\"text-align: center\"><a href=\"\/upload\/5383\/Comunicat_economie_sociala_2019.pdf\">Comunicat_economie_sociala_2019.pdf<\/a> <\/p>\n<p style=\"text-align: center\"><a href=\"\/upload\/5383\/Programe_Proiecte_implementate_de_AJOFM_MM_in_semestrul_I_2019_.pdf\">Programe_Proiecte_implementate_de_AJOFM_MM_in_semestrul_I_2019_.pdf<\/a>\u00a0<\/p>\n<p style=\"text-align: center\"><a href=\"\/upload\/5383\/Angajari_prin_Programul_de_ocupare_a_fortei_de_munca_iunie_2019.pdf\">Angajari_prin_Programul_de_ocupare_a_fortei_de_munca_iunie_2019.pdf<\/a> <\/p>\n<p style=\"text-align: center\">\u00a0<a href=\"\/upload\/5383\/Angajari_prin_Programul_de_ocupare_iulie_2019.pdf\">Angajari_prin_Programul_de_ocupare_iulie_2019.pdf<\/a> <\/p>\n<p style=\"text-align: center\"><a href=\"\/upload\/5383\/Bursa_locurilor_de_munca_pentreu_absolventi_18_octombrie_2019.pdf\">Bursa_locurilor_de_munca_pentreu_absolventi_18_octombrie_2019.pdf<\/a><\/p>\n","protected":false},"excerpt":{"rendered":"<p><\/p>\n","protected":false},"author":0,"featured_media":0,"comment_status":"closed","ping_status":"closed","sticky":false,"template":"","format":"standard","meta":{"footnotes":""},"categories":[9],"tags":[],"class_list":["post-40","post","type-post","status-publish","format-standard","hentry","category-comunicate-de-presa"],"_links":{"self":[{"href":"https:\/\/www.anofm.ro\/maramures\/wp-json\/wp\/v2\/posts\/40","targetHints":{"allow":["GET"]}}],"collection":[{"href":"https:\/\/www.anofm.ro\/maramures\/wp-json\/wp\/v2\/posts"}],"about":[{"href":"https:\/\/www.anofm.ro\/maramures\/wp-json\/wp\/v2\/types\/post"}],"replies":[{"embeddable":true,"href":"https:\/\/www.anofm.ro\/maramures\/wp-json\/wp\/v2\/comments?post=40"}],"version-history":[{"count":0,"href":"https:\/\/www.anofm.ro\/maramures\/wp-json\/wp\/v2\/posts\/40\/revisions"}],"wp:attachment":[{"href":"https:\/\/www.anofm.ro\/maramures\/wp-json\/wp\/v2\/media?parent=40"}],"wp:term":[{"taxonomy":"category","embeddable":true,"href":"https:\/\/www.anofm.ro\/maramures\/wp-json\/wp\/v2\/categories?post=40"},{"taxonomy":"post_tag","embeddable":true,"href":"https:\/\/www.anofm.ro\/maramures\/wp-json\/wp\/v2\/tags?post=40"}],"curies":[{"name":"wp","href":"https:\/\/api.w.org\/{rel}","templated":true}]}}