{"id":33,"date":"2018-12-10T00:00:00","date_gmt":"2018-12-09T22:00:00","guid":{"rendered":"https:\/\/www.anofm.ro\/maramures\/unit-2-rmpd-ucenicie-si-stagii-pentru-tinerii-neets-din-regiunile-mai-putin-dezvoltate\/"},"modified":"2018-12-10T00:00:00","modified_gmt":"2018-12-09T22:00:00","slug":"unit-2-rmpd-ucenicie-si-stagii-pentru-tinerii-neets-din-regiunile-mai-putin-dezvoltate","status":"publish","type":"post","link":"https:\/\/www.anofm.ro\/maramures\/unit-2-rmpd-ucenicie-si-stagii-pentru-tinerii-neets-din-regiunile-mai-putin-dezvoltate\/","title":{"rendered":"UNIT 2 RMPD &#8211; Ucenicie si stagii pentru tinerii NEETs din regiunile mai putin dezvoltate"},"content":{"rendered":"<p style=\"text-align: justify\"><font style=\"font-size: 14px\"><span style=\"text-align: justify;font-family:\"><span style=\"font-size: 14px\">A<\/span><font style=\"font-size: 14px\">gen\u021bia Na\u021bional\u0103 pentru Ocuparea For\u021bei de Munc\u0103 (ANOFM) implementeaz\u0103 pe o perioad\u0103 de 36 de luni, proiectul\u00a0<\/font><\/span><font style=\"font-size: 14px\"><b style=\"text-align: justify;font-family:\">&#8222;UNIT 2 RMPD \u2013 Ucenicie \u015fi stagii pentru tinerii NEETs din regiunile mai pu\u0163in dezvoltate&#8221;, POCU\/262\/2.1\/2.2\/119910<\/b><span style=\"text-align: justify;font-family:\">,<br \/>\n cofinan\u021bat de Uniunea European\u0103 din Fondul Social European(FSE) prin<br \/>\nProgramul Opera\u021bional Capital Uman 2014-2020 (POCU). Obiectivul general<br \/>\nal proiectului \u00eel constituie \u00eembun\u0103t\u0103\u021birea posibilit\u0103\u021bilor de \u00eencadrare<br \/>\na\u00a0<\/span><b style=\"text-align: justify;font-family:\">minimum 900 tineri NEETs<\/b><span style=\"text-align: justify;font-family:\">\u00a0\u0219omeri \u00eenregistra\u021bi la Serviciul Public de Ocupare (SPO).\u00a0<\/span><\/font><\/font><\/p>\n<p style=\"margin: 0px 0px 10px;font-family:\"><font style=\"font-size: 14px\"><span style=\"font-family:\"><font style=\"font-size: 14px\">Obiectivele<br \/>\n specifice ale proiectului prev\u0103d stimularea ocup\u0103rii tinerilor NEETs<br \/>\n\u0219omeri \u00eenregistra\u021bi la Serviciul Public de Ocupare, prin acordarea<br \/>\nsprijinului financiar angajatorilor, aferent\u00a0<b>\u00eencadr\u0103rii prin<\/b>\u00a0<b>ucenicie la locul de munc\u0103 a 812 tineri NEETs\u00a0<\/b>\u0219omeri \u0219i oferire de sprijin financiar pentru\u00a0<b>\u00eencadrarea prin<\/b>\u00a0<\/font><b><font style=\"font-size: 14px\">stagii a unui num<\/font><span style=\"font-size: 14px\">\u0103r de 88 tineri NEETs<\/span><\/b><span style=\"font-size: 14px\">\u00a0\u0219omeri, absolven\u021bii de \u00eenv\u0103\u021b\u0103m\u00e2nt superior.\u00a0<\/span><b style=\"font-size: 14px\">Subven\u021biile acordate angajatorilor sunt \u00een cuantum de 2.250 lei\/lun\u0103 pentru fiecare ucenic\/stagiar.<\/b><\/span><span style=\"font-size: 14px;font-family: Arial, sans-serif\"><\/span><\/font><\/p>\n<p style=\"margin: 0px 0px 10px;font-family:\"><font style=\"font-size: 14px\"><span style=\"font-family:\">Proiectul<br \/>\n va fi implementat cu sprijinul a 21 agen\u021bii jude\u021bene pentru ocuparea<br \/>\nfor\u021bei de munc\u0103 din cele 4 regiuni eligibile, conform cererii de<br \/>\nfinan\u021bare, respectiv Nord-Est (Bac\u0103u, Boto\u015fani, Ia\u015fi, Neam\u0163, Suceava,<br \/>\nVaslui), Nord-Vest (Bihor, Bistri\u0163a, Cluj, Maramure\u015f, Satu-Mare, S\u0103laj),<br \/>\n Sud-Vest Oltenia (Dolj, Gorj, Mehedin\u0163i, Olt, V\u00e2lcea), Vest<br \/>\n(Arad,Cara\u015f-Severin, Hunedoara,Timi\u015f).<\/span><span style=\"font-family: Arial, sans-serif\"><\/span><\/font><\/p>\n<p style=\"margin: 0px 0px 10px;font-family:\"><span style=\"font-family:\"><font style=\"font-size: 14px\">Bugetul<br \/>\n total al proiectului este de 38.629.300,79 lei, din care 5.794.395,11<br \/>\nlei finan\u0163are na\u0163ional\u0103 \u0219i 32.834.905,68 lei finan\u0163are extern\u0103<br \/>\nnerambursabil\u0103.<\/font><\/span><\/p>\n<p style=\"margin: 0px 0px 10px;font-family:\"><span style=\"font-family:\"><font style=\"font-size: 14px\">Perioada de implementare este 19 februarie 2018 &#8211; 18 februarie 2021. <\/font><\/span><\/p>\n<h2><font size=\"3\" face=\"Arial\"><span><font style=\"font-size: 14px\"><\/p>\n<p style=\"text-align: center\">\u00a0Vezi documentele:<\/p>\n<p><\/font><\/span><\/font><\/h2>\n<h2><span style=\"font-family:\"><\/span><\/h2>\n<h2><span style=\"font-family:\"><font style=\"font-size: 14px\"><\/p>\n<p style=\"text-align: center\"><a href=\"\/upload\/3296\/Brosura_electronica_actualizata-_rezultate_31_Decembrie_2020.pps\">Brosura_electronica_actualizata-_rezultate_31_Decembrie_2020.pps<\/a> <\/p>\n<p style=\"text-align: center\"><a href=\"\/upload\/3296\/Raport_activitate_la_31_Decembrie_2020_.pdf\">Raport_activitate_la_31_Decembrie_2020_.pdf<\/a> <\/p>\n<p style=\"text-align: center\"><a href=\"\/upload\/3296\/Prezentare_proiect_UNIT_2_RMPD_rezultate_la_30_septembrie.pdf\">Prezentare_proiect_UNIT_2_RMPD_rezultate_la_30_septembrie.pdf<\/a> <\/p>\n<p style=\"text-align: center\"><a href=\"\/upload\/3296\/Informare_rezultate_la_30_septembrie.pdf\">Informare_rezultate_la_30_septembrie.pdf<\/a> <\/p>\n<p style=\"text-align: center\">\u00a0<a href=\"\/upload\/3296\/Prezentare_proiect_UNIT_2_RMPD.pdf\">Prezentare_proiect_UNIT_2_RMPD.pdf<\/a>\u00a0<\/p>\n<p style=\"text-align: center\"><a href=\"\/upload\/3296\/Fisa_de_proiect_UNIT_2_RMPD-_septembrie.pdf\">Fisa_de_proiect_UNIT_2_RMPD-_septembrie.pdf<\/a>\u00a0<\/p>\n<p style=\"text-align: center\"><a href=\"\/upload\/3296\/Brosura_prezentare_-UNIT_2_RMPD.pdf\">Brosura_prezentare_-UNIT_2_RMPD.pdf<\/a>\u00a0<\/p>\n<p style=\"text-align: center\"><a href=\"\/upload\/3296\/Informare_UNIT_2_RMPD-septembrie.pdf\">Informare_UNIT_2_RMPD-septembrie.pdf<\/a>\u00a0<\/p>\n<p style=\"text-align: center\"><a href=\"\/upload\/3296\/Rezultate_31_octombrie_UNIT_2_RMPD_.pdf\">Rezultate_31_octombrie_UNIT_2_RMPD_.pdf<\/a>\u00a0<\/p>\n<p style=\"text-align: center\"><a href=\"\/upload\/3296\/Informare_UNIT_2_-_RMPD_decembrie.pdf\">Informare_proiect_UNIT_2_RMPD-modificari_legislative.pdf<\/a><\/p>\n<p><\/font><\/span><\/h2>\n<h2 style=\"text-align: center\"><font size=\"3\" face=\"Arial\"><span><font style=\"font-size: 14px\"><a href=\"\/upload\/3296\/Informare_UNIT_2_-_RMPD_decembrie.pdf\">Informare_UNIT_2_-_RMPD_decembrie.pdf<\/a><\/font><\/span><\/font><\/h2>\n<h2 style=\"text-align: center\"><font size=\"3\" face=\"Arial\"><span><font style=\"font-size: 14px\"><a href=\"\/upload\/3296\/Subven%C8%9Bii_acordate_angajatorilor_care_deruleaz%C4%83_programe_de_ucenicie_sau_stagiu.pdf\">Raport_de_activitate_-_1_an_de_implementare.pdf<\/a><\/p>\n<p style=\"text-align: center\"><a href=\"\/upload\/3296\/Subven%C8%9Bii_acordate_angajatorilor_care_deruleaz%C4%83_programe_de_ucenicie_sau_stagiu.pdf\"><span style=\"font-family:\"><font style=\"font-size: 14px\"><\/font><\/span><\/a><font style=\"font-size: 14px\"><a href=\"\/upload\/3296\/Informare_UNIT_2_RMPD_IUNIE.pdf\">Subven\u021bii_acordate_angajatorilor_care_deruleaz\u0103_programe_de_ucenicie_sau_stagiu.pdf<\/a><\/font><\/p>\n<p><font style=\"font-size: 14px\"><a href=\"\/upload\/3296\/Informare_UNIT_2_RMPD_IUNIE.pdf\">Informare_UNIT_2_RMPD_IUNIE.pdf<\/a> <br \/><\/font><\/p>\n<\/p>\n<p><\/font><\/span><\/font><\/h2>\n<h2 style=\"text-align: center\"><font size=\"3\" face=\"Arial\"><span><\/span><\/font><\/h2>\n<h2><span style=\"font-family:\"><font style=\"font-size: 14px\"><\/p>\n<p style=\"text-align: center\">\n<p><\/font><\/span><\/h2>\n","protected":false},"excerpt":{"rendered":"<p>Agen\u021bia Na\u021bional\u0103 pentru Ocuparea For\u021bei de Munc\u0103 (ANOFM) implementeaz\u0103 pe o perioad\u0103 de 36 de luni, proiectul\u00a0&#8222;UNIT 2 RMPD \u2013 Ucenicie \u015fi stagii pentru tinerii NEETs din regiunile mai pu\u0163in<\/p>\n","protected":false},"author":0,"featured_media":0,"comment_status":"closed","ping_status":"closed","sticky":false,"template":"","format":"standard","meta":{"footnotes":""},"categories":[20],"tags":[],"class_list":["post-33","post","type-post","status-publish","format-standard","hentry","category-proiecte"],"_links":{"self":[{"href":"https:\/\/www.anofm.ro\/maramures\/wp-json\/wp\/v2\/posts\/33","targetHints":{"allow":["GET"]}}],"collection":[{"href":"https:\/\/www.anofm.ro\/maramures\/wp-json\/wp\/v2\/posts"}],"about":[{"href":"https:\/\/www.anofm.ro\/maramures\/wp-json\/wp\/v2\/types\/post"}],"replies":[{"embeddable":true,"href":"https:\/\/www.anofm.ro\/maramures\/wp-json\/wp\/v2\/comments?post=33"}],"version-history":[{"count":0,"href":"https:\/\/www.anofm.ro\/maramures\/wp-json\/wp\/v2\/posts\/33\/revisions"}],"wp:attachment":[{"href":"https:\/\/www.anofm.ro\/maramures\/wp-json\/wp\/v2\/media?parent=33"}],"wp:term":[{"taxonomy":"category","embeddable":true,"href":"https:\/\/www.anofm.ro\/maramures\/wp-json\/wp\/v2\/categories?post=33"},{"taxonomy":"post_tag","embeddable":true,"href":"https:\/\/www.anofm.ro\/maramures\/wp-json\/wp\/v2\/tags?post=33"}],"curies":[{"name":"wp","href":"https:\/\/api.w.org\/{rel}","templated":true}]}}