{"id":6029,"date":"2024-04-30T12:05:50","date_gmt":"2024-04-30T09:05:50","guid":{"rendered":"https:\/\/www.anofm.ro\/hunedoara\/?p=6029"},"modified":"2025-02-19T12:09:53","modified_gmt":"2025-02-19T10:09:53","slug":"raport-privind-tinerii-cu-risc-de-marginalizare-sociala-2024","status":"publish","type":"post","link":"https:\/\/www.anofm.ro\/hunedoara\/raport-privind-tinerii-cu-risc-de-marginalizare-sociala-2024\/","title":{"rendered":"Raport privind tinerii cu risc de marginalizare social\u0103 \u2013 2024"},"content":{"rendered":"\n<div class=\"file-list-wrap\"><p class=\"h4\">Documente desc\u0103rcabile<\/p><ul class=\"file-list\">\n<li><a href=\"https:\/\/www.anofm.ro\/hunedoara\/wp-content\/uploads\/sites\/24\/2025\/02\/Raport_tineri_cu_risc_de_marginalizare_trim_I_2024_site.pdf\" download>Raport_tineri_cu_risc_de_marginalizare_trim_I_2024_site.pdf<\/a><\/li>\n\n\n\n<li><a href=\"https:\/\/www.anofm.ro\/hunedoara\/wp-content\/uploads\/sites\/24\/2025\/02\/Raport-POTRMS-SEM-I-2024.pdf\" download>Raport-POTRMS-SEM-I-2024.pdf<\/a><\/li>\n\n\n\n<li><a href=\"https:\/\/www.anofm.ro\/hunedoara\/wp-content\/uploads\/sites\/24\/2025\/02\/Raport-POTRMS-trim-III-cumulat-9-luni-2024.pdf\" download>Raport-POTRMS-trim-III-cumulat-9-luni-2024.pdf<\/a><\/li>\n\n\n\n<li><a href=\"https:\/\/www.anofm.ro\/hunedoara\/wp-content\/uploads\/sites\/24\/2025\/02\/Raport-POTRMS-trim-IV-total-an-2024-1.pdf\" download>Raport-POTRMS-trim-IV-total-an-2024-1.pdf<\/a><\/li>\n<\/ul><\/div>\n","protected":false},"excerpt":{"rendered":"<p>\u00cen conformitate cu prevederile Legii 76\/2002 privind sistemul asigur\u0103rilor pentru \u015fomaj \u015fi stimularea ocup\u0103rii for\u0163ei de munc\u0103, cu modific\u0103rile \u015fi complet\u0103rile ulterioare, Agen\u0163ia Na\u0163ional\u0103 pentru Ocuparea For\u0163ei de Munc\u0103 asigur\u0103 promovarea particip\u0103rii pe pia\u0163a muncii a tinerilor cu risc de marginalizare social\u0103  prin: acompaniament social personalizat, activit\u0103\u0163i de informare \u015fi promovare a intereselor tinerilor cu risc de marginalizare social\u0103 \u00een r\u00e2ndul angajatorilor \u015fi subven\u0163ionarea locului de munc\u0103.<br \/>\nAcompaniamentul social personalizat se realizeaz\u0103 de c\u0103tre Agen\u0163ia Na\u0163ional\u0103 pentru Ocuparea For\u0163ei de Munc\u0103 prin intermediul agen\u0163iilor pentru ocuparea for\u0163ei de munc\u0103 teritoriale, \u00een baza unui contract de solidaritate (a c\u0103rui durata este de minim 1 an \u0219i de maxim 3 ani), \u015fi constituie un ansamblu de servicii care se acord\u0103 \u00een mod gratuit tinerilor cu risc de marginalizare social\u0103 \u015fi constau \u00een:<br \/>\n\u2013 informare \u015fi consiliere profesional\u0103;<br \/>\n\u2013 mediere a muncii;<br \/>\n\u2013 plasare \u00een munc\u0103 la un angajator a c\u0103rui ofert\u0103 de loc de munc\u0103 a fost selectat\u0103 ca fiind corespunz\u0103toare preg\u0103tirii profesionale \u015fi altor condi\u0163ii cuprinse \u00een dosarul \u00eentocmit la \u00eenregistrarea ca persoan\u0103 \u00een c\u0103utarea unui loc de munc\u0103, \u00een eviden\u0163a agen\u0163iei pentru ocuparea for\u0163ei de munc\u0103.<\/p>\n<p>Prin t\u00e2n\u0103r cu risc de marginalizare social\u0103 se \u00een\u021belege persoana cu v\u00e2rsta cuprins\u0103 \u00eentre 16-26 de ani, care este \u0219omer \u00een accep\u021biunea Legii nr. 76\/2002 cu modific\u0103rile \u0219i complet\u0103rile ulterioare, se \u00eenregistreaz\u0103 la agen\u0163ia pentru ocuparea for\u0163ei de munc\u0103 \u00een a c\u0103rei raz\u0103 teritorial\u0103 \u00ee\u015fi are domiciliul sau, dup\u0103 caz, re\u015fedin\u0163a \u015fi se \u00eencadreaz\u0103 \u00een una dintre urm\u0103toarele categorii:<br \/>\na) se afl\u0103 \u00een sistemul de protec\u0163ie a copilului sau provine din acest sistem;<br \/>\nb) are dizabilit\u0103\u0163i;<br \/>\nc) nu are familie sau familia nu \u00eei poate asigura \u00eentre\u0163inerea;<br \/>\nd) are copii \u00een \u00eentre\u0163inere;<br \/>\ne) a executat una sau mai multe pedepse privative de libertate;<br \/>\nf) este victim\u0103 a traficului de persoane.<\/p>\n","protected":false},"author":247,"featured_media":0,"comment_status":"closed","ping_status":"closed","sticky":false,"template":"","format":"standard","meta":{"footnotes":""},"categories":[19],"tags":[],"class_list":["post-6029","post","type-post","status-publish","format-standard","hentry","category-programul-de-ocupare-tineri-cu-risc-de-marginalizare-sociala"],"_links":{"self":[{"href":"https:\/\/www.anofm.ro\/hunedoara\/wp-json\/wp\/v2\/posts\/6029","targetHints":{"allow":["GET"]}}],"collection":[{"href":"https:\/\/www.anofm.ro\/hunedoara\/wp-json\/wp\/v2\/posts"}],"about":[{"href":"https:\/\/www.anofm.ro\/hunedoara\/wp-json\/wp\/v2\/types\/post"}],"author":[{"embeddable":true,"href":"https:\/\/www.anofm.ro\/hunedoara\/wp-json\/wp\/v2\/users\/247"}],"replies":[{"embeddable":true,"href":"https:\/\/www.anofm.ro\/hunedoara\/wp-json\/wp\/v2\/comments?post=6029"}],"version-history":[{"count":1,"href":"https:\/\/www.anofm.ro\/hunedoara\/wp-json\/wp\/v2\/posts\/6029\/revisions"}],"predecessor-version":[{"id":6034,"href":"https:\/\/www.anofm.ro\/hunedoara\/wp-json\/wp\/v2\/posts\/6029\/revisions\/6034"}],"wp:attachment":[{"href":"https:\/\/www.anofm.ro\/hunedoara\/wp-json\/wp\/v2\/media?parent=6029"}],"wp:term":[{"taxonomy":"category","embeddable":true,"href":"https:\/\/www.anofm.ro\/hunedoara\/wp-json\/wp\/v2\/categories?post=6029"},{"taxonomy":"post_tag","embeddable":true,"href":"https:\/\/www.anofm.ro\/hunedoara\/wp-json\/wp\/v2\/tags?post=6029"}],"curies":[{"name":"wp","href":"https:\/\/api.w.org\/{rel}","templated":true}]}}