{"id":5487,"date":"2024-10-21T14:08:52","date_gmt":"2024-10-21T11:08:52","guid":{"rendered":"https:\/\/www.anofm.ro\/hunedoara\/?p=5487"},"modified":"2024-12-13T10:20:16","modified_gmt":"2024-12-13T08:20:16","slug":"comunicat-de-presa-ocuparea-fortei-de-munca-septembrie-2024-ajofm-hunedoara","status":"publish","type":"post","link":"https:\/\/www.anofm.ro\/hunedoara\/comunicat-de-presa-ocuparea-fortei-de-munca-septembrie-2024-ajofm-hunedoara\/","title":{"rendered":"397 persoane \u015fi-au g\u0103sit un loc de munc\u0103 cu sprijinul AJOFM HUNEDOARA"},"content":{"rendered":"\n<div class=\"file-list-wrap\"><p class=\"h4\">Documente desc\u0103rcabile<\/p><ul class=\"file-list\">\n<li><a href=\"https:\/\/www.anofm.ro\/hunedoara\/wp-content\/uploads\/sites\/24\/2024\/10\/Comunicat-de-presa-ocupare-septembrie-2024-AJOFM-Hunedoara.pdf\" download>Comunicat-de-presa-ocupare-septembrie-2024-AJOFM-Hunedoara.pdf<\/a><\/li>\n<\/ul><\/div>\n\n\n\n<div data-wp-interactive=\"core\/file\" class=\"wp-block-file\"><object data-wp-bind--hidden=\"!state.hasPdfPreview\" hidden class=\"wp-block-file__embed\" data=\"https:\/\/www.anofm.ro\/hunedoara\/wp-content\/uploads\/sites\/24\/2024\/10\/Comunicat-de-presa-ocupare-septembrie-2024-AJOFM-Hunedoara.pdf\" type=\"application\/pdf\" style=\"width:100%;height:600px\" aria-label=\"\u00cenglobare pentru Comunicat de presa - ocupare - septembrie 2024 - AJOFM Hunedoara.\"><\/object><a id=\"wp-block-file--media-a7da5ba8-b95c-450b-8f3a-65eb6136719c\" href=\"https:\/\/www.anofm.ro\/hunedoara\/wp-content\/uploads\/sites\/24\/2024\/10\/Comunicat-de-presa-ocupare-septembrie-2024-AJOFM-Hunedoara.pdf\">Comunicat de presa &#8211; ocupare &#8211; septembrie 2024 &#8211; AJOFM Hunedoara<\/a><a href=\"https:\/\/www.anofm.ro\/hunedoara\/wp-content\/uploads\/sites\/24\/2024\/10\/Comunicat-de-presa-ocupare-septembrie-2024-AJOFM-Hunedoara.pdf\" class=\"wp-block-file__button wp-element-button\" download aria-describedby=\"wp-block-file--media-a7da5ba8-b95c-450b-8f3a-65eb6136719c\">Descarc\u0103<\/a><\/div>\n","protected":false},"excerpt":{"rendered":"<p>\u00cen cursul lunii septembrie 2024, ca urmare a implement\u0103rii Programului Na\u0163ional de Ocupare a For\u0163ei de Munc\u0103, prin intermediul AJOFM Hunedoara, au fost \u00eencadrate \u00een munc\u0103 397 persoane, dintre care 205 femei. <\/p>\n","protected":false},"author":247,"featured_media":0,"comment_status":"closed","ping_status":"closed","sticky":false,"template":"","format":"standard","meta":{"footnotes":""},"categories":[9,18],"tags":[],"class_list":["post-5487","post","type-post","status-publish","format-standard","hentry","category-comunicate-de-presa","category-programul-de-ocupare"],"_links":{"self":[{"href":"https:\/\/www.anofm.ro\/hunedoara\/wp-json\/wp\/v2\/posts\/5487","targetHints":{"allow":["GET"]}}],"collection":[{"href":"https:\/\/www.anofm.ro\/hunedoara\/wp-json\/wp\/v2\/posts"}],"about":[{"href":"https:\/\/www.anofm.ro\/hunedoara\/wp-json\/wp\/v2\/types\/post"}],"author":[{"embeddable":true,"href":"https:\/\/www.anofm.ro\/hunedoara\/wp-json\/wp\/v2\/users\/247"}],"replies":[{"embeddable":true,"href":"https:\/\/www.anofm.ro\/hunedoara\/wp-json\/wp\/v2\/comments?post=5487"}],"version-history":[{"count":3,"href":"https:\/\/www.anofm.ro\/hunedoara\/wp-json\/wp\/v2\/posts\/5487\/revisions"}],"predecessor-version":[{"id":5688,"href":"https:\/\/www.anofm.ro\/hunedoara\/wp-json\/wp\/v2\/posts\/5487\/revisions\/5688"}],"wp:attachment":[{"href":"https:\/\/www.anofm.ro\/hunedoara\/wp-json\/wp\/v2\/media?parent=5487"}],"wp:term":[{"taxonomy":"category","embeddable":true,"href":"https:\/\/www.anofm.ro\/hunedoara\/wp-json\/wp\/v2\/categories?post=5487"},{"taxonomy":"post_tag","embeddable":true,"href":"https:\/\/www.anofm.ro\/hunedoara\/wp-json\/wp\/v2\/tags?post=5487"}],"curies":[{"name":"wp","href":"https:\/\/api.w.org\/{rel}","templated":true}]}}