{"id":4863,"date":"2024-05-21T00:00:00","date_gmt":"2024-05-20T21:00:00","guid":{"rendered":"https:\/\/www.anofm.ro\/hunedoara\/economia-sociala-solutii-economice-la-probleme-sociale\/"},"modified":"2025-02-21T10:01:00","modified_gmt":"2025-02-21T08:01:00","slug":"economia-sociala-solutii-economice-la-probleme-sociale","status":"publish","type":"post","link":"https:\/\/www.anofm.ro\/hunedoara\/economia-sociala-solutii-economice-la-probleme-sociale\/","title":{"rendered":"Economia Social\u0103: solu\u021bii economice la probleme sociale"},"content":{"rendered":"<p class=\"MsoNormal\" align=\"right\" style=\"text-align:right\"><span style=\"font-size:11.0pt;line-height:120%;font-family:\">21<br \/>\nmai 2024<\/span><span style=\"font-size:11.0pt;line-height:120%;font-family:\"><span>\u00a0\u00a0\u00a0\u00a0\u00a0 <\/span><\/span><span style=\"font-size:11.0pt;line-height:120%;font-family:\"><\/span><\/p>\n<p class=\"MsoNormal\" align=\"center\" style=\"margin:0in;text-align:center\"><span style=\"font-size:11.0pt;line-height:120%;font-family:\">\u00a0<\/span><b><span style=\"font-size:11.0pt;line-height:115%;font-family:\">COMUNICAT DE PRESA<\/span><\/b><\/p>\n<p class=\"MsoNormal\" align=\"center\" style=\"margin-top:6.0pt;margin-right:0in;margin-bottom:6.0pt;margin-left:.5in;text-align:center;line-height:115%\"><b><span style=\"font-size:11.0pt;line-height:115%;font-family:\">\u00a0<\/span><span style=\"font-size:12.0pt;line-height:115%;font-family:\">Economia Social\u0103: solu\u021bii<br \/>\neconomice la probleme sociale<\/span><\/b><\/p>\n<p class=\"MsoNormal\" style=\"margin-top:6.0pt;margin-right:0in;margin-bottom:6.0pt;margin-left:.5in;text-align:justify;line-height:115%\"><span style=\"font-size:12.0pt;line-height:115%;font-family:\">\u00a0<\/span><\/p>\n<p class=\"MsoNormal\" style=\"margin-top:6.0pt;margin-right:0in;margin-bottom:6.0pt;margin-left:.5in;text-align:justify;line-height:115%\"><span style=\"font-size:12.0pt;line-height:115%;font-family:\">Luna mai a fiec\u0103rui an este denumit\u0103 <i>luna promov\u0103rii<br \/>\neconomiei sociale<\/i> \u015fi este dedicat\u0103 organiz\u0103rii diferitelor evenimente sau<br \/>\nac\u0163iuni de mediatizare a domeniului, av\u00e2nd ca scop dezvoltarea local\u0103,<br \/>\ncooperarea \u015fi solidaritatea social\u0103.<\/span><\/p>\n<p class=\"MsoNormal\" style=\"margin-top:6.0pt;margin-right:0in;margin-bottom:6.0pt;margin-left:.5in;text-align:justify;line-height:115%\"><span style=\"font-size:12.0pt;line-height:115%;font-family:\">\u00cen scopul promov\u0103rii acestui sector Agen\u0163ia Jude\u0163ean\u0103 pentru<br \/>\nOcuparea For\u0163ei de Munc\u0103 Hunedoara, \u00een parteneriat cu Universitatea din<br \/>\nPetro\u0219ani \u0219i Inspectoratul \u0218colar Jude\u021bean Hunedoara organizeaz\u0103 evenimentul:<\/span><\/p>\n<p class=\"MsoNormal\" style=\"margin-top:6.0pt;margin-right:0in;margin-bottom:6.0pt;margin-left:.5in;text-align:justify;line-height:115%\"><span style=\"font-size:12.0pt;line-height:115%;font-family:\">\u00a0<\/span><\/p>\n<p class=\"MsoNormal\" align=\"center\" style=\"margin-top:6.0pt;margin-right:0in;margin-bottom:6.0pt;margin-left:.5in;text-align:center;line-height:115%\"><b><i><span style=\"font-size:12.0pt;line-height:115%;font-family:\">Economia<br \/>\nSocial\u0103: solu\u021bii economice la probleme sociale<\/span><\/i><\/b><\/p>\n<p class=\"MsoNormal\" align=\"center\" style=\"margin-top:6.0pt;margin-right:0in;margin-bottom:6.0pt;margin-left:.5in;text-align:center;line-height:115%\"><b><i><span style=\"font-size:12.0pt;line-height:115%;font-family:\">Cre\u0219terea<br \/>\nocup\u0103rii \u00een munc\u0103 a persoanelor apar\u021bin\u00e2nd grupurilor vulnerabile<\/span><\/i><\/b><\/p>\n<p style=\"margin-top:6.0pt;margin-right:0in;margin-bottom:6.0pt;margin-left:.5in;text-align:justify;line-height:115%\"><span style=\"font-family:\">\u00a0<\/span><\/p>\n<p style=\"margin-top:6.0pt;margin-right:0in;margin-bottom:6.0pt;margin-left:.5in;text-align:justify;line-height:115%\"><span style=\"font-family:\">Economia social\u0103 reprezint\u0103<br \/>\nansamblul activit\u0103\u021bilor private cu caracter economic \u0219i social, servind<br \/>\ninteresul general, interesele unei colectivit\u0103\u021bi \u0219i\/sau interesele personale<br \/>\nnepatrimoniale, prin cre\u0219terea incluziunii sociale \u0219i\/sau furnizarea de bunuri,<br \/>\nprestarea de servicii \u0219i\/sau execu\u021bia de lucr\u0103ri.<\/span><\/p>\n<p style=\"margin-top:6.0pt;margin-right:0in;margin-bottom:6.0pt;margin-left:.5in;text-align:justify;line-height:115%\"><span style=\"font-family:\">Contribuind la dezvoltarea<br \/>\ncomunit\u0103\u021bilor locale, economia social\u0103 are ca obiective consolidarea coeziunii<br \/>\neconomice \u0219i sociale, ocuparea for\u021bei de munc\u0103 \u0219i dezvoltarea serviciilor<br \/>\nsociale.<\/span><\/p>\n<p style=\"margin-top:6.0pt;margin-right:0in;margin-bottom:6.0pt;margin-left:.5in;text-align:justify;line-height:115%\"><b><span style=\"font-family:\">Evenimentul se va desf\u0103\u0219ura joi,<br \/>\n23 mai 2024, \u00eencep\u00e2nd cu ora 12<sup>00 <\/sup>\u0219i va fi g\u0103zduit de <\/span><\/b><b><span style=\"font-family:\">Inspectoratul<br \/>\n\u0218colar Jude\u021bean Hunedoara.<\/span><\/b><\/p>\n<p align=\"center\" style=\"margin-top:6.0pt;margin-right:0in;margin-bottom:6.0pt;margin-left:.5in;text-align:center;line-height:115%\"><span style=\"font-family:\">Intrarea este liber\u0103 \u00een limita locurilor<br \/>\ndisponibile.<\/span><\/p>\n<p class=\"MsoNormal\" style=\"margin-top:6.0pt;margin-right:0in;margin-bottom:6.0pt;margin-left:.5in;text-align:justify;line-height:115%\"><span style=\"font-size:12.0pt;line-height:115%;font-family:\">\u00a0<\/span><\/p>\n<p class=\"MsoNormal\" align=\"center\" style=\"margin-top:6.0pt;margin-right:0in;margin-bottom:6.0pt;margin-left:.5in;text-align:center;line-height:115%\"><b><span style=\"font-size:12.0pt;line-height:115%;font-family:\">Agen\u021bia Jude\u021bean\u0103 pentru Ocuparea For\u021bei de Munc\u0103 Hunedoara<\/span><\/b><\/p>\n<div class=\"file-list-wrap\">\n<ul class=\"file-list\">\n<li><a href=\"\/upload2\/Hunedoara\/29749\/Comunicat_de_presa_2.pdf\" download>Comunicat_de_presa_2.pdf<\/a><\/li>\n<li><a href=\"\/upload2\/Hunedoara\/29749\/afis_ES_-_2.jpg\" download>afis_ES_-_2.jpg<\/a><\/li>\n<li><a href=\"\/upload2\/Hunedoara\/29749\/AFIS_-_ES_1.pdf\" download>AFIS_-_ES_1.pdf<\/a><\/li>\n<li><a href=\"\/upload2\/Hunedoara\/29749\/PLIANT_ES.pdf\" download>PLIANT_ES.pdf<\/a><\/li>\n<\/ul>\n<\/div>\n","protected":false},"excerpt":{"rendered":"<p>Economia Social\u0103: solu\u021bii economice la probleme socialeCre\u0219terea ocup\u0103rii \u00een munc\u0103 a persoanelor apar\u021bin\u00e2nd grupurilor vulnerabile<\/p>\n","protected":false},"author":0,"featured_media":0,"comment_status":"closed","ping_status":"closed","sticky":false,"template":"","format":"standard","meta":{"footnotes":""},"categories":[9,12],"tags":[],"class_list":["post-4863","post","type-post","status-publish","format-standard","hentry","category-comunicate-de-presa","category-economie-sociala"],"_links":{"self":[{"href":"https:\/\/www.anofm.ro\/hunedoara\/wp-json\/wp\/v2\/posts\/4863","targetHints":{"allow":["GET"]}}],"collection":[{"href":"https:\/\/www.anofm.ro\/hunedoara\/wp-json\/wp\/v2\/posts"}],"about":[{"href":"https:\/\/www.anofm.ro\/hunedoara\/wp-json\/wp\/v2\/types\/post"}],"replies":[{"embeddable":true,"href":"https:\/\/www.anofm.ro\/hunedoara\/wp-json\/wp\/v2\/comments?post=4863"}],"version-history":[{"count":1,"href":"https:\/\/www.anofm.ro\/hunedoara\/wp-json\/wp\/v2\/posts\/4863\/revisions"}],"predecessor-version":[{"id":6095,"href":"https:\/\/www.anofm.ro\/hunedoara\/wp-json\/wp\/v2\/posts\/4863\/revisions\/6095"}],"wp:attachment":[{"href":"https:\/\/www.anofm.ro\/hunedoara\/wp-json\/wp\/v2\/media?parent=4863"}],"wp:term":[{"taxonomy":"category","embeddable":true,"href":"https:\/\/www.anofm.ro\/hunedoara\/wp-json\/wp\/v2\/categories?post=4863"},{"taxonomy":"post_tag","embeddable":true,"href":"https:\/\/www.anofm.ro\/hunedoara\/wp-json\/wp\/v2\/tags?post=4863"}],"curies":[{"name":"wp","href":"https:\/\/api.w.org\/{rel}","templated":true}]}}