{"id":4862,"date":"2024-05-21T00:00:00","date_gmt":"2024-05-20T21:00:00","guid":{"rendered":"https:\/\/www.anofm.ro\/hunedoara\/luna-mai-luna-economiei-sociale-3\/"},"modified":"2025-02-21T10:00:01","modified_gmt":"2025-02-21T08:00:01","slug":"luna-mai-luna-economiei-sociale-3","status":"publish","type":"post","link":"https:\/\/www.anofm.ro\/hunedoara\/luna-mai-luna-economiei-sociale-3\/","title":{"rendered":"LUNA MAI \u2013 LUNA ECONOMIEI SOCIALE"},"content":{"rendered":"<p class=\"MsoNormal\" align=\"center\" style=\"margin-top:6.0pt;margin-right:-16.75pt;margin-bottom:0in;margin-left:0in;text-align:center\"><b><span style=\"font-size:12.0pt;line-height:115%\">COMUNICAT DE PRES\u0102<\/span><\/b><\/p>\n<p class=\"MsoNormal\" align=\"center\" style=\"margin-top:6.0pt;margin-right:-16.75pt;margin-bottom:0in;margin-left:0in;text-align:center\"><b><span style=\"font-size:12.0pt;line-height:115%\">\u00a0LUNA MAI \u2013 LUNA ECONOMIEI SOCIALE<\/span><\/b><\/p>\n<p class=\"MsoNormal\" style=\"margin-top:6.0pt;margin-right:-16.75pt;margin-bottom:0in;margin-left:0in\"><b><span style=\"font-size:12.0pt;line-height:115%\">\u00a0<\/span><\/b><span style=\"font-size:12.0pt;line-height:115%\">Luna mai<\/span><span style=\"font-size:12.0pt;line-height:115%\"> este <u>luna promov\u0103rii economiei sociale<\/u> \u015fi este dedicat\u0103<br \/>\norganiz\u0103rii unor evenimente \u0219i ac\u0163iuni de con\u0219tientizare a importan\u021bei<br \/>\ndezvolt\u0103rii acestui sector pentru \u00eentreaga societate.<\/span><span style=\"font-size:12.0pt;line-height:115%\"><\/span><\/p>\n<p class=\"MsoNormal\" style=\"margin-top:6.0pt;margin-right:0in;margin-bottom:6.0pt;margin-left:0in\"><i><span style=\"font-size:12.0pt;line-height:115%\">Economia social\u0103<br \/>\nreprezint\u0103 ansamblul activit\u0103\u0163ilor private cu caracter economic \u015fi social,<br \/>\nservind interesul general, interesele unei colectivit\u0103\u0163i \u015fi\/sau interesele<br \/>\npersonale nepatrimoniale, prin cre\u015fterea incluziunii sociale \u015fi\/sau furnizarea<br \/>\nde bunuri, prestarea de servicii \u015fi\/sau execu\u0163ia de lucr\u0103ri.<\/span><\/i><\/p>\n<p style=\"margin-top:6.0pt;margin-right:0in;margin-bottom:6.0pt;margin-left:0in;text-align:justify;line-height:115%\"><i><span style=\"font-family:\">Economia social\u0103 are la baz\u0103<br \/>\nini\u0163iativa privat\u0103, voluntar\u0103 \u015fi solidar\u0103, cu un grad ridicat de autonomie \u015fi<br \/>\nresponsabilitate, precum \u015fi distribuirea limitat\u0103 a profitului sau<br \/>\nexcedentului, dup\u0103 caz, c\u0103tre asocia\u0163i sau membri.<\/span><\/i><\/p>\n<p class=\"MsoNormal\" style=\"margin-top:6.0pt;margin-right:0in;margin-bottom:6.0pt;margin-left:0in\"><span style=\"font-size:12.0pt;line-height:115%\">Domeniul economiei sociale, stabilirea m\u0103surilor de promovare \u015fi<br \/>\nde sprijinire a economiei sociale, precum \u0219i condi\u0163iile de atestare a<br \/>\n\u00eentreprinderilor sociale \u015fi de certificare a \u00eentreprinderilor sociale de<br \/>\ninser\u0163ie sunt reglementate de Legea nr. 219\/2015 privind economia social\u0103, cu<br \/>\nmodific\u0103rile \u0219i complet\u0103rile ulterioare.<\/span><\/p>\n<p class=\"MsoNormal\" style=\"margin-top:6.0pt;margin-right:0in;margin-bottom:6.0pt;margin-left:0in\"><span style=\"font-size:12.0pt;line-height:115%\">Contribuind la dezvoltarea comunit\u0103\u0163ilor locale, economia social\u0103<br \/>\nare ca obiective consolidarea coeziunii economice \u015fi sociale, ocuparea for\u0163ei<br \/>\nde munc\u0103 \u0219i dezvoltarea serviciilor sociale.<\/span><\/p>\n<p class=\"MsoNormal\" style=\"margin-top:6.0pt;margin-right:0in;margin-bottom:6.0pt;margin-left:0in\"><span style=\"font-size:12.0pt;line-height:115%\">Pentru \u00eendeplinirea acestor obiective, entit\u0103\u021bile economiei<br \/>\nsociale desf\u0103\u0219oar\u0103, \u00een principal, urm\u0103toarele activit\u0103\u021bi de interes general: <\/span><\/p>\n<p class=\"MsoListParagraphCxSpFirst\" style=\"margin-top:6.0pt;margin-right:0in;margin-bottom:6.0pt;margin-left:.5in;text-align:justify;text-indent:-.25in\"><span style=\"font-size:12.0pt;line-height:115%;font-family:\"><span>&#8211;<span style=\"font:7.0pt\">\u00a0\u00a0\u00a0\u00a0\u00a0<br \/>\n<\/span><\/span><\/span><span style=\"font-size:12.0pt;line-height:115%;font-family:\">producerea de bunuri, prestarea de servicii \u0219i\/sau execu\u021bia de<br \/>\nlucr\u0103ri care contribuie la bun\u0103starea comunit\u0103\u021bii sau a membrilor acesteia; <\/span><span style=\"font-size:14.0pt;line-height:115%;font-family:\"><\/span><\/p>\n<p class=\"MsoListParagraphCxSpMiddle\" style=\"margin-top:6.0pt;margin-right:0in;margin-bottom:6.0pt;margin-left:.5in;text-align:justify;text-indent:-.25in\"><span style=\"font-size:12.0pt;line-height:115%;font-family:\"><span>&#8211;<span style=\"font:7.0pt\">\u00a0\u00a0\u00a0\u00a0\u00a0<br \/>\n<\/span><\/span><\/span><span style=\"font-size:12.0pt;line-height:115%;font-family:\">promovarea cu prioritate a unor activit\u0103\u021bi care pot genera sau<br \/>\nasigura locuri de munc\u0103 pentru \u00eencadrarea persoanelor apar\u021bin\u00e2nd grupului<br \/>\nvulnerabil; <\/span><span style=\"font-size:14.0pt;line-height:115%;font-family:\"><\/span><\/p>\n<p class=\"MsoListParagraphCxSpMiddle\" style=\"margin-top:6.0pt;margin-right:0in;margin-bottom:6.0pt;margin-left:.5in;text-align:justify;text-indent:-.25in\"><span style=\"font-size:12.0pt;line-height:115%;font-family:\"><span>&#8211;<span style=\"font:7.0pt\">\u00a0\u00a0\u00a0\u00a0\u00a0<br \/>\n<\/span><\/span><\/span><span style=\"font-size:12.0pt;line-height:115%;font-family:\">dezvoltarea unor programe de formare profesional\u0103 dedicate<br \/>\npersoanelor din grupul vulnerabil; <\/span><span style=\"font-size:14.0pt;line-height:115%;font-family:\"><\/span><\/p>\n<p class=\"MsoListParagraphCxSpLast\" style=\"margin-top:6.0pt;margin-right:0in;margin-bottom:6.0pt;margin-left:.5in;text-align:justify;text-indent:-.25in\"><span style=\"font-size:12.0pt;line-height:115%;font-family:\"><span>&#8211;<span style=\"font:7.0pt\">\u00a0\u00a0\u00a0\u00a0\u00a0<br \/>\n<\/span><\/span><\/span><span style=\"font-size:12.0pt;line-height:115%;font-family:\">dezvoltarea serviciilor sociale pentru cre\u0219terea capacit\u0103\u021bii de<br \/>\ninser\u021bie pe pia\u021ba muncii a persoanelor din grupul vulnerabil.<\/span><span style=\"font-size:14.0pt;line-height:115%;font-family:\"><\/span><\/p>\n<p class=\"MsoNormal\" style=\"margin-top:6.0pt;margin-right:-16.75pt;margin-bottom:6.0pt;margin-left:0in;background:white\"><span style=\"font-size:12.0pt;line-height:115%\">Principiile pe care se bazeaz\u0103 economia<br \/>\nsocial\u0103 sunt:<\/span><span style=\"font-size:12.0pt;line-height:115%\"><\/span><\/p>\n<p class=\"MsoListParagraph\" style=\"margin-top:6.0pt;margin-right:.55pt;margin-bottom:6.0pt;margin-left:.5in;text-align:justify;text-indent:-.25in;background:white\"><span style=\"font-size:12.0pt;line-height:115%;font-family:\"><span>\u2013<span style=\"font:7.0pt\">\u00a0\u00a0\u00a0\u00a0\u00a0<br \/>\n<\/span><\/span><\/span><span style=\"font-size:12.0pt;line-height:115%;font-family:\">prioritate<br \/>\nacordat\u0103 individului \u0219i obiectivelor sociale fa\u021b\u0103 de cre\u0219terea profitului;<\/span><span style=\"font-size:12.0pt;line-height:115%;font-family:\"><\/span><\/p>\n<p class=\"MsoListParagraph\" style=\"margin-top:6.0pt;margin-right:.55pt;margin-bottom:6.0pt;margin-left:.5in;text-align:justify;text-indent:-.25in\"><span style=\"font-size:12.0pt;line-height:115%;font-family:\"><span>&#8211;<span style=\"font:7.0pt\">\u00a0\u00a0\u00a0\u00a0\u00a0<br \/>\n<\/span><\/span><\/span><span style=\"font-size:12.0pt;line-height:115%;font-family:\">solidaritate \u0219i responsabilitate colectiv\u0103;<\/span><\/p>\n<p class=\"MsoListParagraph\" style=\"margin-top:6.0pt;margin-right:.55pt;margin-bottom:6.0pt;margin-left:.5in;text-align:justify;text-indent:-.25in\"><span style=\"font-size:12.0pt;line-height:115%;font-family:\"><span>&#8211;<span style=\"font:7.0pt\">\u00a0\u00a0\u00a0\u00a0\u00a0<br \/>\n<\/span><\/span><\/span><span style=\"font-size:12.0pt;line-height:115%;font-family:\">convergen\u021ba dintre interesele membrilor asocia\u021bi \u0219i<br \/>\ninteresul general \u0219i\/sau interesele unei colectivit\u0103\u021bi;<\/span><\/p>\n<p class=\"MsoListParagraph\" style=\"margin-top:6.0pt;margin-right:.55pt;margin-bottom:6.0pt;margin-left:.5in;text-align:justify;text-indent:-.25in\"><span style=\"font-size:12.0pt;line-height:115%;font-family:\"><span>&#8211;<span style=\"font:7.0pt\">\u00a0\u00a0\u00a0\u00a0\u00a0<br \/>\n<\/span><\/span><\/span><span style=\"font-size:12.0pt;line-height:115%;font-family:\">control democratic al membrilor, exercitat asupra<br \/>\nactivit\u0103\u021bilor desf\u0103\u0219urate;<\/span><\/p>\n<p class=\"MsoListParagraph\" style=\"margin-top:6.0pt;margin-right:.55pt;margin-bottom:6.0pt;margin-left:.5in;text-align:justify;text-indent:-.25in\"><span style=\"font-size:12.0pt;line-height:115%;font-family:\"><span>&#8211;<span style=\"font:7.0pt\">\u00a0\u00a0\u00a0\u00a0\u00a0<br \/>\n<\/span><\/span><\/span><span style=\"font-size:12.0pt;line-height:115%;font-family:\">caracter voluntar \u0219i liber al asocierii \u00een formele<br \/>\nde organizare specifice domeniului economiei sociale;<\/span><\/p>\n<p class=\"MsoListParagraph\" style=\"margin-top:6.0pt;margin-right:.55pt;margin-bottom:6.0pt;margin-left:.5in;text-align:justify;text-indent:-.25in\"><span style=\"font-size:12.0pt;line-height:115%;font-family:\"><span>&#8211;<span style=\"font:7.0pt\">\u00a0\u00a0\u00a0\u00a0\u00a0<br \/>\n<\/span><\/span><\/span><span style=\"font-size:12.0pt;line-height:115%;font-family:\">personalitate juridic\u0103 distinct\u0103, autonomie de<br \/>\ngestiune \u0219i independent\u0103 fa\u021b\u0103 de autorit\u0103\u021bile publice;<\/span><\/p>\n<p class=\"MsoListParagraph\" style=\"margin-top:6.0pt;margin-right:.55pt;margin-bottom:6.0pt;margin-left:.5in;text-align:justify;text-indent:-.25in\"><span style=\"font-size:12.0pt;line-height:115%;font-family:\"><span>&#8211;<span style=\"font:7.0pt\">\u00a0\u00a0\u00a0\u00a0\u00a0<br \/>\n<\/span><\/span><\/span><span style=\"font-size:12.0pt;line-height:115%;font-family:\">alocarea celei mai mari p\u0103r\u021bi a<br \/>\nprofitului\/excedentului financiar pentru atingerea obiectivelor de interes<br \/>\ngeneral, ale unei colectiv\u0103\u021bi sau \u00een interesul personal nepatrimonial al<br \/>\nmembrilor;<\/span> <span style=\"font-size:12.0pt;line-height:115%;font-family:\"><\/span><\/p>\n<p class=\"MsoListParagraph\" style=\"margin-top:6.0pt;margin-right:.55pt;margin-bottom:6.0pt;margin-left:.5in;text-align:justify;text-indent:-.25in\"><span style=\"font-size:12.0pt;line-height:115%;font-family:\"><span>&#8211;<span style=\"font:7.0pt\">\u00a0\u00a0\u00a0\u00a0\u00a0<br \/>\n<\/span><\/span><\/span><span style=\"font-size:12.0pt;line-height:115%;font-family:\">proces decizional transparent si responsabil in<br \/>\ninteresul colectivitatii pe care o deserveste.<\/span><\/p>\n<p class=\"MsoNormal\" style=\"margin-top:6.0pt;margin-right:0in;margin-bottom:6.0pt;margin-left:0in\"><span style=\"font-size:12.0pt;line-height:115%\">Atestarea \u00eentreprinderilor sociale \u0219i certificarea<br \/>\n\u00eentreprinderilor sociale de inser\u021bie sunt gratuite \u0219i se realizeaz\u0103, de c\u0103tre<br \/>\nAgen\u021bia Na\u021bional\u0103 pentru Ocuparea For\u021bei de Munc\u0103 prin agen\u021biile jude\u021bene,<br \/>\nrespectiv Agen\u021bia Municipal\u0103 pentru Ocuparea For\u021bei de Munc\u0103 Bucure\u0219ti. <\/span><\/p>\n<p class=\"MsoNormal\" style=\"margin-top:6.0pt;margin-right:0in;margin-bottom:6.0pt;margin-left:0in\"><span style=\"font-size:12.0pt;line-height:115%;color:black\">Compartimentele de economie social\u0103 din cadrul<br \/>\nagen\u021biilor teritoriale informeaz\u0103 \u015fi acord\u0103 sprijin metodologic pentru<br \/>\nderularea procedurii de atestare\/ certificare a \u00eentreprinderilor sociale\/<br \/>\n\u00eentreprinderilor sociale de inser\u0163ie, precum \u015fi pentru desf\u0103\u015furarea activit\u0103\u0163ii<br \/>\nacestora \u00een raport cu drepturile \u015fi obliga\u0163iile acestora \u00een calitate de<br \/>\n\u00eentreprinderi sociale\/ \u00eentreprinderi sociale de inser\u0163ie.<\/span><\/p>\n<p class=\"MsoNormal\" style=\"margin-top:6.0pt;margin-right:0in;margin-bottom:6.0pt;margin-left:0in\"><span style=\"font-size:12.0pt;line-height:115%;color:black\">\u00centreprinderile sociale \u015fi \u00eentreprinderile sociale de<br \/>\ninser\u0163ie beneficiaz\u0103 de gratuitate pentru emiterea atestatului sau\/\u0219i a m\u0103rcii<br \/>\nsociale, precum \u015fi \u00eenregistrarea \u00een Registrul unic de<span>\u00a0 <\/span>eviden\u0163\u0103 a \u00eentreprinderilor sociale (RUEIS). <\/span><\/p>\n<p class=\"MsoNormal\" align=\"center\" style=\"margin-top:6.0pt;margin-right:0in;margin-bottom:6.0pt;margin-left:0in;text-align:center\"><span style=\"font-size:12.0pt;line-height:115%\">\u00a0<\/span><\/p>\n<p class=\"MsoNormal\" align=\"center\" style=\"margin-top:6.0pt;margin-right:0in;margin-bottom:6.0pt;margin-left:0in;text-align:center\"><span style=\"font-size:12.0pt;line-height:115%\">Agentia<br \/>\nJudeteana pentru Ocuparea Fortei de Munca Hunedoara<\/span><\/p>\n<div class=\"file-list-wrap\">\n<ul class=\"file-list\">\n<li><a href=\"\/upload2\/Hunedoara\/29748\/economie_sociala_-comunicat_-_BAZA_-_1.pdf\" download>economie_sociala_-comunicat_-_BAZA_-_1.pdf<\/a><\/li>\n<\/ul>\n<\/div>\n","protected":false},"excerpt":{"rendered":"<p> LUNA MAI \u2013 LUNA ECONOMIEI SOCIALE<\/p>\n","protected":false},"author":0,"featured_media":0,"comment_status":"closed","ping_status":"closed","sticky":false,"template":"","format":"standard","meta":{"footnotes":""},"categories":[9,12],"tags":[],"class_list":["post-4862","post","type-post","status-publish","format-standard","hentry","category-comunicate-de-presa","category-economie-sociala"],"_links":{"self":[{"href":"https:\/\/www.anofm.ro\/hunedoara\/wp-json\/wp\/v2\/posts\/4862","targetHints":{"allow":["GET"]}}],"collection":[{"href":"https:\/\/www.anofm.ro\/hunedoara\/wp-json\/wp\/v2\/posts"}],"about":[{"href":"https:\/\/www.anofm.ro\/hunedoara\/wp-json\/wp\/v2\/types\/post"}],"replies":[{"embeddable":true,"href":"https:\/\/www.anofm.ro\/hunedoara\/wp-json\/wp\/v2\/comments?post=4862"}],"version-history":[{"count":1,"href":"https:\/\/www.anofm.ro\/hunedoara\/wp-json\/wp\/v2\/posts\/4862\/revisions"}],"predecessor-version":[{"id":6094,"href":"https:\/\/www.anofm.ro\/hunedoara\/wp-json\/wp\/v2\/posts\/4862\/revisions\/6094"}],"wp:attachment":[{"href":"https:\/\/www.anofm.ro\/hunedoara\/wp-json\/wp\/v2\/media?parent=4862"}],"wp:term":[{"taxonomy":"category","embeddable":true,"href":"https:\/\/www.anofm.ro\/hunedoara\/wp-json\/wp\/v2\/categories?post=4862"},{"taxonomy":"post_tag","embeddable":true,"href":"https:\/\/www.anofm.ro\/hunedoara\/wp-json\/wp\/v2\/tags?post=4862"}],"curies":[{"name":"wp","href":"https:\/\/api.w.org\/{rel}","templated":true}]}}