{"id":444,"date":"2023-11-23T00:00:00","date_gmt":"2023-11-22T22:00:00","guid":{"rendered":"https:\/\/www.anofm.ro\/hunedoara\/siconet-servicii-integrate-calificare-si-ocupare-pentru-tinerii-neets-pocu-909-2-4-150192-rezultate-finale\/"},"modified":"2023-11-23T00:00:00","modified_gmt":"2023-11-22T22:00:00","slug":"siconet-servicii-integrate-calificare-si-ocupare-pentru-tinerii-neets-pocu-909-2-4-150192-rezultate-finale","status":"publish","type":"post","link":"https:\/\/www.anofm.ro\/hunedoara\/siconet-servicii-integrate-calificare-si-ocupare-pentru-tinerii-neets-pocu-909-2-4-150192-rezultate-finale\/","title":{"rendered":"\u201eSICONET \u2013 Servicii Integrate, Calificare \u015fi Ocupare, pentru tinerii NEETs\u201d POCU\/909\/2\/4\/150192 &#8211; Rezultate finale"},"content":{"rendered":"<p class=\"MsoNormal\" align=\"center\" style=\"text-align:center;line-height:150%\"><b><span style=\"font-size:11.0pt;line-height:150%;font-family:\">\u201eSICONET \u2013 Servicii Integrate, Calificare \u015fi<br \/>\nOcupare, pentru tinerii NEETs\u201d<\/span><\/b><\/p>\n<p class=\"MsoNormal\" align=\"center\" style=\"text-align:center\"><b><span style=\"font-size:11.0pt;font-family:\">POCU\/909\/2\/4\/150192<\/span><\/b><\/p>\n<p class=\"MsoNormal\" align=\"center\" style=\"text-align:center;line-height:150%\"><b><span style=\"font-size:11.0pt;line-height:150%;font-family:\">\u00a0<\/span><\/b><\/p>\n<p class=\"MsoNormal\" align=\"center\" style=\"text-align:center;line-height:150%\"><b><span style=\"font-size:11.0pt;line-height:150%;font-family:\">Rezultate finale<\/span><\/b><\/p>\n<p class=\"MsoNormal\" style=\"text-align:justify;text-indent:35.4pt\"><span style=\"font-size:11.0pt;font-family:\">\u00a0<\/span><\/p>\n<p class=\"MsoNormal\" style=\"text-align:justify;line-height:115%\"><span style=\"font-size:11.0pt;line-height:115%;font-family:\">\u00cen<br \/>\nperioada 22 septembrie 2021 \u2013 21 noiembrie 2023, Agen\u0163ia Jude\u0163ean\u0103 pentru<br \/>\nOcuparea For\u0163ei de Munc\u0103 Hunedoara, \u00een calitate de beneficiar, \u00een parteneriat<br \/>\ncu Agen\u0163ia Jude\u0163eana pentru Ocuparea For\u0163ei de Munc\u0103 Bihor, INTERLOG COM SRL \u015fi<br \/>\n<\/span><span style=\"font-size:11.0pt;line-height:115%;font-family:\">CORPORACTIVE CONSULTING SRL<\/span><span style=\"font-size:11.0pt;line-height:115%;font-family:\">,<br \/>\na implementat proiectul \u201eSICONET \u2013 Servicii Integrate, Calificare \u015fi Ocupare,<br \/>\npentru tinerii NEETs\u201d &#8211; POCU\/909\/2\/4\/150192.<\/span><\/p>\n<p class=\"MsoNormal\" style=\"text-align:justify;line-height:115%\"><span style=\"font-size:11.0pt;line-height:115%;font-family:\">Obiectivul<br \/>\ngeneral al proiectului: <i>furnizarea m\u0103surilor<br \/>\npentru stimularea ocup\u0103rii for\u0163ei de munc\u0103, \u00een conformitate cu prevederile<br \/>\nLegii 76\/2002, acordate pentru 1051 <span style=\"color:black\">tineri NEETs<br \/>\n\u0219omeri cu v\u00e2rsta \u00eentre 16 &#8211; 29 ani, \u00eenregistra\u021bi la Serviciul Public de<br \/>\nOcupare, cu reziden\u021ba \u00een Regiunea Vest \u015fi Regiunea Nord-Vest, <\/span>\u00een scopul \u00ee<span style=\"color:black\">mbun\u0103t\u0103\u021birii nivelului de competen\u021be, inclusiv prin<br \/>\nevaluarea \u0219i certificarea competen\u021belor dob\u00e2ndite \u00een sistem non-formal \u015fi informal,<br \/>\n\u015fi asigurarea suportului necesar pentru cre\u0219terea ocup\u0103rii tinerilor NEETs,<br \/>\ndemers concretizat \u00een ob\u0163inerea unui certificat de calificare de c\u0103tre cel pu\u0163in<br \/>\n780 tinerilor NEETs, precum \u015fi angajarea a minim 469 tineri NEETs, <\/span>interven\u0163ie<br \/>\nderulat\u0103 \u00een <span style=\"color:black\">Regiunea Vest \u015fi Regiunea Nord-Vest,<\/span><br \/>\nmaterializat\u0103 pe parcursul a 24 luni.<\/i><\/span><\/p>\n<p class=\"MsoNormal\" style=\"text-align:justify;line-height:115%\"><span style=\"font-size:11.0pt;line-height:115%;font-family:\">Beneficiarii<br \/>\nacestui proiect sunt <span style=\"color:black\">tinerii NEETs \u0219omeri, cu v\u00e2rsta<br \/>\n\u00eentre 16-29 ani, cu domiciliul sau re\u0219edin\u021ba \u00een regiunile de dezvoltare Vest \u015fi<br \/>\nNord-Vest, \u00eenregistra\u021bi \u0219i profila\u021bi \u00een prealabil de <\/span>Agen\u0163iile Jude\u0163ene<br \/>\npentru Ocuparea For\u0163ei de Munc\u0103<span style=\"color:black\"> din cele 2 regiuni de<br \/>\ndezvoltare. <\/span><\/span><\/p>\n<p class=\"MsoNormal\" style=\"line-height:115%\"><u><span style=\"font-size:11.0pt;line-height:115%;font-family:\">Rezultatele<br \/>\nobtinute:<\/span><\/u><\/p>\n<p class=\"Default\" style=\"margin-left:.5in;text-align:justify;text-indent:-.25in;line-height:115%\"><span style=\"font-size:11.0pt;line-height:115%\"><span>1.<span style=\"font:7.0pt\">\u00a0\u00a0\u00a0 <\/span><\/span><\/span><span style=\"font-size:11.0pt;line-height:115%;color:windowtext\">Campania de promovare a serviciilor furnizate de SPO:<\/span><\/p>\n<p class=\"MsoListParagraphCxSpFirst\" style=\"margin-bottom:0in;text-align:justify;text-indent:-.25in\"><span style=\"font-family:Wingdings\"><span>\u00fc<span style=\"font:7.0pt\">\u00a0<br \/>\n<\/span><\/span><\/span><span style=\"font-family:\">Au fost informate<br \/>\n11.021 persoane (activitate de teren) <\/span><span style=\"font-family:\"><\/span><\/p>\n<p class=\"MsoListParagraphCxSpMiddle\" style=\"margin-bottom:0in;text-align:justify;text-indent:-.25in\"><span style=\"font-family:Wingdings\"><span>\u00fc<span style=\"font:7.0pt\">\u00a0<br \/>\n<\/span><\/span><\/span><span style=\"font-family:\">Au fost informate<br \/>\ntelefonic 1.192 persoane \u2013 tineri Neet\u2019s din baza de date a SPO<\/span><span style=\"font-family:\"><\/span><\/p>\n<p class=\"MsoListParagraphCxSpMiddle\" style=\"margin-bottom:0in;text-align:justify;text-indent:-.25in\"><span style=\"font-family:Wingdings\"><span>\u00fc<span style=\"font:7.0pt\">\u00a0<br \/>\n<\/span><\/span><\/span><span style=\"font-family:\">Au fost realizate<br \/>\n3.177 recomand\u0103ri de profilare.<\/span><\/p>\n<p class=\"MsoListParagraphCxSpMiddle\" style=\"margin-bottom:0in;text-align:justify;text-indent:-.25in\"><span style=\"font-family:Wingdings\"><span>\u00fc<span style=\"font:7.0pt\">\u00a0<br \/>\n<\/span><\/span><\/span><span style=\"font-family:\">Au fost realizate<br \/>\n2.748 vizite in Unit\u0103\u021bile Administrativ Teritoriale vizate de campania de<br \/>\ninformare (un numar mediu de 20 vizite\/ UAT din cele 2 judete \u2013 Hunedoara si<br \/>\nBihor)<\/span><\/p>\n<p class=\"MsoListParagraphCxSpLast\" style=\"margin-bottom:0in;text-align:justify;text-indent:-.25in\"><span style=\"font-family:Wingdings\"><span>\u00fc<span style=\"font:7.0pt\">\u00a0<br \/>\n<\/span><\/span><\/span><span style=\"font-family:\">Consilierea UAT \u201eEgalitate de sanse\u201d: 81 UAT<br \/>\nvizitate in scopul consilierii<\/span><span style=\"font-family:\"> privitor la<br \/>\negalitatea de \u0219anse pe pia\u021ba for\u021bei de munc\u0103: <\/span><\/p>\n<p class=\"MsoNormal\" style=\"text-align:justify;line-height:115%\"><b><span style=\"font-size:11.0pt;line-height:115%;font-family:\">\u00a0<\/span><\/b><\/p>\n<p class=\"MsoListParagraph\" style=\"text-align:justify;text-indent:-.25in\"><span style=\"font-family:\"><span>2.<span style=\"font:7.0pt\">\u00a0\u00a0\u00a0 <\/span><\/span><\/span><span style=\"font-family:\">Workshopuri<br \/>\n\u2013 EGALITATE DE SANSE: 8 evenimente \u2013 214 participanti<\/span><\/p>\n<p class=\"Default\" style=\"margin-left:.5in;text-align:justify;text-indent:-.25in;line-height:115%\"><span style=\"font-size:11.0pt;line-height:115%\"><span>3.<span style=\"font:7.0pt\">\u00a0\u00a0\u00a0 <\/span><\/span><\/span><span style=\"font-size:11.0pt;line-height:115%;color:windowtext\">Identificarea si inregistrarea in grupul tinta a tinerilor<br \/>\nNEETs<\/span><\/p>\n<p class=\"Default\" style=\"text-align:justify;line-height:115%\"><span style=\"font-size:11.0pt;line-height:115%;color:windowtext\">Au fost inregistrati in Grupul Tinta un numar de 1.698<br \/>\ntineri NEETs<\/span><\/p>\n<p class=\"Default\" style=\"margin-left:.75in;text-align:justify;text-indent:-.25in;line-height:115%\"><span style=\"font-size:11.0pt;line-height:115%;font-family:Wingdings;color:windowtext\"><span>\u00fc<span style=\"font:7.0pt\">\u00a0<br \/>\n<\/span><\/span><\/span><span style=\"font-size:11.0pt;line-height:115%;color:windowtext\">781 barbati (46%)<\/span><\/p>\n<p class=\"Default\" style=\"margin-left:.75in;text-align:justify;text-indent:-.25in;line-height:115%\"><span style=\"font-size:11.0pt;line-height:115%;font-family:Wingdings;color:windowtext\"><span>\u00fc<span style=\"font:7.0pt\">\u00a0<br \/>\n<\/span><\/span><\/span><span style=\"font-size:11.0pt;line-height:115%;color:windowtext\">917 femei (54%)<\/span><\/p>\n<p class=\"Default\" style=\"text-align:justify;line-height:115%\"><span style=\"font-size:11.0pt;line-height:115%;color:windowtext\">Din totalul tinerilor NEETs inregistrati:<\/span><\/p>\n<p class=\"Default\" style=\"margin-left:.75in;text-align:justify;text-indent:-.25in;line-height:115%\"><span style=\"font-size:11.0pt;line-height:115%;font-family:Wingdings;color:windowtext\"><span>\u00fc<span style=\"font:7.0pt\">\u00a0<br \/>\n<\/span><\/span><\/span><span style=\"font-size:11.0pt;line-height:115%;color:windowtext\">Cetateni romani de<br \/>\netnie roma: 339 tineri NEETs (20%)<\/span><\/p>\n<p class=\"Default\" style=\"margin-left:.75in;text-align:justify;text-indent:-.25in;line-height:115%\"><span style=\"font-size:11.0pt;line-height:115%;font-family:Wingdings;color:windowtext\"><span>\u00fc<span style=\"font:7.0pt\">\u00a0<br \/>\n<\/span><\/span><\/span><span style=\"font-size:11.0pt;line-height:115%;color:windowtext\">Din mediul rural: 1.069<br \/>\ntineri NEETs (63%)<\/span><\/p>\n<p class=\"MsoNormal\" style=\"line-height:115%\"><span style=\"font-size:11.0pt;line-height:115%;font-family:\">\u00a0<\/span><\/p>\n<p class=\"Default\" style=\"text-align:justify;line-height:115%\"><span style=\"font-size:11.0pt;line-height:115%;color:windowtext\">4. Furnizarea serviciilor de medierea muncii<\/span><\/p>\n<p class=\"Default\" style=\"text-align:justify;line-height:115%\"><span style=\"font-size:11.0pt;line-height:115%;color:windowtext\">1.698 tineri au beneficiat de servicii de medierea muncii<\/span><\/p>\n<p class=\"Default\" style=\"text-align:justify;line-height:115%\"><span style=\"font-size:11.0pt;line-height:115%;color:windowtext\">In urma furnizarii serviciilor de medierea muncii au fost<br \/>\nincadrati in munca 486 tineri, din care:<\/span><\/p>\n<p class=\"Default\" style=\"margin-left:.5in;text-align:justify;text-indent:-.25in;line-height:115%\"><span style=\"font-size:11.0pt;line-height:115%\"><span>&#8211;<span style=\"font:7.0pt\">\u00a0\u00a0\u00a0\u00a0\u00a0\u00a0<br \/>\n<\/span><\/span><\/span><span style=\"font-size:11.0pt;line-height:115%;color:windowtext\">Cetateni romani de<br \/>\netnie roma: 50 tineri NEETs <\/span><\/p>\n<p class=\"Default\" style=\"margin-left:.5in;text-align:justify;text-indent:-.25in;line-height:115%\"><span style=\"font-size:11.0pt;line-height:115%\"><span>&#8211;<span style=\"font:7.0pt\">\u00a0\u00a0\u00a0\u00a0\u00a0\u00a0<br \/>\n<\/span><\/span><\/span><span style=\"font-size:11.0pt;line-height:115%;color:windowtext\">Din mediul rural: 268<br \/>\ntineri NEETs<\/span><\/p>\n<p class=\"Default\" style=\"text-align:justify;line-height:115%\"><span lang=\"EN-US\" style=\"font-size:11.0pt;line-height:115%\">Bursa Locurilor de Munca: 8 evenimente<br \/>\norganizate pentru <\/span><span style=\"font-size:11.0pt;line-height:115%;color:windowtext\">tinerii NEETs<\/span><\/p>\n<p class=\"MsoNormal\" style=\"text-align:justify;line-height:115%\"><span style=\"font-size:11.0pt;line-height:115%;font-family:\">\u00a0<\/span><\/p>\n<p class=\"Default\" style=\"text-align:justify;line-height:115%\"><span style=\"font-size:11.0pt;line-height:115%;color:windowtext\">5. Furnizarea serviciilor de formare profesionala<\/span><\/p>\n<p class=\"Default\" style=\"text-align:justify;line-height:115%\"><span style=\"font-size:11.0pt;line-height:115%;color:windowtext\">Programe de formare profesionala \u2013 CALIFICARE \u2013 840 tineri<br \/>\nNEETs inscrisi in 57 grupe de curs, din care:<\/span><\/p>\n<p class=\"Default\" style=\"text-align:justify;line-height:115%\"><span style=\"font-size:11.0pt;line-height:115%;color:windowtext\">Absolventi: 799 tineri NEETs au finalizat cursurile de<br \/>\ncalificare <\/span><\/p>\n<p class=\"Default\" style=\"text-align:justify;line-height:115%\"><span style=\"font-size:11.0pt;line-height:115%;color:windowtext\">Programele de formare profesionala furnizate: <i>Brutar<br \/>\npatiser preparator produse fanoase; Manichiurist; Lucrator in comert; Agent de<br \/>\nsecuritate; Bucatar; Instalator instalatii de incalzire centrala; Lucrator<br \/>\ninstalator in constructii; Lucrator comercial; Operator CNC; Tamplar;<br \/>\nCamerista; Ingrijitor batrani la domiciliu; Tinichigiu-carosier<\/i>.<\/span><\/p>\n<p class=\"MsoNormal\" style=\"text-align:justify;line-height:115%\"><span style=\"font-size:11.0pt;line-height:115%;font-family:\">\u00a0<\/span><\/p>\n<p class=\"Default\" style=\"text-align:justify;line-height:115%\"><span style=\"font-size:11.0pt;line-height:115%;color:windowtext\">Programe de formare profesionala \u2013 COMPETENTE:<\/span><\/p>\n<p class=\"Default\" style=\"margin-left:.5in;text-align:justify;text-indent:-.25in;line-height:115%\"><span style=\"font-size:11.0pt;line-height:115%\"><span>&#8211;<span style=\"font:7.0pt\">\u00a0\u00a0\u00a0\u00a0\u00a0\u00a0<br \/>\n<\/span><\/span><\/span><span style=\"font-size:11.0pt;line-height:115%;color:windowtext\">358 tineri NEETs au<br \/>\nfost inscrisi la cursul de Competente sociale si civice \u2013 355 absolventi<\/span><\/p>\n<p class=\"Default\" style=\"margin-left:.5in;text-align:justify;text-indent:-.25in;line-height:115%\"><span style=\"font-size:11.0pt;line-height:115%\"><span>&#8211;<span style=\"font:7.0pt\">\u00a0\u00a0\u00a0\u00a0\u00a0\u00a0<br \/>\n<\/span><\/span><\/span><span style=\"font-size:11.0pt;line-height:115%;color:windowtext\">448 tineri NEETs au<br \/>\nfost inscrisi la cursul de Competente digitale \u2013 416 absolventi<\/span><\/p>\n<p class=\"Default\" style=\"text-align:justify;text-indent:.25in;line-height:115%\"><span style=\"font-size:11.0pt;line-height:115%;color:windowtext\">Total = 806 Cursanti \u2013 771 Absolventi<\/span><\/p>\n<p class=\"MsoNormal\" style=\"text-align:justify;line-height:115%\"><span style=\"font-size:11.0pt;line-height:115%;font-family:\">\u00a0<\/span><\/p>\n<p class=\"Default\" style=\"text-align:justify;line-height:115%\"><span style=\"font-size:11.0pt;line-height:115%\">6. Evaluarea si certificarea competentelor profesionale<br \/>\nobtinute pe alte cai decat cele formale<\/span><span style=\"font-size:11.0pt;line-height:115%;color:windowtext\"><\/span><\/p>\n<p class=\"Default\" style=\"margin-left:58.5pt;text-align:justify;text-indent:-.25in;line-height:115%\"><span style=\"line-height:115%\"><span>1.<span style=\"font:7.0pt\">\u00a0\u00a0\u00a0 <\/span><\/span><\/span><span style=\"font-size:11.0pt;line-height:115%\">Persoane inscrise in procedura de evaluare \u2013 56 persoane<\/span><span style=\"font-size:11.0pt;line-height:115%;color:windowtext\"><\/span><\/p>\n<p class=\"Default\" style=\"margin-left:58.5pt;text-align:justify;text-indent:-.25in;line-height:115%\"><span style=\"line-height:115%\"><span>2.<span style=\"font:7.0pt\">\u00a0\u00a0\u00a0 <\/span><\/span><\/span><span style=\"font-size:11.0pt;line-height:115%\">Persoane care au obtinut certificatul de calificare \u2013 56<br \/>\npersoane<\/span><span style=\"font-size:11.0pt;line-height:115%;color:windowtext\"><\/span><\/p>\n<p class=\"Default\" style=\"margin-left:58.5pt;text-align:justify;text-indent:-.25in;line-height:115%\"><span style=\"line-height:115%\"><span>3.<span style=\"font:7.0pt\">\u00a0\u00a0\u00a0 <\/span><\/span><\/span><span style=\"font-size:11.0pt;line-height:115%;color:windowtext\">Ocupatii pentru care s-a<br \/>\nrealizat certificarea<\/span><\/p>\n<p class=\"Default\" style=\"margin-left:76.5pt;text-align:justify;text-indent:-.25in;line-height:115%\"><span style=\"font-size:11.0pt;line-height:115%\"><span>&#8211;<span style=\"font:7.0pt\">\u00a0\u00a0\u00a0\u00a0\u00a0\u00a0<br \/>\n<\/span><\/span><\/span><span style=\"font-size:11.0pt;line-height:115%;color:windowtext\">Lucrator comercial \u2013 35<br \/>\npersoane<\/span><\/p>\n<p class=\"Default\" style=\"margin-left:76.5pt;text-align:justify;text-indent:-.25in;line-height:115%\"><span style=\"font-size:11.0pt;line-height:115%\"><span>&#8211;<span style=\"font:7.0pt\">\u00a0\u00a0\u00a0\u00a0\u00a0\u00a0<br \/>\n<\/span><\/span><\/span><span style=\"font-size:11.0pt;line-height:115%;color:windowtext\">Mecanic auto \u2013 11<br \/>\npersoane<\/span><\/p>\n<p class=\"Default\" style=\"margin-left:76.5pt;text-align:justify;text-indent:-.25in;line-height:115%\"><span style=\"font-size:11.0pt;line-height:115%\"><span>&#8211;<span style=\"font:7.0pt\">\u00a0\u00a0\u00a0\u00a0\u00a0\u00a0<br \/>\n<\/span><\/span><\/span><span style=\"font-size:11.0pt;line-height:115%;color:windowtext\">Instalator incalzire<br \/>\ncentrala \u2013 6 persoane<\/span><\/p>\n<p class=\"Default\" style=\"margin-left:76.5pt;text-align:justify;text-indent:-.25in;line-height:115%\"><span style=\"font-size:11.0pt;line-height:115%\"><span>&#8211;<span style=\"font:7.0pt\">\u00a0\u00a0\u00a0\u00a0\u00a0\u00a0<br \/>\n<\/span><\/span><\/span><span style=\"font-size:11.0pt;line-height:115%;color:windowtext\">Dulgher, tamplar,<br \/>\nparchetar \u2013 4 persoane.<\/span><\/p>\n<p class=\"MsoNormal\" style=\"text-align:justify;line-height:115%\"><span style=\"font-size:11.0pt;line-height:115%;font-family:\">\u00a0<\/span><\/p>\n<p class=\"Default\" style=\"text-align:justify;line-height:115%\"><span style=\"font-size:11.0pt;line-height:115%;color:windowtext\">7. Antreprenoriat<\/span><\/p>\n<p class=\"Default\" style=\"text-align:justify;line-height:115%\"><span style=\"font-size:11.0pt;line-height:115%;color:windowtext\">In serviciile de consiliere antreprenoriala au fost<br \/>\ninclusi 131 tineri NEETs:<\/span><\/p>\n<p class=\"Default\" style=\"margin-left:.5in;text-align:justify;text-indent:-.25in;line-height:115%\"><span style=\"font-size:11.0pt;line-height:115%\"><span>&#8211;<span style=\"font:7.0pt\">\u00a0\u00a0\u00a0\u00a0\u00a0\u00a0<br \/>\n<\/span><\/span><\/span><span style=\"font-size:11.0pt;line-height:115%;color:windowtext\">121 tineri NEETs au<br \/>\nparcurs cursul de Competente antreprenoriale<\/span><\/p>\n<p class=\"Default\" style=\"margin-left:.5in;text-align:justify;text-indent:-.25in;line-height:115%\"><span style=\"font-size:11.0pt;line-height:115%\"><span>&#8211;<span style=\"font:7.0pt\">\u00a0\u00a0\u00a0\u00a0\u00a0\u00a0<br \/>\n<\/span><\/span><\/span><span style=\"font-size:11.0pt;line-height:115%;color:windowtext\">14 tineri NEETs au fost<br \/>\nselectati pentru acordarea microgranturilor<\/span><\/p>\n<p class=\"Default\" style=\"margin-left:.5in;text-align:justify;text-indent:-.25in;line-height:115%\"><span style=\"font-size:11.0pt;line-height:115%\"><span>&#8211;<span style=\"font:7.0pt\">\u00a0\u00a0\u00a0\u00a0\u00a0\u00a0<br \/>\n<\/span><\/span><\/span><span style=\"font-size:11.0pt;line-height:115%;color:windowtext\">Au fost acordati 350.000<br \/>\neuro pentru infiintarea a 14 afaceri<\/span><\/p>\n<p class=\"MsoNormal\" style=\"text-align:justify;line-height:115%\"><span style=\"font-size:11.0pt;line-height:115%;font-family:\">Au<br \/>\nfost create 22 locuri de munca in cadrul firmelor<\/span><\/p>\n<p class=\"MsoNormal\" style=\"text-align:justify;line-height:115%\"><span style=\"font-size:11.0pt;line-height:115%;font-family:\">\u00a0<\/span><\/p>\n<p class=\"MsoNormal\" style=\"text-align:justify;line-height:115%\"><span style=\"font-size:11.0pt;line-height:115%;font-family:\">Proiectul<br \/>\neste co-finan\u0163at din Fondul Social European prin Programul Opera\u0163ional Capital<br \/>\nUman 2014-2020, are o durata de 24 luni \u015fi va fi implementat \u00een Regiunea Vest \u015fi<br \/>\nRegiunea Nord-Vest, \u00een intervalul 22 septembrie 2021 \u2013 21 septembrie 2023. Valoarea<br \/>\ntotal\u0103 a proiectului este de 19.497.597,75 lei, din care valoarea finan\u0163\u0103rii<br \/>\nnerambursabile este de 17.315.235,21 lei, din care co-finan\u0163area UE este de<br \/>\n16.366.229,19 lei.<\/span><\/p>\n<p class=\"MsoNormal\" style=\"text-align:justify;text-indent:22.5pt;line-height:115%\"><span style=\"font-size:11.0pt;line-height:115%;font-family:\">Pentru informa\u0163ii<br \/>\nsuplimentare ne pute\u0163i contacta la <\/span><span style=\"font-size:11.0pt;line-height:115%;font-family:\">telefon 0254.216.151,<br \/>\ne-mail <a href=\"mailto:ajofm.hd@anofm.gov.ro\">ajofm.hd@anofm.gov.ro<\/a><span class=\"MsoHyperlink\">, <\/span>sau la sediul AJOFM Hunedoara<span> din Pia\u0163a Unirii nr. 2.<\/span><\/span><\/p>\n<p class=\"MsoNormal\" align=\"center\" style=\"text-align:center;line-height:115%\"><span style=\"font-size:11.0pt;line-height:115%;font-family:\">\u00a0<\/span><\/p>\n<p class=\"MsoNormal\" align=\"center\" style=\"margin-right:-9.35pt;text-align:center;line-height:115%\"><span style=\"font-size:11.0pt;line-height:115%;font-family:\">Agen\u021bia Jude\u021bean\u0103 pentru Ocuparea<br \/>\nFor\u021bei de Munc\u0103 Hunedoara<\/span><\/p>\n<p class=\"MsoNormal\" style=\"text-align:justify;text-indent:35.4pt;line-height:115%\"><span style=\"font-size:11.0pt;line-height:115%;font-family:\">\u00a0<\/span><\/p>\n<div class=\"file-list-wrap\">\n<ul class=\"file-list\">\n<li><a href=\"\/upload2\/Hunedoara\/28104\/Comunicat_de_presa_-_21.11.2023.pdf\" download>Comunicat_de_presa_-_21.11.2023.pdf<\/a><\/li>\n<\/ul>\n<\/div>\n","protected":false},"excerpt":{"rendered":"<p>SICONET, proiect implementat, in perioada 22.09.2021 \u2013 21.11.2023, de AJOFM Hunedoara, \u00een calitate de beneficiar, \u00een parteneriat cu AJOFM Bihor, INTERLOG COM SRL \u015fi CORPORACTIVE CONSULTING SRL<\/p>\n","protected":false},"author":0,"featured_media":0,"comment_status":"closed","ping_status":"closed","sticky":false,"template":"","format":"standard","meta":{"footnotes":""},"categories":[9],"tags":[],"class_list":["post-444","post","type-post","status-publish","format-standard","hentry","category-comunicate-de-presa"],"_links":{"self":[{"href":"https:\/\/www.anofm.ro\/hunedoara\/wp-json\/wp\/v2\/posts\/444","targetHints":{"allow":["GET"]}}],"collection":[{"href":"https:\/\/www.anofm.ro\/hunedoara\/wp-json\/wp\/v2\/posts"}],"about":[{"href":"https:\/\/www.anofm.ro\/hunedoara\/wp-json\/wp\/v2\/types\/post"}],"replies":[{"embeddable":true,"href":"https:\/\/www.anofm.ro\/hunedoara\/wp-json\/wp\/v2\/comments?post=444"}],"version-history":[{"count":0,"href":"https:\/\/www.anofm.ro\/hunedoara\/wp-json\/wp\/v2\/posts\/444\/revisions"}],"wp:attachment":[{"href":"https:\/\/www.anofm.ro\/hunedoara\/wp-json\/wp\/v2\/media?parent=444"}],"wp:term":[{"taxonomy":"category","embeddable":true,"href":"https:\/\/www.anofm.ro\/hunedoara\/wp-json\/wp\/v2\/categories?post=444"},{"taxonomy":"post_tag","embeddable":true,"href":"https:\/\/www.anofm.ro\/hunedoara\/wp-json\/wp\/v2\/tags?post=444"}],"curies":[{"name":"wp","href":"https:\/\/api.w.org\/{rel}","templated":true}]}}