{"id":437,"date":"2023-10-13T00:00:00","date_gmt":"2023-10-12T21:00:00","guid":{"rendered":"https:\/\/www.anofm.ro\/hunedoara\/rezultatele-bursei-locurilor-de-munca-13-octombrie-petrosani\/"},"modified":"2023-10-13T00:00:00","modified_gmt":"2023-10-12T21:00:00","slug":"rezultatele-bursei-locurilor-de-munca-13-octombrie-petrosani","status":"publish","type":"post","link":"https:\/\/www.anofm.ro\/hunedoara\/rezultatele-bursei-locurilor-de-munca-13-octombrie-petrosani\/","title":{"rendered":"Rezultatele Bursei locurilor de munc\u0103 \u2013 13 octombrie &#8211; Petro\u0219ani"},"content":{"rendered":"<p class=\"MsoNormal\" style=\"margin-top:0in;margin-right:-.1pt;margin-bottom:0in;margin-left:.5in;line-height:normal\"><span lang=\"EN-US\">Comunicat de pres\u0103 <\/span><\/p>\n<p class=\"MsoNormal\" style=\"margin-top:0in;margin-right:-.1pt;margin-bottom:0in;margin-left:.5in;line-height:normal\"><span lang=\"EN-US\"><span>\u00a0\u00a0\u00a0\u00a0\u00a0\u00a0\u00a0\u00a0\u00a0\u00a0\u00a0\u00a0\u00a0\u00a0\u00a0\u00a0\u00a0\u00a0 <\/span><\/span><\/p>\n<p class=\"MsoNormal\" style=\"margin-top:0in;margin-right:-.1pt;margin-bottom:0in;margin-left:.5in;line-height:normal\"><span lang=\"EN-US\">Rezultatele Bursei locurilor de munc\u0103<br \/>\n\u2013 13 octombrie &#8211; Petro\u0219ani<\/span><\/p>\n<p class=\"MsoNormal\" style=\"margin-top:0in;margin-right:-.1pt;margin-bottom:0in;margin-left:.5in;line-height:normal\"><span lang=\"EN-US\">\u00a0<\/span><\/p>\n<p class=\"MsoNormal\" style=\"margin-top:0in;margin-right:-.1pt;margin-bottom:0in;margin-left:.5in;line-height:normal\"><span lang=\"EN-US\">\u00a0<\/span><\/p>\n<p class=\"MsoNormal\" style=\"margin-top:0in;margin-right:-.1pt;margin-bottom:0in;margin-left:.5in;line-height:normal\"><span lang=\"EN-US\">\u00a0<\/span><\/p>\n<p class=\"MsoNormal\" style=\"margin-top:0in;margin-right:0in;margin-bottom:0in;margin-left:.5in\"><span style=\"font-size:12.0pt;line-height:115%\">Agen\u0163ia<br \/>\nJude\u0163ean\u0103 pentru Ocuparea For\u0163ei de Munc\u0103 Hunedoara a organizat, \u00een data de 13 octombrie<br \/>\n2023, \u00een cadrul proiectului \u201cCALIFICARE PENTRU VIITOR\u201d, \u00een care A.J.O.F.M.<br \/>\nHunedoara are calitatea de partener,<\/span><\/p>\n<p class=\"MsoNormal\" style=\"margin-top:0in;margin-right:0in;margin-bottom:0in;margin-left:.5in\"><span style=\"font-size:12.0pt;line-height:115%\">\u00a0<\/span><\/p>\n<p class=\"MsoNormal\" style=\"margin-top:0in;margin-right:0in;margin-bottom:0in;margin-left:.5in\"><span style=\"font-size:12.0pt;line-height:115%\">BURSA<br \/>\nLOCURILOR DE MUNC\u0102 <\/span><\/p>\n<p class=\"MsoNormal\" style=\"margin-top:0in;margin-right:0in;margin-bottom:0in;margin-left:.5in\"><span style=\"font-size:12.0pt;line-height:115%\">\u00a0<\/span><\/p>\n<p class=\"MsoNormal\" style=\"margin-top:0in;margin-right:0in;margin-bottom:0in;margin-left:.5in\"><span style=\"font-size:12.0pt;line-height:115%\">la Petro\u0219ani,<br \/>\n\u00eentre orele 9<sup>00 <\/sup>&#8211; 12<sup>00<\/sup>. <span>\u00a0<\/span><\/span><\/p>\n<p class=\"MsoNormal\" style=\"margin-top:0in;margin-right:0in;margin-bottom:0in;margin-left:.5in\"><span style=\"font-size:12.0pt;line-height:115%\">\u00a0<\/span><\/p>\n<p class=\"MsoNormal\" style=\"margin-top:0in;margin-right:0in;margin-bottom:0in;margin-left:.5in\"><span style=\"font-size:12.0pt;line-height:115%\">La finalul Bursei, Agen\u0163ia Jude\u0163ean\u0103 pentru Ocuparea For\u0163ei de Munc\u0103 Hunedoara<br \/>\nraporteaz\u0103 urm\u0103toarele rezultate: <\/span><\/p>\n<p class=\"MsoNormal\" style=\"margin-top:0in;margin-right:0in;margin-bottom:0in;margin-left:.5in\"><span style=\"font-size:12.0pt;line-height:115%\">Au fost contacta\u0163i un num\u0103r de 58 de angajatori \u00een vederea particip\u0103rii<br \/>\nla burs\u0103 \u015fi au participat efectiv un num\u0103r de 40 de agen\u0163i economici. <\/span><\/p>\n<p class=\"MsoNormal\" style=\"margin-top:0in;margin-right:0in;margin-bottom:0in;margin-left:.5in\"><span style=\"font-size:12.0pt;line-height:115%\">Oferta de locuri de munc\u0103 a num\u0103rat 198 de posturi \u0219i au participat la<br \/>\nburs\u0103 679 de hunedoreni.<\/span><\/p>\n<p class=\"MsoNormal\" style=\"margin:0in;line-height:normal\"><span style=\"font-size:12.0pt\">\u00a0<\/span><\/p>\n<p class=\"MsoNormal\" style=\"margin-top:0in;margin-right:0in;margin-bottom:0in;margin-left:.5in\"><span style=\"font-size:12.0pt;line-height:115%\">Au fost selectate 215 persoane \u00een vederea \u00eencadr\u0103rii \u015fi au fost \u00eencadrate<br \/>\n\u00een munc\u0103 51 de persoane. <span>\u00a0<\/span><\/span><\/p>\n<p class=\"MsoNormal\" style=\"margin-top:0in;margin-right:0in;margin-bottom:0in;margin-left:.5in\"><span style=\"font-size:12.0pt;line-height:115%\">\u00a0<\/span><\/p>\n<p class=\"MsoNormal\" style=\"margin-top:0in;margin-right:0in;margin-bottom:0in;margin-left:.5in\"><span style=\"font-size:12.0pt;line-height:115%\">Agen\u0163ia va<br \/>\nmonitoriza dup\u0103 un interval de 30 de zile c\u00e2te dintre persoanele selectate au<br \/>\nfost \u00eencadrate \u00een munc\u0103. <\/span><\/p>\n<p class=\"MsoNormal\" style=\"margin-top:0in;margin-right:0in;margin-bottom:0in;margin-left:.5in\"><span style=\"font-size:12.0pt;line-height:115%\">Dorim s\u0103<br \/>\nmul\u0163umim tuturor participan\u0163ilor la burs\u0103 pentru \u00een\u0163elegere \u015fi buna colaborare.<\/span><\/p>\n<p class=\"MsoNormal\" style=\"margin-top:0in;margin-right:0in;margin-bottom:0in;margin-left:.5in;line-height:normal\"><span style=\"font-size:12.0pt\">\u00a0<\/span><\/p>\n<p class=\"MsoNormal\" style=\"margin-top:0in;margin-right:-.1pt;margin-bottom:0in;margin-left:.5in;line-height:normal\"><span>\u00a0<\/span><\/p>\n<p class=\"MsoNormal\" style=\"margin-top:0in;margin-right:-.1pt;margin-bottom:0in;margin-left:.5in;line-height:normal\"><span lang=\"EN-US\" style=\"font-size:12.0pt\">\u00a0<\/span><\/p>\n<p class=\"MsoNormal\" align=\"center\" style=\"margin-top:0in;margin-right:-.1pt;margin-bottom:6.0pt;margin-left:.5in;text-align:center\"><span>Agen\u021bia Jude\u021bean\u0103 pentru Ocuparea For\u021bei de Munc\u0103 Hunedoara<\/span><\/p>\n<p class=\"MsoNormal\" align=\"center\" style=\"margin-top:0in;margin-right:-.1pt;margin-bottom:6.0pt;margin-left:.5in;text-align:center\"><span lang=\"EN-US\">\u00a0<\/span><\/p>\n<div class=\"file-list-wrap\">\n<ul class=\"file-list\">\n<li><a href=\"\/upload2\/Hunedoara\/27620\/Comunicat_presa_-_Rezultatele_Bursei_locurilor_de_munca_-_13.10.2023_-_Petrosani.pdf\" download>Comunicat_presa_-_Rezultatele_Bursei_locurilor_de_munca_-_13.10.2023_-_Petrosani.pdf<\/a><\/li>\n<\/ul>\n<\/div>\n","protected":false},"excerpt":{"rendered":"<p>Comunicat de pres\u0103 \u00a0\u00a0\u00a0\u00a0\u00a0\u00a0\u00a0\u00a0\u00a0\u00a0\u00a0\u00a0\u00a0\u00a0\u00a0\u00a0\u00a0\u00a0 Rezultatele Bursei locurilor de munc\u0103 \u2013 13 octombrie &#8211; Petro\u0219ani \u00a0 \u00a0 \u00a0 Agen\u0163ia Jude\u0163ean\u0103 pentru Ocuparea For\u0163ei de Munc\u0103 Hunedoara a organizat, \u00een data de<\/p>\n","protected":false},"author":0,"featured_media":0,"comment_status":"closed","ping_status":"closed","sticky":false,"template":"","format":"standard","meta":{"footnotes":""},"categories":[9],"tags":[],"class_list":["post-437","post","type-post","status-publish","format-standard","hentry","category-comunicate-de-presa"],"_links":{"self":[{"href":"https:\/\/www.anofm.ro\/hunedoara\/wp-json\/wp\/v2\/posts\/437","targetHints":{"allow":["GET"]}}],"collection":[{"href":"https:\/\/www.anofm.ro\/hunedoara\/wp-json\/wp\/v2\/posts"}],"about":[{"href":"https:\/\/www.anofm.ro\/hunedoara\/wp-json\/wp\/v2\/types\/post"}],"replies":[{"embeddable":true,"href":"https:\/\/www.anofm.ro\/hunedoara\/wp-json\/wp\/v2\/comments?post=437"}],"version-history":[{"count":0,"href":"https:\/\/www.anofm.ro\/hunedoara\/wp-json\/wp\/v2\/posts\/437\/revisions"}],"wp:attachment":[{"href":"https:\/\/www.anofm.ro\/hunedoara\/wp-json\/wp\/v2\/media?parent=437"}],"wp:term":[{"taxonomy":"category","embeddable":true,"href":"https:\/\/www.anofm.ro\/hunedoara\/wp-json\/wp\/v2\/categories?post=437"},{"taxonomy":"post_tag","embeddable":true,"href":"https:\/\/www.anofm.ro\/hunedoara\/wp-json\/wp\/v2\/tags?post=437"}],"curies":[{"name":"wp","href":"https:\/\/api.w.org\/{rel}","templated":true}]}}