{"id":435,"date":"2023-09-29T00:00:00","date_gmt":"2023-09-28T21:00:00","guid":{"rendered":"https:\/\/www.anofm.ro\/hunedoara\/siconet-servicii-integrate-calificare-si-ocupare-pentru-tinerii-neets-rezultate-intermediare-31-august-2023\/"},"modified":"2023-09-29T00:00:00","modified_gmt":"2023-09-28T21:00:00","slug":"siconet-servicii-integrate-calificare-si-ocupare-pentru-tinerii-neets-rezultate-intermediare-31-august-2023","status":"publish","type":"post","link":"https:\/\/www.anofm.ro\/hunedoara\/siconet-servicii-integrate-calificare-si-ocupare-pentru-tinerii-neets-rezultate-intermediare-31-august-2023\/","title":{"rendered":"\u201eSICONET \u2013 Servicii Integrate, Calificare \u015fi Ocupare, pentru tinerii NEETs\u201d &#8211; Rezultate intermediare \u2013 31 august 2023"},"content":{"rendered":"<p class=\"MsoNormal\" align=\"right\" style=\"text-align:right\"><b><span style=\"font-size:12.0pt;font-family:\">29 septembrie 2023<\/span><\/b><\/p>\n<p class=\"MsoNormal\" align=\"right\" style=\"text-align:right\"><i><span style=\"font-size:12.0pt;font-family:\">\u00a0<\/span><\/i><\/p>\n<p class=\"MsoNormal\" align=\"center\" style=\"text-align:center;line-height:150%\"><b><i><span style=\"font-size:14.0pt;line-height:150%;font-family:\">\u201eSICONET \u2013 Servicii Integrate,<br \/>\nCalificare \u015fi Ocupare, pentru tinerii NEETs\u201d<\/span><\/i><\/b><\/p>\n<p class=\"MsoNormal\" align=\"center\" style=\"text-align:center;line-height:150%\"><b><i><span style=\"font-size:14.0pt;line-height:150%;font-family:\">Rezultate intermediare \u2013 31 august<br \/>\n2023<\/span><\/i><\/b><\/p>\n<p class=\"MsoNormal\" align=\"center\" style=\"text-align:center;text-indent:.5in;line-height:150%\"><span style=\"font-size:4.0pt;line-height:150%;font-family:\">\u00a0<\/span><\/p>\n<p class=\"MsoNormal\" style=\"text-align:justify;text-indent:35.4pt\"><span style=\"font-size:11.0pt;font-family:\">\u00cen perioada <i>22<br \/>\nseptembrie 2021 \u2013 21 septembrie 2023<\/i>, Agen\u0163ia Jude\u0163ean\u0103 pentru Ocuparea<br \/>\nFor\u0163ei de Munc\u0103 Hunedoara, \u00een calitate de beneficiar, \u00een parteneriat cu Agen\u0163ia<br \/>\nJude\u0163eana pentru Ocuparea For\u0163ei de Munc\u0103 Bihor, INTERLOG COM SRL \u015fi<br \/>\nCORPORACTIVE CONSULTING SRL, implementeaz\u0103 proiectul <a name=\"_Hlk139702532\">\u201eSICONET<br \/>\n\u2013 Servicii Integrate, Calificare \u015fi Ocupare, pentru tinerii NEETs\u201d<\/a> \u2013<br \/>\nPOCU\/909\/2\/4\/150192, proiect cofinantat din FSE prin POCU.<\/span><\/p>\n<p class=\"MsoNormal\" style=\"text-align:justify;text-indent:35.4pt\"><span style=\"font-size:11.0pt;font-family:\">Proiectul are<br \/>\ndrept scop \u00eembun\u0103t\u0103\u021birea situa\u021biei tinerilor din categoria NEETs, prin<br \/>\npromovarea unei ocup\u0103ri sustenabile \u015fi de calitate a for\u021bei de munc\u0103 \u0219i<br \/>\nsprijinirea mobilit\u0103\u021bii for\u021bei de munc\u0103 \u00een scopul integr\u0103rii durabile pe pia\u021ba<br \/>\nmuncii a tinerilor, \u00een special a celor care nu au un loc de munc\u0103, educa\u021bie sau<br \/>\nformare, inclusiv a tinerilor cu risc de excluziune social\u0103 \u015fi a tinerilor din<br \/>\ncomunit\u0103\u021bile marginalizate.<\/span><\/p>\n<p class=\"MsoNormal\" style=\"text-align:justify;text-indent:35.4pt\"><span style=\"font-size:11.0pt;font-family:\">Servicii furnizate<br \/>\nin intervalul 22 septembrie 2021 \u2013 31 august 2023<\/span><\/p>\n<p class=\"Default\" style=\"text-align:justify\"><span style=\"font-size:11.0pt;color:windowtext\">Au fost inregistrati in<br \/>\nGrupul Tinta un numar de 1.614 tineri: 759 barbati (47%), 855 femei (53%)<\/span><\/p>\n<p class=\"Default\" style=\"text-align:justify\"><span style=\"font-size:11.0pt;color:windowtext\">Din totalul tinerilor<br \/>\nNEETs inregistrati:<\/span><\/p>\n<p class=\"Default\" style=\"margin-left:.5in;text-align:justify;text-indent:-.25in\"><span style=\"font-size:11.0pt\"><span>&#8211;<span style=\"font:7.0pt\">\u00a0\u00a0\u00a0\u00a0\u00a0\u00a0<br \/>\n<\/span><\/span><\/span><span style=\"font-size:11.0pt;color:windowtext\">Cetateni romani de etnie roma: 291<br \/>\ntineri NEETs (18%)<\/span><\/p>\n<p class=\"Default\" style=\"margin-left:.5in;text-align:justify;text-indent:-.25in\"><span style=\"font-size:11.0pt\"><span>&#8211;<span style=\"font:7.0pt\">\u00a0\u00a0\u00a0\u00a0\u00a0\u00a0<br \/>\n<\/span><\/span><\/span><span style=\"font-size:11.0pt;color:windowtext\">Din mediul rural: 1017 tineri NEETs<br \/>\n(63%)<\/span><\/p>\n<p class=\"Default\" style=\"text-align:justify\"><span style=\"font-size:11.0pt;color:windowtext\">Furnizarea serviciilor<br \/>\nde medierea muncii<b>: <\/b><\/span><\/p>\n<p class=\"Default\" style=\"text-align:justify\"><span style=\"font-size:11.0pt;color:windowtext\">1.482 tineri au<br \/>\nbeneficiat de servicii de medierea muncii. In urma furnizarii serviciilor de<br \/>\nmedierea muncii au fost incadrati in munca 402 tineri, din care:<\/span><\/p>\n<p class=\"Default\" style=\"margin-left:.5in;text-align:justify;text-indent:-.25in\"><span style=\"font-size:11.0pt\"><span>&#8211;<span style=\"font:7.0pt\">\u00a0\u00a0\u00a0\u00a0\u00a0\u00a0<br \/>\n<\/span><\/span><\/span><span style=\"font-size:11.0pt;color:windowtext\">Cetateni romani de etnie roma: 21 tineri<br \/>\nNEETs <\/span><\/p>\n<p class=\"Default\" style=\"margin-left:.5in;text-align:justify;text-indent:-.25in\"><span style=\"font-size:11.0pt\"><span>&#8211;<span style=\"font:7.0pt\">\u00a0\u00a0\u00a0\u00a0\u00a0\u00a0<br \/>\n<\/span><\/span><\/span><span style=\"font-size:11.0pt;color:windowtext\">Din mediul rural: 234 tineri NEETs<\/span><\/p>\n<p class=\"Default\" style=\"text-align:justify\"><span style=\"font-size:11.0pt;color:windowtext\">Furnizarea serviciilor<br \/>\nde formare profesionala<\/span><\/p>\n<p class=\"Default\" style=\"text-align:justify\"><span style=\"font-size:11.0pt;color:windowtext\">Programe de formare<br \/>\nprofesionala \u2013 calificare \u2013 789 tineri NEETs inscrisi in 56 grupe de curs, din<br \/>\ncare:<\/span><\/p>\n<p class=\"Default\" style=\"margin-left:.5in;text-align:justify;text-indent:-.25in\"><span style=\"font-size:11.0pt;font-family:Symbol;color:windowtext\"><span>\u00b7<span style=\"font:7.0pt\">\u00a0\u00a0\u00a0\u00a0\u00a0\u00a0\u00a0\u00a0<br \/>\n<\/span><\/span><\/span><span style=\"font-size:11.0pt;color:windowtext\">Cursuri finalizate: 51 grupe de curs<\/span><\/p>\n<p class=\"Default\" style=\"margin-left:.5in;text-align:justify;text-indent:-.25in\"><span style=\"font-size:11.0pt;font-family:Symbol;color:windowtext\"><span>\u00b7<span style=\"font:7.0pt\">\u00a0\u00a0\u00a0\u00a0\u00a0\u00a0\u00a0\u00a0<br \/>\n<\/span><\/span><\/span><span style=\"font-size:11.0pt;color:windowtext\">Absolventi: 695 tineri NEETs au<br \/>\nfinalizat cursurile de calificare <\/span><\/p>\n<p class=\"Default\" style=\"margin-left:.5in;text-align:justify;text-indent:-.25in\"><span style=\"font-size:11.0pt;font-family:Symbol;color:windowtext\"><span>\u00b7<span style=\"font:7.0pt\">\u00a0\u00a0\u00a0\u00a0\u00a0\u00a0\u00a0\u00a0<br \/>\n<\/span><\/span><\/span><span style=\"font-size:11.0pt;color:windowtext\">Cursuri in derulare: 3 grupe de curs<\/span><\/p>\n<p class=\"Default\" style=\"margin-left:.5in;text-align:justify;text-indent:-.25in\"><span style=\"font-size:11.0pt;font-family:Symbol;color:windowtext\"><span>\u00b7<span style=\"font:7.0pt\">\u00a0\u00a0\u00a0\u00a0\u00a0\u00a0\u00a0\u00a0<br \/>\n<\/span><\/span><\/span><span style=\"font-size:11.0pt;color:windowtext\">Tineri NEETs sunt cuprinsi in programe<br \/>\naflate in derulare \u2013 42 tineri<\/span><\/p>\n<p class=\"Default\" style=\"text-align:justify\"><span style=\"font-size:11.0pt;color:windowtext\">Programele de formare<br \/>\nprofesionala furnizate prin proiect: <i>Brutar patiser preparator produse<br \/>\nfanoase; Manichiura-Pedichiura; Lucrator in comert; Agent de securitate;<br \/>\nBucatar; Instalator instalatii de incalzire centrala; Lucrator instalator in<br \/>\nconstructii; Lucrator comercial; Operator CNC; Tamplar; Camerista; Ingrijitor<br \/>\nbatrani la domiciliu; Lacatus mecanic de intretinere si reparatii universale<\/i>.<\/span><\/p>\n<p class=\"Default\" style=\"text-align:justify\"><span style=\"font-size:11.0pt;color:windowtext\">Programe de formare<br \/>\nprofesionala \u2013 competente \u2013 526 tineri NEETs:<\/span><\/p>\n<p class=\"Default\" style=\"margin-left:.5in;text-align:justify;text-indent:-.25in\"><span style=\"font-size:11.0pt;font-family:Symbol;color:windowtext\"><span>\u00b7<span style=\"font:7.0pt\">\u00a0\u00a0\u00a0\u00a0\u00a0\u00a0\u00a0\u00a0<br \/>\n<\/span><\/span><\/span><span style=\"font-size:11.0pt;color:windowtext\">322 tineri NEETs au finalizat cursul de<br \/>\nCompetente sociale si civice<\/span><\/p>\n<p class=\"Default\" style=\"margin-left:.5in;text-align:justify;text-indent:-.25in\"><span style=\"font-size:11.0pt;font-family:Symbol;color:windowtext\"><span>\u00b7<span style=\"font:7.0pt\">\u00a0\u00a0\u00a0\u00a0\u00a0\u00a0\u00a0\u00a0<br \/>\n<\/span><\/span><\/span><span style=\"font-size:11.0pt;color:windowtext\">204 tineri NEETs au finalizat cursul de<br \/>\nCompetente digitale<\/span><\/p>\n<p class=\"Default\" style=\"text-align:justify\"><span style=\"font-size:11.0pt;color:windowtext\">Antreprenoriat \u2013<br \/>\nacordare micro-granturi pentru inceperea unei afaceri<\/span><\/p>\n<p class=\"Default\" style=\"text-align:justify\"><span style=\"font-size:11.0pt;color:windowtext\">In serviciile de<br \/>\nconsiliere antreprenoriala au fost inclusi 131 tineri NEETs:<\/span><\/p>\n<p class=\"Default\" style=\"margin-left:.5in;text-align:justify;text-indent:-.25in\"><span style=\"font-size:11.0pt\"><span>&#8211;<span style=\"font:7.0pt\">\u00a0\u00a0\u00a0\u00a0\u00a0\u00a0<br \/>\n<\/span><\/span><\/span><span style=\"font-size:11.0pt;color:windowtext\">121 tineri NEETs au parcurs cursul de<br \/>\nCompetente antreprenoriale<\/span><\/p>\n<p class=\"Default\" style=\"margin-left:.5in;text-align:justify;text-indent:-.25in\"><span style=\"font-size:11.0pt\"><span>&#8211;<span style=\"font:7.0pt\">\u00a0\u00a0\u00a0\u00a0\u00a0\u00a0<br \/>\n<\/span><\/span><\/span><span style=\"font-size:11.0pt;color:windowtext\">14 tineri NEETs au fost selectati pentru<br \/>\nacordarea micro-granturilor<\/span><\/p>\n<p class=\"Default\" style=\"margin-left:.5in;text-align:justify;text-indent:-.25in\"><span style=\"font-size:11.0pt\"><span>&#8211;<span style=\"font:7.0pt\">\u00a0\u00a0\u00a0\u00a0\u00a0\u00a0<br \/>\n<\/span><\/span><\/span><span style=\"font-size:11.0pt;color:windowtext\">Au fost acordati 350.000 euro pentru<br \/>\ninfiintarea a 14 afaceri<\/span><\/p>\n<p class=\"MsoNormal\" style=\"text-align:justify\"><span style=\"font-size:11.0pt;font-family:\">\u00a0<\/span><\/p>\n<p class=\"MsoNormal\" align=\"center\" style=\"text-align:center\"><b><span style=\"font-size:11.0pt;font-family:\">Agentia Judeteana<br \/>\npentru Ocuparea Fortei de Munca Hunedoara<\/span><\/b><span style=\"font-size:11.0pt;font-family:\"><\/span><\/p>\n<div class=\"file-list-wrap\">\n<ul class=\"file-list\">\n<li><a href=\"\/upload2\/Hunedoara\/27465\/Comunicat_de_presa_-_29.10.2023.pdf\" download>Comunicat_de_presa_-_29.10.2023.pdf<\/a><\/li>\n<\/ul>\n<\/div>\n","protected":false},"excerpt":{"rendered":"<p>29 septembrie 2023 \u00a0 \u201eSICONET \u2013 Servicii Integrate, Calificare \u015fi Ocupare, pentru tinerii NEETs\u201d Rezultate intermediare \u2013 31 august 2023 \u00a0 \u00cen perioada 22 septembrie 2021 \u2013 21 septembrie 2023,<\/p>\n","protected":false},"author":0,"featured_media":0,"comment_status":"closed","ping_status":"closed","sticky":false,"template":"","format":"standard","meta":{"footnotes":""},"categories":[9],"tags":[],"class_list":["post-435","post","type-post","status-publish","format-standard","hentry","category-comunicate-de-presa"],"_links":{"self":[{"href":"https:\/\/www.anofm.ro\/hunedoara\/wp-json\/wp\/v2\/posts\/435","targetHints":{"allow":["GET"]}}],"collection":[{"href":"https:\/\/www.anofm.ro\/hunedoara\/wp-json\/wp\/v2\/posts"}],"about":[{"href":"https:\/\/www.anofm.ro\/hunedoara\/wp-json\/wp\/v2\/types\/post"}],"replies":[{"embeddable":true,"href":"https:\/\/www.anofm.ro\/hunedoara\/wp-json\/wp\/v2\/comments?post=435"}],"version-history":[{"count":0,"href":"https:\/\/www.anofm.ro\/hunedoara\/wp-json\/wp\/v2\/posts\/435\/revisions"}],"wp:attachment":[{"href":"https:\/\/www.anofm.ro\/hunedoara\/wp-json\/wp\/v2\/media?parent=435"}],"wp:term":[{"taxonomy":"category","embeddable":true,"href":"https:\/\/www.anofm.ro\/hunedoara\/wp-json\/wp\/v2\/categories?post=435"},{"taxonomy":"post_tag","embeddable":true,"href":"https:\/\/www.anofm.ro\/hunedoara\/wp-json\/wp\/v2\/tags?post=435"}],"curies":[{"name":"wp","href":"https:\/\/api.w.org\/{rel}","templated":true}]}}