{"id":425,"date":"2023-07-17T00:00:00","date_gmt":"2023-07-16T21:00:00","guid":{"rendered":"https:\/\/www.anofm.ro\/hunedoara\/bursa-locurilor-de-munca-21-iulie-2023\/"},"modified":"2025-02-25T11:19:14","modified_gmt":"2025-02-25T09:19:14","slug":"bursa-locurilor-de-munca-21-iulie-2023","status":"publish","type":"post","link":"https:\/\/www.anofm.ro\/hunedoara\/bursa-locurilor-de-munca-21-iulie-2023\/","title":{"rendered":"Bursa locurilor de munc\u0103 \u2013 21 iulie 2023"},"content":{"rendered":"<p class=\"MsoNormal\" style=\"margin-top:6.0pt;margin-right:-9.35pt;margin-bottom:6.0pt;margin-left:0in;text-align:center;line-height:115%\" align=\"center\"><b><span style=\"font-size:14.0pt;line-height:115%;font-family:\">Comunicat de pres\u0103<\/span><\/b><\/p>\n<p class=\"MsoNormal\" style=\"margin-top:6.0pt;margin-right:-9.35pt;margin-bottom:6.0pt;margin-left:0in;text-align:center;line-height:115%\" align=\"center\"><b><span style=\"font-size:14.0pt;line-height:115%;font-family:\">Bursa locurilor de munc\u0103 \u2013 21<br \/>\niulie 2023<\/span><\/b><\/p>\n<p class=\"MsoNormal\" style=\"margin-top:6.0pt;margin-right:-9.35pt;margin-bottom:6.0pt;margin-left:0in;line-height:115%\"><span style=\"font-size:14.0pt;line-height:115%;font-family:\">\u00a0<\/span><\/p>\n<p class=\"MsoNormal\" style=\"margin-top:6.0pt;margin-right:-9.35pt;margin-bottom:6.0pt;margin-left:0in;text-align:justify;line-height:115%\"><span style=\"font-size:14.0pt;line-height:115%;font-family:\">Agen\u0163ia Jude\u0163ean\u0103 pentru Ocuparea For\u0163ei de Munc\u0103<br \/>\nHunedoara organizeaz\u0103 Bursa locurilor de munc\u0103, \u00een data de 21 iulie 2023.<\/span><\/p>\n<p class=\"MsoNormal\" style=\"margin-top:6.0pt;margin-right:-9.35pt;margin-bottom:6.0pt;margin-left:0in;text-align:center;line-height:115%\" align=\"center\"><b><span style=\"font-size:14.0pt;line-height:115%;font-family:\">Ac\u021biunea se va desf\u0103\u0219ura la Sala<br \/>\nAstra din municipiul Or\u0103\u0219tie,<\/span><\/b><\/p>\n<p class=\"MsoNormal\" style=\"margin-top:6.0pt;margin-right:-9.35pt;margin-bottom:6.0pt;margin-left:0in;text-align:center;line-height:115%\" align=\"center\"><b><span style=\"font-size:14.0pt;line-height:115%;font-family:\">\u00eentre orele 09<sup>00<\/sup> &#8211; 12<sup>00<\/sup><\/span><\/b><\/p>\n<p class=\"MsoNormal\" style=\"margin-top:6.0pt;margin-right:-9.35pt;margin-bottom:6.0pt;margin-left:0in;text-align:justify;line-height:115%\"><span style=\"font-size:14.0pt;line-height:115%;font-family:\">Evenimentul se deruleaz\u0103 \u00een cadrul proiectului \u201c<b>Calificare<br \/>\npentru Viitor<\/b>\u201d, \u00een care AJOFM Hunedoara are calitatea de partener \u0219i se<br \/>\nadreseaz\u0103 tuturor persoanelor aflate \u00een c\u0103utarea unui loc de munc\u0103 sau a celor<br \/>\ncare doresc s\u0103 se reorienteze profesional spre ocupa\u021bii cu posibilit\u0103\u021bi de<br \/>\nmen\u021binere a raportului de munc\u0103 pe termen mediu \u0219i lung.<\/span><\/p>\n<p class=\"MsoNormal\" style=\"margin-top:6.0pt;margin-right:-9.35pt;margin-bottom:6.0pt;margin-left:0in;text-align:justify;line-height:115%\"><span style=\"font-size:14.0pt;line-height:115%;font-family:\">Agen\u0163ii economici care dispun de locuri de munc\u0103<br \/>\nvacante \u0219i sunt interesa\u021bi s\u0103 participe la acest eveniment, pot depune oferte<br \/>\nde locuri de munc\u0103 vacante p\u00e2n\u0103 \u00een data de 20 iulie 2023 la sediul AJOFM<br \/>\nHunedoara din municipiul Deva, Pia\u0163a Unirii, nr. 2, tel. 0254.216.151 sau la Punctul<br \/>\nde Lucru Or\u0103\u0219tie, tel. 0755.99.99.22.<\/span><\/p>\n<p class=\"MsoNormal\" style=\"margin-top:6.0pt;margin-right:-9.35pt;margin-bottom:6.0pt;margin-left:0in;text-align:center;line-height:115%\" align=\"center\"><span style=\"font-size:14.0pt;line-height:115%;font-family:\">\u00a0<\/span><\/p>\n<p class=\"MsoNormal\" style=\"margin-top:0in;margin-right:-9.35pt;margin-bottom:0in;margin-left:0in;text-align:center;line-height:115%\" align=\"center\"><span style=\"font-size:14.0pt;line-height:115%;font-family:\">Agen\u021bia Jude\u021bean\u0103 pentru Ocuparea For\u021bei de Munc\u0103 Hunedoara<\/span><\/p>\n<div class=\"file-list-wrap\">\n<ul class=\"file-list\">\n<li><a href=\"\/upload2\/Hunedoara\/26696\/Comunicat_de_presa_-_Organizarea_Bursei_locurilor_de_munca_-_21_iulie_2023.pdf\" download>Comunicat_de_presa_-_Organizarea_Bursei_locurilor_de_munca_-_21_iulie_2023.pdf<\/a><\/li>\n<\/ul>\n<\/div>\n","protected":false},"excerpt":{"rendered":"<p>Ac\u021biunea se va desf\u0103\u0219ura la Sala Astra din municipiul Or\u0103\u0219tie, \u00eentre orele 09:00 &#8211; 12:00Evenimentul se deruleaz\u0103 \u00een cadrul proiectului \u201cCalificare pentru Viitor\u201d<\/p>\n","protected":false},"author":0,"featured_media":0,"comment_status":"closed","ping_status":"closed","sticky":false,"template":"","format":"standard","meta":{"footnotes":""},"categories":[6,9,16],"tags":[],"class_list":["post-425","post","type-post","status-publish","format-standard","hentry","category-burse-ale-locurilor-de-munca","category-comunicate-de-presa","category-materiale-informative"],"_links":{"self":[{"href":"https:\/\/www.anofm.ro\/hunedoara\/wp-json\/wp\/v2\/posts\/425","targetHints":{"allow":["GET"]}}],"collection":[{"href":"https:\/\/www.anofm.ro\/hunedoara\/wp-json\/wp\/v2\/posts"}],"about":[{"href":"https:\/\/www.anofm.ro\/hunedoara\/wp-json\/wp\/v2\/types\/post"}],"replies":[{"embeddable":true,"href":"https:\/\/www.anofm.ro\/hunedoara\/wp-json\/wp\/v2\/comments?post=425"}],"version-history":[{"count":1,"href":"https:\/\/www.anofm.ro\/hunedoara\/wp-json\/wp\/v2\/posts\/425\/revisions"}],"predecessor-version":[{"id":6377,"href":"https:\/\/www.anofm.ro\/hunedoara\/wp-json\/wp\/v2\/posts\/425\/revisions\/6377"}],"wp:attachment":[{"href":"https:\/\/www.anofm.ro\/hunedoara\/wp-json\/wp\/v2\/media?parent=425"}],"wp:term":[{"taxonomy":"category","embeddable":true,"href":"https:\/\/www.anofm.ro\/hunedoara\/wp-json\/wp\/v2\/categories?post=425"},{"taxonomy":"post_tag","embeddable":true,"href":"https:\/\/www.anofm.ro\/hunedoara\/wp-json\/wp\/v2\/tags?post=425"}],"curies":[{"name":"wp","href":"https:\/\/api.w.org\/{rel}","templated":true}]}}