{"id":424,"date":"2023-07-13T00:00:00","date_gmt":"2023-07-12T21:00:00","guid":{"rendered":"https:\/\/www.anofm.ro\/hunedoara\/in-atentia-absolventilor\/"},"modified":"2023-07-13T00:00:00","modified_gmt":"2023-07-12T21:00:00","slug":"in-atentia-absolventilor","status":"publish","type":"post","link":"https:\/\/www.anofm.ro\/hunedoara\/in-atentia-absolventilor\/","title":{"rendered":"\u00cen aten\u021bia absolven\u021bilor"},"content":{"rendered":"<p class=\"MsoNormal\" style=\"margin-top:6.0pt;margin-right:0in;margin-bottom:6.0pt;margin-left:.5in;text-align:center;line-height:115%\" align=\"center\"><b><span style=\"font-size:11.0pt;line-height:115%;font-family:\" lang=\"EN-US\">Comunicat de pres\u0103 <\/span><\/b><\/p>\n<p class=\"MsoNormal\" style=\"margin-top:6.0pt;margin-right:0in;margin-bottom:6.0pt;margin-left:.5in;text-align:center;line-height:115%\" align=\"center\"><b><span style=\"font-size:11.0pt;line-height:115%;font-family:\" lang=\"EN-US\">\u00cen aten\u021bia<br \/>\nabsolven\u021bilor<\/span><\/b><\/p>\n<p class=\"MsoNormal\" style=\"margin-top:6.0pt;margin-right:0in;margin-bottom:6.0pt;margin-left:0in;line-height:115%\"><span style=\"font-size:11.0pt;line-height:115%;font-family:\" lang=\"EN-US\">\u00a0<\/span><\/p>\n<p class=\"MsoNormal\" style=\"margin-top:6.0pt;margin-right:0in;margin-bottom:6.0pt;margin-left:0in;line-height:115%\"><span style=\"font-size:11.0pt;line-height:115%;font-family:\" lang=\"EN-US\">\u00a0<\/span><\/p>\n<p class=\"MsoNormal\" style=\"margin-top:6.0pt;margin-right:0in;margin-bottom:6.0pt;margin-left:.5in;text-align:justify;line-height:115%\"><span style=\"font-size:11.0pt;line-height:115%;font-family:\" lang=\"EN-US\">Agen\u0163ia Jude\u0163ean\u0103 pentru Ocuparea For\u0163ei de Munc\u0103<br \/>\nHunedoara reaminte\u0219te absolven\u021bilor de \u00eenv\u0103\u021b\u0103m\u00e2nt din promo\u021bia 2023 c\u0103 sunt<br \/>\na\u0219tepta\u021bi s\u0103 se \u00eenregistreze, \u00een termen de 60 de zile, \u00een eviden\u021bele<br \/>\ninstitu\u021biei pentru a beneficia de serviciile prev\u0103zute de lege cu scopul<br \/>\nintegr\u0103rii pe pia\u021ba muncii. \u00cen cazul absolven\u021bilor de liceu, <b>indiferent dac\u0103 au promovat sau nu examenul<br \/>\nde Bacalaureat<\/b>, termenul de 60 de zile se calculeaz\u0103 din ziua urm\u0103toare<br \/>\ndatei absolvirii studiilor.<\/span><\/p>\n<p class=\"MsoNormal\" style=\"margin-top:6.0pt;margin-right:0in;margin-bottom:6.0pt;margin-left:.5in;text-align:justify;line-height:115%\"><span style=\"font-size:11.0pt;line-height:115%;font-family:\" lang=\"EN-US\">Ca urmare a \u00eenregistr\u0103rii \u00een eviden\u021bele institu\u021biei,<br \/>\nabsolven\u021bii pot beneficia de: informare \u0219i consiliere profesional\u0103, medierea<br \/>\nmuncii, cursuri de formare profesional\u0103, prima de inser\u021bie pentru absolven\u021bii<br \/>\ncare se angajeaz\u0103 cu norm\u0103 \u00eentreag\u0103 pentru o perioad\u0103 mai mare de 12 luni.<\/span><\/p>\n<p class=\"MsoNormal\" style=\"margin-top:6.0pt;margin-right:0in;margin-bottom:6.0pt;margin-left:.5in;text-align:justify;line-height:115%\"><span style=\"font-size:11.0pt;line-height:115%;font-family:\" lang=\"EN-US\">Potrivit prevederilor Legii nr. 76\/2002 privind<br \/>\nsistemul asigur\u0103rilor pentru \u0219omaj \u0219i stimularea ocup\u0103rii for\u021bei de munc\u0103,<br \/>\nabsolven\u0163ii institu\u0163iilor de \u00eenv\u0103\u0163\u0103m\u00e2nt \u015fi absolven\u0163ii \u015fcolilor speciale, \u00een<br \/>\nv\u00e2rst\u0103 de minimum 16 ani, care \u00een termen de 60 de zile de la absolvire, se<br \/>\n\u00eenregistreaz\u0103 la agen\u0163iile pentru ocuparea for\u0163ei de munc\u0103 din raza c\u0103rora \u00ee\u015fi<br \/>\nau domiciliul \u015fi se angajeaz\u0103 cu norm\u0103 \u00eentreag\u0103 pentru o perioad\u0103 mai mare de<br \/>\n12 luni, beneficiaz\u0103 de o prim\u0103 de inser\u0163ie egal\u0103 cu de 3 ori valoarea<br \/>\nindicatorului social de referin\u0163\u0103 (ISR) \u00een vigoare la data \u00eencadr\u0103rii (ISR \u2013<br \/>\n598 lei).<\/span><\/p>\n<p class=\"MsoNormal\" style=\"margin-top:6.0pt;margin-right:0in;margin-bottom:6.0pt;margin-left:.5in;text-align:justify;line-height:115%\"><span style=\"font-size:11.0pt;line-height:115%;font-family:\" lang=\"EN-US\">Dup\u0103 expirarea termenului de 60 de zile de la<br \/>\nabsolvire, \u00een cazul \u00een care absolven\u021bii s-au \u00eenregistrat ca persoan\u0103 \u00een<br \/>\nc\u0103utarea unui loc de munc\u0103, pot beneficia, la cerere, de indemniza\u021bie de \u0219omaj<br \/>\n\u00een cuantum de 50% din valoarea ISR \u00een vigoare, pentru o perioad\u0103 de 6 luni.<br \/>\nPersoanele care, la data solicit\u0103rii dreptului, refuz\u0103 un loc de munc\u0103 potrivit<br \/>\npreg\u0103tirii sau nivelului studiilor sau refuz\u0103 participarea la servicii pentru<br \/>\nstimularea ocup\u0103rii \u015fi de formare profesional\u0103 oferite de agen\u0163iile pentru<br \/>\nocuparea for\u0163ei de munc\u0103, nu beneficiaz\u0103 de indemniza\u0163ie de \u015fomaj.<\/span><\/p>\n<p class=\"MsoNormal\" style=\"margin-top:6.0pt;margin-right:0in;margin-bottom:6.0pt;margin-left:.5in;text-align:justify;line-height:115%\"><span style=\"font-size:11.0pt;line-height:115%;font-family:\" lang=\"EN-US\">Persoanele interesate pot ob\u0163ine informa\u0163ii<br \/>\nsuplimentare la Agen\u0163iile Locale \u015fi Punctele de Lucru ale AJOFM Hunedoara din<br \/>\nraza de domiciliu sau re\u015fedin\u0163\u0103.<\/span><\/p>\n<p class=\"MsoNormal\" style=\"margin-top:6.0pt;margin-right:0in;margin-bottom:6.0pt;margin-left:.5in;text-align:center;line-height:115%\" align=\"center\"><span style=\"font-size:11.0pt;line-height:115%;font-family:\" lang=\"EN-US\">\u00a0<\/span><\/p>\n<p class=\"MsoNormal\" style=\"margin-top:6.0pt;margin-right:0in;margin-bottom:6.0pt;margin-left:.5in;text-align:center;line-height:115%\" align=\"center\"><span style=\"font-size:11.0pt;line-height:115%;font-family:\" lang=\"EN-US\">\u00a0<\/span><\/p>\n<p class=\"MsoNormal\" style=\"margin-top:0in;margin-right:12.35pt;margin-bottom:0in;margin-left:.5in;text-align:center;line-height:115%\" align=\"center\"><b><span style=\"font-size:11.0pt;line-height:115%;font-family:\" lang=\"EN-US\">Agen\u021bia<br \/>\nJude\u021bean\u0103 pentru Ocuparea For\u021bei de Munc\u0103 Hunedoara<\/span><\/b><\/p>\n<div class=\"file-list-wrap\">\n<ul class=\"file-list\">\n<li><a href=\"\/upload2\/Hunedoara\/26670\/Comunicat_de_presa_-_In_atentia_absolventilor.pdf\" download>Comunicat_de_presa_-_In_atentia_absolventilor.pdf<\/a><\/li>\n<\/ul>\n<\/div>\n","protected":false},"excerpt":{"rendered":"<p>Comunicat de pres\u0103 \u00cen aten\u021bia absolven\u021bilor \u00a0 \u00a0 Agen\u0163ia Jude\u0163ean\u0103 pentru Ocuparea For\u0163ei de Munc\u0103 Hunedoara reaminte\u0219te absolven\u021bilor de \u00eenv\u0103\u021b\u0103m\u00e2nt din promo\u021bia 2023 c\u0103 sunt a\u0219tepta\u021bi s\u0103 se \u00eenregistreze, \u00een<\/p>\n","protected":false},"author":0,"featured_media":0,"comment_status":"closed","ping_status":"closed","sticky":false,"template":"","format":"standard","meta":{"footnotes":""},"categories":[9],"tags":[],"class_list":["post-424","post","type-post","status-publish","format-standard","hentry","category-comunicate-de-presa"],"_links":{"self":[{"href":"https:\/\/www.anofm.ro\/hunedoara\/wp-json\/wp\/v2\/posts\/424","targetHints":{"allow":["GET"]}}],"collection":[{"href":"https:\/\/www.anofm.ro\/hunedoara\/wp-json\/wp\/v2\/posts"}],"about":[{"href":"https:\/\/www.anofm.ro\/hunedoara\/wp-json\/wp\/v2\/types\/post"}],"replies":[{"embeddable":true,"href":"https:\/\/www.anofm.ro\/hunedoara\/wp-json\/wp\/v2\/comments?post=424"}],"version-history":[{"count":0,"href":"https:\/\/www.anofm.ro\/hunedoara\/wp-json\/wp\/v2\/posts\/424\/revisions"}],"wp:attachment":[{"href":"https:\/\/www.anofm.ro\/hunedoara\/wp-json\/wp\/v2\/media?parent=424"}],"wp:term":[{"taxonomy":"category","embeddable":true,"href":"https:\/\/www.anofm.ro\/hunedoara\/wp-json\/wp\/v2\/categories?post=424"},{"taxonomy":"post_tag","embeddable":true,"href":"https:\/\/www.anofm.ro\/hunedoara\/wp-json\/wp\/v2\/tags?post=424"}],"curies":[{"name":"wp","href":"https:\/\/api.w.org\/{rel}","templated":true}]}}