{"id":414,"date":"2023-05-30T00:00:00","date_gmt":"2023-05-29T21:00:00","guid":{"rendered":"https:\/\/www.anofm.ro\/hunedoara\/programe-de-formare-profesionala-organizate-de-ajofm-hunedoara-in-luna-iunie-2023\/"},"modified":"2023-05-30T00:00:00","modified_gmt":"2023-05-29T21:00:00","slug":"programe-de-formare-profesionala-organizate-de-ajofm-hunedoara-in-luna-iunie-2023","status":"publish","type":"post","link":"https:\/\/www.anofm.ro\/hunedoara\/programe-de-formare-profesionala-organizate-de-ajofm-hunedoara-in-luna-iunie-2023\/","title":{"rendered":"Programe de formare profesional\u0103 organizate de AJOFM Hunedoara  \u00een luna iunie 2023"},"content":{"rendered":"<p class=\"MsoNormal\" style=\"margin-top:0in;margin-right:5.25pt;margin-bottom:0in;margin-left:3.5in;text-align:right;text-indent:.5in\" align=\"right\"><span style=\"font-size:14.0pt;line-height:115%\">mai 2023<\/span><\/p>\n<p class=\"MsoNormal\" style=\"margin-top:0in;margin-right:48.95pt;margin-bottom:0in;margin-left:.5in;text-align:center\" align=\"center\"><span style=\"font-size:14.0pt;line-height:115%\">\u00a0<\/span><\/p>\n<p class=\"MsoNormal\" style=\"margin-top:0in;margin-right:-.9pt;margin-bottom:0in;margin-left:0in;text-align:center\" align=\"center\"><b><span style=\"font-size:14.0pt;line-height:115%\">Programe de formare profesional\u0103<br \/>\norganizate de AJOFM Hunedoara <\/span><\/b><\/p>\n<p class=\"MsoNormal\" style=\"margin-top:0in;margin-right:-.9pt;margin-bottom:0in;margin-left:0in;text-align:center\" align=\"center\"><b><span style=\"font-size:14.0pt;line-height:115%\">\u00een luna iunie 2023<\/span><\/b><b><span style=\"font-size:14.0pt;line-height:115%\" lang=\"EN-US\"><\/span><\/b><\/p>\n<p class=\"MsoNormal\" style=\"margin-top:0in;margin-right:48.95pt;margin-bottom:0in;margin-left:0in\"><span style=\"font-size:14.0pt;line-height:115%\">\u00a0<\/span><\/p>\n<p class=\"MsoNormal\" style=\"margin-top:0in;margin-right:48.95pt;margin-bottom:0in;margin-left:0in\"><span style=\"font-size:14.0pt;line-height:115%\">\u00a0<\/span><\/p>\n<p class=\"MsoNormal\" style=\"margin-top:0in;margin-right:12.35pt;margin-bottom:0in;margin-left:14.2pt\"><span style=\"font-size:14.0pt;line-height:115%\">AJOFM Hunedoara prognozeaz\u0103 pentru luna iunie 2023<br \/>\norganizarea a <b>4 programe de formare<br \/>\nprofesional\u0103<\/b> pentru \u015fomerii \u015fi persoanele \u00een c\u0103utarea unui loc de munc\u0103.<\/span><\/p>\n<p class=\"MsoNormal\" style=\"margin-top:0in;margin-right:12.35pt;margin-bottom:6.0pt;margin-left:0in;line-height:150%\"><u><span style=\"font-size:14.0pt;line-height:150%\"><span style=\"text-decoration:none\">\u00a0<\/span><\/span><\/u><\/p>\n<p class=\"MsoListParagraphCxSpFirst\" style=\"margin-left:32.2pt;text-indent:-.25in;line-height:200%\"><b><span style=\"font-size:14.0pt;line-height:200%\"><span>1.<span style=\"font:7.0pt\">\u00a0<br \/>\n<\/span><\/span><\/span><\/b><b><span style=\"font-size:14.0pt;line-height:200%\">Ajutor buc\u0103tar<\/span><\/b><span style=\"font-size:14.0pt;line-height:200%\"> \u2013 180 ore &#8211;<br \/>\nLoca\u0163ia de desf\u0103\u015furare: Petro\u0219ani<\/span><\/p>\n<p class=\"MsoListParagraphCxSpMiddle\" style=\"margin-left:32.2pt;text-indent:-.25in;line-height:200%\"><b><span style=\"font-size:14.0pt;line-height:200%\"><span>2.<span style=\"font:7.0pt\">\u00a0<br \/>\n<\/span><\/span><\/span><\/b><b><span style=\"font-size:14.0pt;line-height:200%\">Infirmier\u0103<\/span><\/b><span style=\"font-size:14.0pt;line-height:200%\"> \u2013 195 ore &#8211;<br \/>\nLoca\u0163ia de desf\u0103\u015furare: Petro\u0219ani<\/span><\/p>\n<p class=\"MsoListParagraphCxSpMiddle\" style=\"margin-top:0in;margin-right:12.35pt;margin-bottom:6.0pt;margin-left:32.2pt;text-indent:-.25in;line-height:200%\"><b><span style=\"font-size:14.0pt;line-height:200%\"><span>3.<span style=\"font:7.0pt\">\u00a0<br \/>\n<\/span><\/span><\/span><\/b><b><span style=\"font-size:14.0pt;line-height:200%\">Cofetar<\/span><\/b><span style=\"font-size:14.0pt;line-height:200%\"> \u2013 360 ore &#8211;<br \/>\nLoca\u0163ia de desf\u0103\u015furare: C\u0103lan<\/span><\/p>\n<p class=\"MsoListParagraphCxSpMiddle\" style=\"margin-top:0in;margin-right:12.35pt;margin-bottom:6.0pt;margin-left:32.2pt;text-indent:-.25in;line-height:200%\"><b><span style=\"font-size:14.0pt;line-height:200%\"><span>4.<span style=\"font:7.0pt\">\u00a0<br \/>\n<\/span><\/span><\/span><\/b><b><span style=\"font-size:14.0pt;line-height:200%\">T\u00e2mplar manual<\/span><\/b><span style=\"font-size:14.0pt;line-height:200%\"> \u2013 360 ore &#8211;<br \/>\nLoca\u0163ia de desf\u0103\u015furare: Deva<\/span><\/p>\n<p class=\"MsoListParagraphCxSpLast\" style=\"margin-top:0in;margin-right:12.35pt;margin-bottom:6.0pt;margin-left:32.2pt\"><b><span style=\"font-size:14.0pt;line-height:115%\">\u00a0<\/span><\/b><\/p>\n<p class=\"MsoNormal\" style=\"margin-top:0in;margin-right:12.35pt;margin-bottom:0in;margin-left:14.2pt\"><span style=\"font-size:14.0pt;line-height:115%\" lang=\"EN-US\">Informa\u0163ii suplimentare pute\u0163i ob\u0163ine de la sediile agen\u0163iilor locale \u015fi<br \/>\npunctelor de lucru din localit\u0103\u0163ile men\u0163ionate mai sus sau la telefon<br \/>\n0755.99.99.29 \u0219i 0755.99.99.30.<\/span><\/p>\n<p class=\"MsoNormal\" style=\"margin-top:0in;margin-right:12.35pt;margin-bottom:0in;margin-left:.5in;text-align:center\" align=\"center\"><span style=\"font-size:14.0pt;line-height:115%\" lang=\"EN-US\">\u00a0<\/span><\/p>\n<p class=\"MsoNormal\" style=\"margin-top:0in;margin-right:12.35pt;margin-bottom:0in;margin-left:.5in;text-align:center\" align=\"center\"><span style=\"font-size:14.0pt;line-height:115%\" lang=\"EN-US\">Agen\u021bia Jude\u021bean\u0103 pentru Ocuparea<br \/>\nFor\u021bei de Munc\u0103 Hunedoara<\/span><\/p>\n<p class=\"MsoNormal\" style=\"margin-top:0in;margin-right:12.35pt;margin-bottom:6.0pt;margin-left:0in\"><span style=\"font-size:14.0pt;line-height:115%\" lang=\"EN-US\">\u00a0<\/span><\/p>\n<div class=\"file-list-wrap\">\n<ul class=\"file-list\">\n<li><a href=\"\/upload2\/Hunedoara\/26264\/Comunicat_de_presa_-_formare_profesionala_-_iunie_2023.pdf\" download>Comunicat_de_presa_-_formare_profesionala_-_iunie_2023.pdf<\/a><\/li>\n<\/ul>\n<\/div>\n","protected":false},"excerpt":{"rendered":"<p>AJOFM Hunedoara prognozeaz\u0103 pentru luna iunie 2023 organizarea a 4 programe de formare profesional\u0103 pentru \u015fomerii \u015fi persoanele \u00een c\u0103utarea unui loc de munc\u0103<\/p>\n","protected":false},"author":0,"featured_media":0,"comment_status":"closed","ping_status":"closed","sticky":false,"template":"","format":"standard","meta":{"footnotes":""},"categories":[9],"tags":[],"class_list":["post-414","post","type-post","status-publish","format-standard","hentry","category-comunicate-de-presa"],"_links":{"self":[{"href":"https:\/\/www.anofm.ro\/hunedoara\/wp-json\/wp\/v2\/posts\/414","targetHints":{"allow":["GET"]}}],"collection":[{"href":"https:\/\/www.anofm.ro\/hunedoara\/wp-json\/wp\/v2\/posts"}],"about":[{"href":"https:\/\/www.anofm.ro\/hunedoara\/wp-json\/wp\/v2\/types\/post"}],"replies":[{"embeddable":true,"href":"https:\/\/www.anofm.ro\/hunedoara\/wp-json\/wp\/v2\/comments?post=414"}],"version-history":[{"count":0,"href":"https:\/\/www.anofm.ro\/hunedoara\/wp-json\/wp\/v2\/posts\/414\/revisions"}],"wp:attachment":[{"href":"https:\/\/www.anofm.ro\/hunedoara\/wp-json\/wp\/v2\/media?parent=414"}],"wp:term":[{"taxonomy":"category","embeddable":true,"href":"https:\/\/www.anofm.ro\/hunedoara\/wp-json\/wp\/v2\/categories?post=414"},{"taxonomy":"post_tag","embeddable":true,"href":"https:\/\/www.anofm.ro\/hunedoara\/wp-json\/wp\/v2\/tags?post=414"}],"curies":[{"name":"wp","href":"https:\/\/api.w.org\/{rel}","templated":true}]}}