{"id":410,"date":"2023-05-04T00:00:00","date_gmt":"2023-05-03T21:00:00","guid":{"rendered":"https:\/\/www.anofm.ro\/hunedoara\/bursa-generala-a-locurilor-de-munca-12-mai-2023-2\/"},"modified":"2025-02-25T11:17:18","modified_gmt":"2025-02-25T09:17:18","slug":"bursa-generala-a-locurilor-de-munca-12-mai-2023-2","status":"publish","type":"post","link":"https:\/\/www.anofm.ro\/hunedoara\/bursa-generala-a-locurilor-de-munca-12-mai-2023-2\/","title":{"rendered":"Bursa general\u0103 a locurilor de munc\u0103 \u2013 12 mai 2023"},"content":{"rendered":"<p class=\"MsoNormal\" style=\"margin-top:6.0pt;margin-right:0in;margin-bottom:6.0pt;margin-left:0in;text-align:center;line-height:115%\" align=\"center\"><b><span style=\"font-size:16.0pt;line-height:115%;font-family:\" lang=\"EN-US\">Comunicat de pres\u0103<\/span><\/b><\/p>\n<p class=\"MsoNormal\" style=\"margin-top:6.0pt;margin-right:0in;margin-bottom:6.0pt;margin-left:0in;text-align:center;line-height:115%\" align=\"center\"><b><span style=\"font-size:16.0pt;line-height:115%;font-family:\" lang=\"EN-US\">Bursa general\u0103 a<br \/>\nlocurilor de munc\u0103 \u2013 12 mai 2023<\/span><\/b><\/p>\n<p class=\"MsoNormal\" style=\"margin-top:6.0pt;margin-right:0in;margin-bottom:6.0pt;margin-left:0in;line-height:115%\"><span style=\"font-size:14.0pt;line-height:115%;font-family:\" lang=\"EN-US\">\u00a0<\/span><\/p>\n<p class=\"MsoNormal\" style=\"margin-top:6.0pt;margin-right:0in;margin-bottom:6.0pt;margin-left:0in;text-align:justify;line-height:115%\"><span style=\"font-size:14.0pt;line-height:115%;font-family:\" lang=\"EN-US\">Agen\u0163ia Jude\u0163ean\u0103 pentru Ocuparea For\u0163ei de Munc\u0103<br \/>\nHunedoara organizeaz\u0103, vineri, 12 mai 2023, \u00eentre orele 09<sup>00<\/sup> \u201312<sup>00<\/sup><sub>,<\/sub><\/span><\/p>\n<p class=\"MsoNormal\" style=\"margin-top:6.0pt;margin-right:0in;margin-bottom:6.0pt;margin-left:0in;text-align:center;line-height:115%\" align=\"center\"><b><span style=\"font-size:14.0pt;line-height:115%;font-family:\" lang=\"EN-US\">Bursa General\u0103 a<br \/>\nLocurilor de Munc\u0103<\/span><\/b><\/p>\n<p class=\"MsoNormal\" style=\"margin-top:6.0pt;margin-right:0in;margin-bottom:6.0pt;margin-left:0in;text-align:justify;line-height:115%\"><span style=\"font-size:14.0pt;line-height:115%;font-family:\" lang=\"EN-US\">Ac\u0163iunea se va desf\u0103\u015fura \u00een aceast\u0103 zi, at\u00e2t pe plan<br \/>\nna\u0163ional, c\u00e2t \u015fi \u00een re\u0163eaua teritorial\u0103 a Agen\u0163iei Jude\u0163ene pentru Ocuparea<br \/>\nFor\u0163ei de Munc\u0103 Hunedoara, \u00een urm\u0103toarele loca\u021bii:<\/span><\/p>\n<p class=\"MsoListParagraphCxSpFirst\" style=\"margin-top:6.0pt;margin-right:0in;margin-bottom:6.0pt;margin-left:0in;text-align:justify;text-indent:-.25in;line-height:115%\"><span style=\"font-size:14.0pt;line-height:115%;font-family:Symbol;color:windowtext\" lang=\"EN-US\"><span>\u00b7<span style=\"font:7.0pt\">\u00a0\u00a0\u00a0\u00a0\u00a0\u00a0\u00a0<br \/>\n<\/span><\/span><\/span><span style=\"font-size:14.0pt;line-height:115%;font-family:\" lang=\"EN-US\">Deva \u2013<br \/>\nInspectoratul \u0218colar Jude\u021bean Hunedoara, str. Gheorghe Bari\u021biu nr. 2<\/span><\/p>\n<p class=\"MsoListParagraphCxSpMiddle\" style=\"margin-top:6.0pt;margin-right:0in;margin-bottom:6.0pt;margin-left:0in;text-align:justify;text-indent:-.25in;line-height:115%\"><span style=\"font-size:14.0pt;line-height:115%;font-family:Symbol;color:windowtext\" lang=\"EN-US\"><span>\u00b7<span style=\"font:7.0pt\">\u00a0\u00a0\u00a0\u00a0\u00a0\u00a0\u00a0<br \/>\n<\/span><\/span><\/span><span style=\"font-size:14.0pt;line-height:115%;font-family:\" lang=\"EN-US\">Petro\u015fani<br \/>\n\u2013 sediul Agen\u021biei Locale Petro\u0219ani, str. 1 Decembrie 1918, nr.90<\/span><\/p>\n<p class=\"MsoListParagraphCxSpLast\" style=\"margin-top:6.0pt;margin-right:0in;margin-bottom:6.0pt;margin-left:0in;text-align:justify;text-indent:-.25in;line-height:115%\"><span style=\"font-size:14.0pt;line-height:115%;font-family:Symbol;color:windowtext\" lang=\"EN-US\"><span>\u00b7<span style=\"font:7.0pt\">\u00a0\u00a0\u00a0\u00a0\u00a0\u00a0\u00a0<br \/>\n<\/span><\/span><\/span><span style=\"font-size:14.0pt;line-height:115%;font-family:\" lang=\"EN-US\">Or<\/span><span style=\"font-size:14.0pt;line-height:115%;font-family:\">\u0103\u015ftie \u2013 sediul Punctului de Lucru<br \/>\nOr\u0103\u0219tie, str. Octavian Goga, nr.25<\/span><span style=\"font-size:14.0pt;line-height:115%;font-family:\" lang=\"EN-US\"><\/span><\/p>\n<p class=\"MsoNormal\" style=\"margin-top:6.0pt;margin-right:0in;margin-bottom:6.0pt;margin-left:0in;text-align:justify;line-height:115%\"><span style=\"font-size:14.0pt;line-height:115%;font-family:\" lang=\"EN-US\">\u00a0<\/span><\/p>\n<p class=\"MsoNormal\" style=\"margin-top:6.0pt;margin-right:0in;margin-bottom:6.0pt;margin-left:0in;text-align:justify;line-height:115%\"><span style=\"font-size:14.0pt;line-height:115%;font-family:\" lang=\"EN-US\">Evenimentul se adreseaz\u0103 tuturor persoanelor aflate \u00een<br \/>\nc\u0103utarea unui loc de munc\u0103 sau a celor care doresc s\u0103 se reorienteze<br \/>\nprofesional spre ocupa\u021bii cu posibilit\u0103\u021bi de men\u021binere a raportului de munc\u0103 pe<br \/>\ntermen mediu \u0219i lung.<\/span><\/p>\n<p class=\"MsoNormal\" style=\"margin-top:6.0pt;margin-right:0in;margin-bottom:6.0pt;margin-left:0in;text-align:justify;line-height:115%\"><span style=\"font-size:14.0pt;line-height:115%;font-family:\" lang=\"EN-US\">Obiectivul principal al Bursei Generale a Locurilor de<br \/>\nMunc\u0103 \u00eel constituie cre\u0219terea gradului de ocupare, prin corelarea cererii cu<br \/>\noferta de locuri de munc\u0103, exist\u00e2nd posibilitatea interac\u021biunii directe dintre<br \/>\nangajator \u0219i solicitantul locului de munc\u0103.<\/span><\/p>\n<p class=\"MsoNormal\" style=\"margin-top:6.0pt;margin-right:0in;margin-bottom:6.0pt;margin-left:0in;text-align:justify;line-height:115%\"><span style=\"font-size:14.0pt;line-height:115%;font-family:\" lang=\"EN-US\">Agen\u0163ii economici care dispun de locuri de munc\u0103<br \/>\nvacante \u0219i sunt interesa\u021bi s\u0103 participe la acest eveniment, pot depune oferte<br \/>\nde locuri de munc\u0103 vacante p\u00e2n\u0103 \u00een data de 11 mai 2023 la sediul AJOFM<br \/>\nHunedoara din municipiul Deva, Pia\u0163a Unirii, nr. 2, tel. 0254.216.151 sau la<br \/>\ncea mai apropiat\u0103 agen\u0163ie local\u0103 pentru ocuparea for\u0163ei de munc\u0103.<\/span><\/p>\n<p class=\"MsoNormal\" style=\"margin-top:6.0pt;margin-right:0in;margin-bottom:6.0pt;margin-left:0in;text-align:center;line-height:115%\" align=\"center\"><span style=\"font-size:14.0pt;line-height:115%;font-family:\" lang=\"EN-US\">\u00a0<\/span><\/p>\n<p class=\"MsoNormal\" style=\"margin-left:0in;text-align:center\" align=\"center\"><span style=\"font-size:14.0pt;line-height:120%;font-family:\" lang=\"EN-US\">Agen\u021bia Jude\u021bean\u0103 pentru Ocuparea For\u021bei de Munc\u0103 Hunedoara<\/span><\/p>\n<div class=\"file-list-wrap\">\n<ul class=\"file-list\">\n<li><a href=\"\/upload2\/Hunedoara\/25915\/Comunicat_de_presa_-_Organizarea_Bursei_generale_a_locurilor_de_munca_-_12_mai_2023.pdf\" download>Comunicat_de_presa_-_Organizarea_Bursei_generale_a_locurilor_de_munca_-_12_mai_2023.pdf<\/a><\/li>\n<\/ul>\n<\/div>\n","protected":false},"excerpt":{"rendered":"<p>Agen\u0163ia Jude\u0163ean\u0103 pentru Ocuparea For\u0163ei de Munc\u0103 Hunedoara organizeaz\u0103, vineri, 12 mai 2023, \u00eentre orele 09 \u201312,Bursa General\u0103 a Locurilor de Munc\u0103<\/p>\n","protected":false},"author":0,"featured_media":0,"comment_status":"closed","ping_status":"closed","sticky":false,"template":"","format":"standard","meta":{"footnotes":""},"categories":[6,9,16],"tags":[],"class_list":["post-410","post","type-post","status-publish","format-standard","hentry","category-burse-ale-locurilor-de-munca","category-comunicate-de-presa","category-materiale-informative"],"_links":{"self":[{"href":"https:\/\/www.anofm.ro\/hunedoara\/wp-json\/wp\/v2\/posts\/410","targetHints":{"allow":["GET"]}}],"collection":[{"href":"https:\/\/www.anofm.ro\/hunedoara\/wp-json\/wp\/v2\/posts"}],"about":[{"href":"https:\/\/www.anofm.ro\/hunedoara\/wp-json\/wp\/v2\/types\/post"}],"replies":[{"embeddable":true,"href":"https:\/\/www.anofm.ro\/hunedoara\/wp-json\/wp\/v2\/comments?post=410"}],"version-history":[{"count":1,"href":"https:\/\/www.anofm.ro\/hunedoara\/wp-json\/wp\/v2\/posts\/410\/revisions"}],"predecessor-version":[{"id":6376,"href":"https:\/\/www.anofm.ro\/hunedoara\/wp-json\/wp\/v2\/posts\/410\/revisions\/6376"}],"wp:attachment":[{"href":"https:\/\/www.anofm.ro\/hunedoara\/wp-json\/wp\/v2\/media?parent=410"}],"wp:term":[{"taxonomy":"category","embeddable":true,"href":"https:\/\/www.anofm.ro\/hunedoara\/wp-json\/wp\/v2\/categories?post=410"},{"taxonomy":"post_tag","embeddable":true,"href":"https:\/\/www.anofm.ro\/hunedoara\/wp-json\/wp\/v2\/tags?post=410"}],"curies":[{"name":"wp","href":"https:\/\/api.w.org\/{rel}","templated":true}]}}