{"id":402,"date":"2023-04-18T00:00:00","date_gmt":"2023-04-17T21:00:00","guid":{"rendered":"https:\/\/www.anofm.ro\/hunedoara\/mini-bursa-locurilor-de-munca-20-aprilie-2023\/"},"modified":"2025-02-25T11:01:30","modified_gmt":"2025-02-25T09:01:30","slug":"mini-bursa-locurilor-de-munca-20-aprilie-2023","status":"publish","type":"post","link":"https:\/\/www.anofm.ro\/hunedoara\/mini-bursa-locurilor-de-munca-20-aprilie-2023\/","title":{"rendered":"MINI BURSA LOCURILOR DE MUNCA  &#8211; 20 APRILIE 2023"},"content":{"rendered":"<p class=\"MsoNormal\" style=\"margin:0in\"><span style=\"font-size:9.0pt;line-height:115%\">FONDUL<br \/>\nSOCIAL EUROPEAN<\/span><\/p>\n<p class=\"MsoNormal\" style=\"margin:0in\"><span style=\"font-size:9.0pt;line-height:115%\">Programul<br \/>\nOpera\u0163ional Capital Uman 2014 \u2013 2020 <\/span><\/p>\n<p class=\"MsoNormal\" style=\"margin:0in\"><span style=\"font-size:9.0pt;line-height:115%\" lang=\"EN-US\">Axa Prioritar\u0103 5 &#8211; <\/span><span style=\"font-size:9.0pt;line-height:115%\" lang=\"EN-US\">Dezvoltare local\u0103 plasat\u0103 sub<br \/>\nresponsabilitatea comunit\u0103\u021bii<\/span><span style=\"font-size:9.0pt;line-height:115%\" lang=\"EN-US\"> <\/span><span style=\"font-size:9.0pt;line-height:115%\"><\/span><\/p>\n<p class=\"MsoNormal\" style=\"margin:0in\"><span style=\"font-size:9.0pt;line-height:115%\">Titlul<br \/>\nproiectului: <\/span><span style=\"font-size:9.0pt;line-height:115%;color:black\" lang=\"EN-US\">SICO-HD \u2013<br \/>\nServicii Integrate pentru COmunitatea marginalizat\u0103 din municipiul Hunedoara<\/span><span style=\"font-size:9.0pt;line-height:115%\"><\/span><\/p>\n<p class=\"MsoNormal\" style=\"margin:0in\"><span style=\"font-size:9.0pt;line-height:115%\" lang=\"EN-US\">Contract: POCU\/717\/5\/1\/148658<\/span><\/p>\n<p class=\"MsoNormal\" style=\"margin:0in;text-align:right\" align=\"right\"><span><span>\u00a0\u00a0\u00a0\u00a0\u00a0\u00a0\u00a0\u00a0 <\/span><\/span><\/p>\n<p class=\"MsoNormal\" style=\"margin:0in;text-align:right\" align=\"right\"><span>Aprilie 2023<\/span><\/p>\n<p class=\"MsoNormal\" style=\"margin-top:0in;margin-right:1.9pt;margin-bottom:6.0pt;margin-left:0in;text-align:center\" align=\"center\"><b><span style=\"font-size:14.0pt;line-height:115%\">Comunicat de pres\u0103<\/span><\/b><\/p>\n<p class=\"MsoNormal\" style=\"margin-top:0in;margin-right:1.9pt;margin-bottom:6.0pt;margin-left:0in;text-align:center\" align=\"center\"><b><span style=\"font-size:14.0pt;line-height:115%\">\u00a0<\/span><\/b><\/p>\n<p class=\"MsoNormal\" style=\"margin-top:0in;margin-right:1.9pt;margin-bottom:6.0pt;margin-left:0in;text-align:center\" align=\"center\"><b><span style=\"font-size:14.0pt;line-height:115%\">MINI BURSA LOCURILOR DE MUNCA<\/span><\/b><\/p>\n<p class=\"MsoNormal\" style=\"margin-top:0in;margin-right:1.9pt;margin-bottom:6.0pt;margin-left:0in;text-align:center\" align=\"center\"><b><span style=\"font-size:14.0pt;line-height:115%\">20 APRILIE 2023<\/span><\/b><\/p>\n<p class=\"MsoNormal\" style=\"margin-top:0in;margin-right:1.9pt;margin-bottom:6.0pt;margin-left:0in;text-align:center\" align=\"center\"><b><span style=\"font-size:14.0pt;line-height:115%\">\u00a0<\/span><\/b><\/p>\n<p class=\"MsoNormal\" style=\"margin-top:6.0pt;margin-right:0in;margin-bottom:6.0pt;margin-left:0in;text-indent:.25in\"><span style=\"font-size:14.0pt;line-height:115%\">Agen\u021bia Jude\u021bean\u0103 pentru Ocuparea For\u021bei de Munc\u0103 Hunedoara<br \/>\norganizeaz\u0103 \u00een data de <b>20 aprilie<\/b>,<br \/>\nin cadrul proiectului <\/span><b><span style=\"font-size:14.0pt;line-height:115%;color:black\" lang=\"EN-US\">SICO-HD \u2013 \u201cServicii Integrate pentru<br \/>\nCOmunitatea marginalizat\u0103 din municipiul Hunedoara\u201d, MINI BURSA LOCURILOR DE<br \/>\nMUNCA ,<\/span><\/b><span style=\"font-size:14.0pt;line-height:115%\">care are ca scop <\/span><span style=\"font-size:14.0pt;line-height:115%\">reducerea num\u0103rului de persoane aflate \u00een risc de<br \/>\ns\u0103r\u0103cie sau excluziune social\u0103 \u00een ZUM, al\u0103turi de \u00eembun\u0103t\u0103\u021birea calit\u0103\u021bii<br \/>\nvie\u021bii, cre\u0219terea coeziunii sociale, \u00eembun\u0103t\u0103\u021birea mediului de via\u021b\u0103 \u0219i<br \/>\ncre\u0219terea economic\u0103 \u00een teritoriul SDL a Municipiului Hunedoara. <\/span><\/p>\n<p class=\"MsoNormal\" style=\"margin-top:6.0pt;margin-right:2.15pt;margin-bottom:6.0pt;margin-left:0in;text-align:center\" align=\"center\"><b><span style=\"font-size:14.0pt;line-height:115%\">MINI BURSA LOCURILOR DE MUNCA se va desfasura la <\/span><\/b><\/p>\n<p class=\"MsoNormal\" style=\"margin-top:6.0pt;margin-right:2.15pt;margin-bottom:6.0pt;margin-left:0in;text-align:center\" align=\"center\"><b><span style=\"font-size:14.0pt;line-height:115%\">GALERIA de ARTE \u201eCORVIN\u201d, incepand cu ora 09<sup>00<\/sup><\/span><\/b><\/p>\n<p class=\"MsoNormal\" style=\"margin-top:6.0pt;margin-right:2.15pt;margin-bottom:6.0pt;margin-left:0in;text-indent:.25in\"><span style=\"font-size:14.0pt;line-height:115%\">Evenimentul este<br \/>\ndedicat \u00een special <\/span><span style=\"font-size:14.0pt;line-height:115%\">persoanelor aflate \u00een risc de s\u0103r\u0103cie sau excluziune<br \/>\nsocial\u0103 \u00een ZUM,<\/span><span style=\"font-size:14.0pt;line-height:115%\"> <\/span><span style=\"font-size:14.0pt;line-height:115%\" lang=\"EN-US\">\u00een<br \/>\nteritoriul SDL a Municipiului Hunedoara<\/span><span style=\"font-size:14.0pt;line-height:115%\">, far\u0103 a exclude \u00eens\u0103<br \/>\nparticiparea tuturor categoriilor de persoane aflate \u00een c\u0103utarea unui loc de<br \/>\nmunc\u0103, care doresc sa se reintegreze pe pia\u021ba muncii.<\/span><\/p>\n<p class=\"MsoNormal\" style=\"margin-top:6.0pt;margin-right:2.15pt;margin-bottom:6.0pt;margin-left:0in;text-indent:.25in\"><span style=\"font-size:14.0pt;line-height:115%\">Agen\u0163ii economici din<br \/>\njude\u0163 pot depune oferte de locuri de munc\u0103 vacante p\u00e2n\u0103 \u00een data de 19 aprilie<br \/>\n2023, la AJOFM Hunedoara, Deva, Pia\u0163a Unirii, nr. 2, tel. 0254.216.151, e-mail:<br \/>\najofm.hd@anofm.gov.ro, sau la Agentia Locala Hunedoara, tel. 0755999917.<\/span><\/p>\n<p class=\"MsoNormal\" style=\"margin-top:0in;margin-right:1.9pt;margin-bottom:0in;margin-left:0in;text-align:center\" align=\"center\"><b><span style=\"font-size:14.0pt;line-height:115%\">Agen\u021bia Jude\u021bean\u0103 pentru Ocuparea For\u021bei de Munc\u0103 Hunedoara<\/span><\/b><\/p>\n<p class=\"MsoNormal\" style=\"margin:0in;line-height:normal\"><span style=\"font-size:14.0pt\">\u00a0<\/span><\/p>\n<p class=\"MsoNormal\" style=\"margin-top:6.0pt;margin-right:0in;margin-bottom:6.0pt;margin-left:0in;text-align:center\" align=\"center\"><b><span style=\"font-size:14.0pt;line-height:115%\">Director Executiv,<\/span><\/b><\/p>\n<p class=\"MsoNormal\" style=\"margin-top:6.0pt;margin-right:0in;margin-bottom:6.0pt;margin-left:0in;text-align:center\" align=\"center\"><b><span style=\"font-size:14.0pt;line-height:115%\">Georgeta Angelica TOMUTA<\/span><\/b><\/p>\n<div class=\"file-list-wrap\">\n<ul class=\"file-list\">\n<li><a href=\"\/upload2\/Hunedoara\/25691\/Comunicat_de_Presa_20_aprilie_2023.pdf\" download>Comunicat_de_Presa_20_aprilie_2023.pdf<\/a><\/li>\n<\/ul>\n<\/div>\n","protected":false},"excerpt":{"rendered":"<p>AJOFM Hunedoara organizeaz\u0103 \u00een data de 20 aprilie, in cadrul proiectului SICO-HD \u2013 \u201cServicii Integrate pentru COmunitatea marginalizat\u0103 din municipiul Hunedoara\u201d<\/p>\n","protected":false},"author":0,"featured_media":0,"comment_status":"closed","ping_status":"closed","sticky":false,"template":"","format":"standard","meta":{"footnotes":""},"categories":[6,9,16],"tags":[],"class_list":["post-402","post","type-post","status-publish","format-standard","hentry","category-burse-ale-locurilor-de-munca","category-comunicate-de-presa","category-materiale-informative"],"_links":{"self":[{"href":"https:\/\/www.anofm.ro\/hunedoara\/wp-json\/wp\/v2\/posts\/402","targetHints":{"allow":["GET"]}}],"collection":[{"href":"https:\/\/www.anofm.ro\/hunedoara\/wp-json\/wp\/v2\/posts"}],"about":[{"href":"https:\/\/www.anofm.ro\/hunedoara\/wp-json\/wp\/v2\/types\/post"}],"replies":[{"embeddable":true,"href":"https:\/\/www.anofm.ro\/hunedoara\/wp-json\/wp\/v2\/comments?post=402"}],"version-history":[{"count":1,"href":"https:\/\/www.anofm.ro\/hunedoara\/wp-json\/wp\/v2\/posts\/402\/revisions"}],"predecessor-version":[{"id":6368,"href":"https:\/\/www.anofm.ro\/hunedoara\/wp-json\/wp\/v2\/posts\/402\/revisions\/6368"}],"wp:attachment":[{"href":"https:\/\/www.anofm.ro\/hunedoara\/wp-json\/wp\/v2\/media?parent=402"}],"wp:term":[{"taxonomy":"category","embeddable":true,"href":"https:\/\/www.anofm.ro\/hunedoara\/wp-json\/wp\/v2\/categories?post=402"},{"taxonomy":"post_tag","embeddable":true,"href":"https:\/\/www.anofm.ro\/hunedoara\/wp-json\/wp\/v2\/tags?post=402"}],"curies":[{"name":"wp","href":"https:\/\/api.w.org\/{rel}","templated":true}]}}