{"id":390,"date":"2023-02-28T00:00:00","date_gmt":"2023-02-27T22:00:00","guid":{"rendered":"https:\/\/www.anofm.ro\/hunedoara\/comunicat-de-presa-sico-hd-servicii-integrate-pentru-comunitatea-marginalizata-din-municipiul-hunedoara-rezultatele-obtinute-in-intervalul-22-04-2021-31-01-2023\/"},"modified":"2023-02-28T00:00:00","modified_gmt":"2023-02-27T22:00:00","slug":"comunicat-de-presa-sico-hd-servicii-integrate-pentru-comunitatea-marginalizata-din-municipiul-hunedoara-rezultatele-obtinute-in-intervalul-22-04-2021-31-01-2023","status":"publish","type":"post","link":"https:\/\/www.anofm.ro\/hunedoara\/comunicat-de-presa-sico-hd-servicii-integrate-pentru-comunitatea-marginalizata-din-municipiul-hunedoara-rezultatele-obtinute-in-intervalul-22-04-2021-31-01-2023\/","title":{"rendered":"Comunicat de Presa &#8211; SICO-HD \u2013 Servicii Integrate pentru COmunitatea marginalizat\u0103 din municipiul Hunedoara  (Rezultatele obtinute in intervalul 22.04.2021 \u2013 31.01.2023)"},"content":{"rendered":"<p class=\"MsoNormal\" style=\"margin-top:6.0pt;margin-right:0in;margin-bottom:6.0pt;margin-left:0in;text-align:center\" align=\"center\"><b><span lang=\"EN-US\">COMUNICAT DE PRES\u0102<\/span><\/b><\/p>\n<p class=\"MsoNormal\" style=\"margin-top:6.0pt;margin-right:0in;margin-bottom:6.0pt;margin-left:0in;text-align:center\" align=\"center\"><b><span style=\"color:black\" lang=\"EN-US\">\u00a0SICO-HD \u2013 Servicii Integrate pentru<br \/>\nCOmunitatea marginalizat\u0103 din municipiul Hunedoara<\/span><\/b><\/p>\n<p class=\"MsoNormal\" style=\"margin-top:6.0pt;margin-right:0in;margin-bottom:6.0pt;margin-left:0in;text-align:center\" align=\"center\"><b><span style=\"color:black\" lang=\"EN-US\">Rezultatele obtinute in intervalul 22.04.2021<br \/>\n\u2013 31.01.2023<\/span><\/b><span><\/span><\/p>\n<p class=\"MsoNormal\" style=\"margin-top:6.0pt;margin-right:0in;margin-bottom:6.0pt;margin-left:0in\"><b><span lang=\"EN-US\">\u00a0<\/span><\/b><\/p>\n<p class=\"MsoNormal\" style=\"margin-top:6.0pt;margin-right:0in;margin-bottom:6.0pt;margin-left:0in;text-indent:13.5pt\"><span>\u00ce<\/span><span lang=\"EN-US\">n perioada 22 aprilie 2021 \u2013 21 aprilie 2023, Agen\u0163ia Jude\u0163ean\u0103 pentru<br \/>\nOcuparea For\u0163ei de Munc\u0103 Hunedoara \u00een parteneriat cu Asocia\u0163ia non profit<br \/>\nL&amp;C Consulting \u015fi Asocia\u0163ia Pentru Hunedoara Noastr\u0103, deruleaz\u0103 proiectul <\/span><span style=\"color:black\" lang=\"EN-US\">SICO-HD \u2013 Servicii Integrate pentru COmunitatea marginalizat\u0103 din<br \/>\nmunicipiul Hunedoara<\/span><span> &#8211; <\/span><span lang=\"EN-US\">ID 148658.<\/span><span lang=\"IT\"><\/span><\/p>\n<p class=\"MsoNormal\" style=\"margin-top:6.0pt;margin-right:0in;margin-bottom:6.0pt;margin-left:0in;text-indent:13.5pt\"><span lang=\"EN-US\">Obiectivul general al proiectului: <\/span><i><span lang=\"EN-US\">furnizarea<br \/>\ns<\/span><\/i><i><span lang=\"EN-US\">prijinului necesar<br \/>\ncomunit\u0103\u0163ilor marginalizate din municipiul Hunedoara <\/span><\/i><i><span style=\"color:black\" lang=\"EN-US\">(rom\u0103 \u0219i non-rom\u0103)<\/span><\/i><i><span lang=\"EN-US\">,<br \/>\npentru r<\/span><\/i><i><span style=\"color:black\" lang=\"EN-US\">educerea num\u0103rului de persoane<br \/>\naflate \u00een risc de s\u0103r\u0103cie \u0219i excluziune social\u0103 si depa\u015firea situa\u0163iei de<br \/>\nvulnerabilitate a cel pu\u0163in 3 comunit\u0103\u0163i, prin implementarea de m\u0103suri\/<br \/>\nopera\u021biuni integrate \u00een contextul mecanismului de DLRC<\/span><\/i><i><span lang=\"EN-US\">, ce privesc furnizarea serviciilor de ocupare \u00een<br \/>\nconformitate cu prevederile Legii 76\/2002, \u015fi a serviciilor sociale \u00een<br \/>\nconformitate cu prevederile <\/span><\/i><i><span lang=\"EN-US\">Hot\u0103r\u00e2rii Guvernului nr.<br \/>\n867\/2015, pentru cel pu\u0163in 720 persoane, <span>interven\u0163ie<br \/>\nmaterializat\u0103 pe perioada a 24 luni<\/span><\/span><\/i><span lang=\"EN-US\">. <\/span><span lang=\"IT\"><\/span><\/p>\n<p class=\"MsoNormal\" style=\"margin-top:6.0pt;margin-right:0in;margin-bottom:6.0pt;margin-left:0in;text-indent:13.5pt\"><span>Rezultate obtinute in intervalul 22.04.2021<br \/>\n\u2013 31.01.2023<\/span><\/p>\n<p class=\"MsoListParagraphCxSpFirst\" style=\"margin-top:6.0pt;margin-right:0in;margin-bottom:6.0pt;margin-left:45.0pt;text-indent:-.25in\"><span style=\"font-family:Symbol\"><span>\u00b7<span style=\"font:7.0pt\">\u00a0\u00a0\u00a0\u00a0\u00a0\u00a0\u00a0\u00a0<br \/>\n<\/span><\/span><\/span><span>Persoane inregistrate in grupul tinta \u2013 759<a name=\"_Hlk112142548\"> persoane, din care 137 beneficiari cetateni romani de<br \/>\netnie roma.<\/a><\/span><\/p>\n<p><span><\/span><\/p>\n<p class=\"MsoListParagraphCxSpMiddle\" style=\"margin-top:6.0pt;margin-right:0in;margin-bottom:6.0pt;margin-left:45.0pt;text-indent:-.25in\"><span style=\"font-family:Symbol\"><span>\u00b7<span style=\"font:7.0pt\">\u00a0\u00a0\u00a0\u00a0\u00a0\u00a0\u00a0\u00a0<br \/>\n<\/span><\/span><\/span><span>Servicii de informare si consiliere<br \/>\nprofesionala furnizate beneficiarilor \u2013 759 persoane <\/span><\/p>\n<p class=\"MsoListParagraphCxSpMiddle\" style=\"margin-top:6.0pt;margin-right:0in;margin-bottom:6.0pt;margin-left:45.0pt;text-indent:-.25in\"><span style=\"font-family:Symbol\"><span>\u00b7<span style=\"font:7.0pt\">\u00a0\u00a0\u00a0\u00a0\u00a0\u00a0\u00a0\u00a0<br \/>\n<\/span><\/span><\/span><span>Servicii de medierea muncii furnizate<br \/>\nbeneficiarilor \u2013 759 persoane.<\/span><\/p>\n<p class=\"MsoListParagraphCxSpMiddle\" style=\"margin-top:6.0pt;margin-right:0in;margin-bottom:6.0pt;margin-left:45.0pt;text-indent:-.25in\"><span style=\"font-family:Symbol\"><span>\u00b7<span style=\"font:7.0pt\">\u00a0\u00a0\u00a0\u00a0\u00a0\u00a0\u00a0\u00a0<br \/>\n<\/span><\/span><\/span><span>Numarul beneficiarilor angajati, urmare<br \/>\na serviciilor de medierea muncii acordate: 220 persoane din care 29 beneficiari<br \/>\ncetateni romani de etnie roma.<\/span><\/p>\n<p class=\"MsoListParagraphCxSpMiddle\" style=\"margin-top:6.0pt;margin-right:0in;margin-bottom:6.0pt;margin-left:45.0pt;text-indent:-.25in\"><span style=\"font-family:Symbol\"><span>\u00b7<span style=\"font:7.0pt\">\u00a0\u00a0\u00a0\u00a0\u00a0\u00a0\u00a0\u00a0<br \/>\n<\/span><\/span><\/span><span>Microgranturi acordate in valoare totala<br \/>\nde 50.000 euro \u2013 2 firme infiintate.<\/span><\/p>\n<p class=\"MsoListParagraphCxSpMiddle\" style=\"margin-top:6.0pt;margin-right:0in;margin-bottom:6.0pt;margin-left:45.0pt;text-indent:-.25in\"><span style=\"font-family:Symbol\"><span>\u00b7<span style=\"font:7.0pt\">\u00a0\u00a0\u00a0\u00a0\u00a0\u00a0\u00a0\u00a0<br \/>\n<\/span><\/span><\/span><span>Programe de formare profesionala<br \/>\norganizate \u2013 28 grupe de curs (din care 6 grupe de curs sunt in derulare):<\/span><\/p>\n<p class=\"MsoListParagraphCxSpMiddle\" style=\"margin-top:6.0pt;margin-right:0in;margin-bottom:6.0pt;margin-left:1.25in;text-indent:-.25in\"><a name=\"_Hlk112142807\"><span><span>&#8211;<span style=\"font:7.0pt\">\u00a0\u00a0\u00a0\u00a0\u00a0\u00a0 <\/span><\/span><\/span><span>Curs<br \/>\nManichiura-pedichiura \u2013 3 grupe de curs<\/span><\/a><\/p>\n<p class=\"MsoListParagraphCxSpMiddle\" style=\"margin-top:6.0pt;margin-right:0in;margin-bottom:6.0pt;margin-left:1.25in;text-indent:-.25in\"><span><span><span>&#8211;<span style=\"font:7.0pt\">\u00a0\u00a0\u00a0\u00a0\u00a0\u00a0 <\/span><\/span><\/span><span>Curs<br \/>\nLucrator in comert \u2013 3 grupe de curs<\/span><\/span><\/p>\n<p class=\"MsoListParagraphCxSpMiddle\" style=\"margin-top:6.0pt;margin-right:0in;margin-bottom:6.0pt;margin-left:1.25in;text-indent:-.25in\"><span><span><span>&#8211;<span style=\"font:7.0pt\">\u00a0\u00a0\u00a0\u00a0\u00a0\u00a0 <\/span><\/span><\/span><span>Curs<br \/>\nflorar-decorator \u2013 3 grupe de curs<\/span><\/span><\/p>\n<p class=\"MsoListParagraphCxSpMiddle\" style=\"margin-top:6.0pt;margin-right:0in;margin-bottom:6.0pt;margin-left:1.25in;text-indent:-.25in\"><span><span><span>&#8211;<span style=\"font:7.0pt\">\u00a0\u00a0\u00a0\u00a0\u00a0\u00a0 <\/span><\/span><\/span><span>Curs<br \/>\ngauritor-filetator \u2013 2 grupe de curs<\/span><\/span><\/p>\n<p class=\"MsoListParagraphCxSpMiddle\" style=\"margin-top:6.0pt;margin-right:0in;margin-bottom:6.0pt;margin-left:1.25in;text-indent:-.25in\"><span><span><span>&#8211;<span style=\"font:7.0pt\">\u00a0\u00a0\u00a0\u00a0\u00a0\u00a0 <\/span><\/span><\/span><span>Curs<br \/>\nagent de securitate \u2013 3 grupe de curs<\/span><\/span><\/p>\n<p class=\"MsoListParagraphCxSpMiddle\" style=\"margin-top:6.0pt;margin-right:0in;margin-bottom:6.0pt;margin-left:1.25in;text-indent:-.25in\"><span><span><span>&#8211;<span style=\"font:7.0pt\">\u00a0\u00a0\u00a0\u00a0\u00a0\u00a0 <\/span><\/span><\/span><span>Curs<br \/>\ntamplar manual \u2013 2 grupe de curs<\/span><\/span><\/p>\n<p class=\"MsoListParagraphCxSpMiddle\" style=\"margin-top:6.0pt;margin-right:0in;margin-bottom:6.0pt;margin-left:1.25in;text-indent:-.25in\"><span><span><span>&#8211;<span style=\"font:7.0pt\">\u00a0\u00a0\u00a0\u00a0\u00a0\u00a0 <\/span><\/span><\/span><span>Curs<br \/>\nsudor electric \u2013 4 grupe de curs<\/span><\/span><\/p>\n<p class=\"MsoListParagraphCxSpMiddle\" style=\"margin-top:6.0pt;margin-right:0in;margin-bottom:6.0pt;margin-left:1.25in;text-indent:-.25in\"><span><span><span>&#8211;<span style=\"font:7.0pt\">\u00a0\u00a0\u00a0\u00a0\u00a0\u00a0 <\/span><\/span><\/span><span>Curs<br \/>\ncamerista \u2013 4 grupe de curs<\/span><\/span><\/p>\n<p class=\"MsoListParagraphCxSpMiddle\" style=\"margin-top:6.0pt;margin-right:0in;margin-bottom:6.0pt;margin-left:1.25in;text-indent:-.25in\"><span><span><span>&#8211;<span style=\"font:7.0pt\">\u00a0\u00a0\u00a0\u00a0\u00a0\u00a0 <\/span><\/span><\/span><span>Curs<br \/>\ningrijitoare batrani la domiciliu \u2013 2 grupa de curs<\/span><\/span><\/p>\n<p class=\"MsoListParagraphCxSpMiddle\" style=\"margin-top:6.0pt;margin-right:0in;margin-bottom:6.0pt;margin-left:1.25in;text-indent:-.25in\"><span><span><span>&#8211;<span style=\"font:7.0pt\">\u00a0\u00a0\u00a0\u00a0\u00a0\u00a0 <\/span><\/span><\/span><span>Curs<br \/>\nFrizer \u2013 1 grupa de curs<\/span><\/span><\/p>\n<p class=\"MsoListParagraphCxSpMiddle\" style=\"margin-top:6.0pt;margin-right:0in;margin-bottom:6.0pt;margin-left:1.25in;text-indent:-.25in\"><span><span><span>&#8211;<span style=\"font:7.0pt\">\u00a0\u00a0\u00a0\u00a0\u00a0\u00a0 <\/span><\/span><\/span><span>Curs<br \/>\nCofetar \u2013 1 grupa de curs<\/span><\/span><\/p>\n<p><span><\/span><\/p>\n<p class=\"MsoListParagraphCxSpMiddle\" style=\"margin-top:6.0pt;margin-right:0in;margin-bottom:6.0pt;margin-left:49.5pt;text-indent:-.25in\"><span style=\"font-family:Symbol\"><span>\u00b7<span style=\"font:7.0pt\">\u00a0\u00a0\u00a0\u00a0\u00a0\u00a0\u00a0\u00a0<br \/>\n<\/span><\/span><\/span><span>Numarul beneficiarilor cuprinsi in<br \/>\nprogramele de formare profesionala \u2013 391 persoane , din care 47 beneficiari<br \/>\ncetateni romani de etnie roma.<\/span><\/p>\n<p class=\"MsoListParagraphCxSpMiddle\" style=\"margin-top:6.0pt;margin-right:0in;margin-bottom:6.0pt;margin-left:49.5pt;text-indent:-.25in\"><span style=\"font-family:Symbol\"><span>\u00b7<span style=\"font:7.0pt\">\u00a0\u00a0\u00a0\u00a0\u00a0\u00a0\u00a0\u00a0<br \/>\n<\/span><\/span><\/span><span>Numarul beneficiarilor care au obtinut<br \/>\nun certificat de calificare &#8211; 289 persoane, din care 37 beneficiari cetateni romani<br \/>\nde etnie roma.<\/span><\/p>\n<p class=\"MsoListParagraphCxSpLast\" style=\"margin-top:6.0pt;margin-right:0in;margin-bottom:6.0pt;margin-left:49.5pt;text-indent:-.25in\"><span style=\"font-family:Symbol\"><span>\u00b7<span style=\"font:7.0pt\">\u00a0\u00a0\u00a0\u00a0\u00a0\u00a0\u00a0\u00a0<br \/>\n<\/span><\/span><\/span><span>Numarul beneficiarilor cuprinsi in Serviciile<br \/>\nde asistenta sociala \u2013 <\/span><span>Centrul de Zi de integrare si reintegrare sociala,<br \/>\ncoordonat de Asociatia \u201ePentru Hunedoara Noastra\u201d &#8211; 730<span> persoane,<span>\u00a0 <\/span>din care 123 cetateni de<br \/>\netnie roma.<\/span><\/span><\/p>\n<p class=\"MsoNormal\" style=\"margin-top:6.0pt;margin-right:0in;margin-bottom:6.0pt;margin-left:0in;text-indent:13.5pt\"><span>Persoanele care doresc s\u0103 beneficieze<br \/>\nde serviciile proiectului, sunt rugate s\u0103 se adreseze exper\u0163ilor din cadru<br \/>\nAgen\u0163iei Locale Hunedoara.<\/span><\/p>\n<p class=\"MsoNormal\" style=\"margin-top:6.0pt;margin-right:0in;margin-bottom:6.0pt;margin-left:.5in\"><span lang=\"EN-US\">Bulevardul Corvin, nr. 14<\/span><\/p>\n<p class=\"MsoNormal\" style=\"margin-top:6.0pt;margin-right:0in;margin-bottom:6.0pt;margin-left:.5in\"><span lang=\"EN-US\">Telefon: 0755.999.917<\/span><\/p>\n<p class=\"MsoNormal\" style=\"margin-top:6.0pt;margin-right:0in;margin-bottom:6.0pt;margin-left:.5in\"><span lang=\"EN-US\">e-mail <\/span><span lang=\"EN-US\"><a href=\"mailto:ajofm.hd@anofm.gov.ro\"><span>ajofm.hd@anofm.gov.ro<\/span><\/a><\/span><span lang=\"EN-US\"><\/span><\/p>\n<p class=\"MsoNormal \" style=\"margin-top:6.0pt;margin-right:0in;margin-bottom:6.0pt;margin-left:0in\"><span lang=\"EN-US\">\u00a0<\/span><b>Manager proiect<\/b><b><br \/><\/b><\/p>\n<p class=\"MsoNormal \" style=\"margin-top:6.0pt;margin-right:0in;margin-bottom:6.0pt;margin-left:0in\"><b>Adina PALL<\/b><\/p>\n<p class=\"MsoNormal\" style=\"margin-top:6.0pt;margin-right:0in;margin-bottom:6.0pt;margin-left:0in\"><span>\u00a0<span>\u00a0\u00a0\u00a0\u00a0\u00a0\u00a0\u00a0\u00a0\u00a0\u00a0\u00a0\u00a0\u00a0\u00a0\u00a0\u00a0\u00a0\u00a0\u00a0\u00a0\u00a0\u00a0\u00a0\u00a0\u00a0\u00a0\u00a0\u00a0\u00a0\u00a0\u00a0\u00a0\u00a0\u00a0\u00a0\u00a0\u00a0\u00a0\u00a0\u00a0\u00a0\u00a0\u00a0\u00a0\u00a0\u00a0 <\/span><span>\u00a0 <\/span><b>Director<br \/>\nExecutiv,<\/b><\/span><\/p>\n<p class=\"MsoNormal\" style=\"margin-top:6.0pt;margin-right:0in;margin-bottom:6.0pt;margin-left:0in\"><b><span><span>\u00a0\u00a0\u00a0\u00a0\u00a0\u00a0\u00a0\u00a0\u00a0\u00a0\u00a0\u00a0\u00a0\u00a0\u00a0\u00a0\u00a0\u00a0\u00a0\u00a0\u00a0\u00a0\u00a0\u00a0\u00a0\u00a0\u00a0\u00a0\u00a0\u00a0\u00a0\u00a0\u00a0\u00a0\u00a0\u00a0\u00a0 <\/span><span>\u00a0\u00a0\u00a0 <\/span><span>\u00a0\u00a0<\/span>Georgeta<br \/>\nAngelica TOMUTA<\/span><\/b><\/p>\n<p><\/p>\n<div class=\"file-list-wrap\">\n<ul class=\"file-list\">\n<li><a href=\"\/upload2\/Hunedoara\/25033\/4._Comunicat_de_Presa_28.02.2023.pdf\" download>4._Comunicat_de_Presa_28.02.2023.pdf<\/a><\/li>\n<\/ul>\n<\/div>\n","protected":false},"excerpt":{"rendered":"<p>COMUNICAT DE PRES\u0102 \u00a0SICO-HD \u2013 Servicii Integrate pentru COmunitatea marginalizat\u0103 din municipiul Hunedoara Rezultatele obtinute in intervalul 22.04.2021 \u2013 31.01.2023 \u00a0 \u00cen perioada 22 aprilie 2021 \u2013 21 aprilie 2023,<\/p>\n","protected":false},"author":0,"featured_media":0,"comment_status":"closed","ping_status":"closed","sticky":false,"template":"","format":"standard","meta":{"footnotes":""},"categories":[9],"tags":[],"class_list":["post-390","post","type-post","status-publish","format-standard","hentry","category-comunicate-de-presa"],"_links":{"self":[{"href":"https:\/\/www.anofm.ro\/hunedoara\/wp-json\/wp\/v2\/posts\/390","targetHints":{"allow":["GET"]}}],"collection":[{"href":"https:\/\/www.anofm.ro\/hunedoara\/wp-json\/wp\/v2\/posts"}],"about":[{"href":"https:\/\/www.anofm.ro\/hunedoara\/wp-json\/wp\/v2\/types\/post"}],"replies":[{"embeddable":true,"href":"https:\/\/www.anofm.ro\/hunedoara\/wp-json\/wp\/v2\/comments?post=390"}],"version-history":[{"count":0,"href":"https:\/\/www.anofm.ro\/hunedoara\/wp-json\/wp\/v2\/posts\/390\/revisions"}],"wp:attachment":[{"href":"https:\/\/www.anofm.ro\/hunedoara\/wp-json\/wp\/v2\/media?parent=390"}],"wp:term":[{"taxonomy":"category","embeddable":true,"href":"https:\/\/www.anofm.ro\/hunedoara\/wp-json\/wp\/v2\/categories?post=390"},{"taxonomy":"post_tag","embeddable":true,"href":"https:\/\/www.anofm.ro\/hunedoara\/wp-json\/wp\/v2\/tags?post=390"}],"curies":[{"name":"wp","href":"https:\/\/api.w.org\/{rel}","templated":true}]}}