{"id":358,"date":"2022-10-05T00:00:00","date_gmt":"2022-10-04T21:00:00","guid":{"rendered":"https:\/\/www.anofm.ro\/hunedoara\/bursa-locurilor-de-munca-pentru-absolventi-14-octombrie-2022\/"},"modified":"2025-02-25T12:08:04","modified_gmt":"2025-02-25T10:08:04","slug":"bursa-locurilor-de-munca-pentru-absolventi-14-octombrie-2022","status":"publish","type":"post","link":"https:\/\/www.anofm.ro\/hunedoara\/bursa-locurilor-de-munca-pentru-absolventi-14-octombrie-2022\/","title":{"rendered":"BURSA LOCURILOR DE MUNC\u0102 PENTRU ABSOLVEN\u021aI  &#8211; 14 octombrie 2022"},"content":{"rendered":"<p class=\"MsoNormal\" style=\"margin-top:0in;margin-right:1.9pt;margin-bottom:6.0pt;margin-left:0in;text-align:center\" align=\"center\"><span style=\"font-size:12.0pt\">\u00a0<\/span><b><span style=\"font-size:12.0pt;line-height:115%\">BURSA LOCURILOR DE MUNC\u0102 PENTRU ABSOLVEN\u021aI <\/span><\/b><\/p>\n<p class=\"MsoNormal\" style=\"margin-top:0in;margin-right:1.9pt;margin-bottom:6.0pt;margin-left:0in;text-align:center\" align=\"center\"><b><span style=\"font-size:12.0pt;line-height:115%\">14 octombrie 2022<\/span><\/b><\/p>\n<p class=\"MsoNormal\" style=\"margin-top:0in;margin-right:1.9pt;margin-bottom:6.0pt;margin-left:0in\">\u00a0<\/p>\n<p class=\"MsoNormal\" style=\"margin-top:6.0pt;margin-right:2.15pt;margin-bottom:6.0pt;margin-left:.25in\">Agen\u021bia Jude\u021bean\u0103 pentru Ocuparea For\u021bei de Munc\u0103 organizeaza<br \/>\n\u00een data de 14 octombrie <\/p>\n<p class=\"MsoNormal\" style=\"margin-top:6.0pt;margin-right:2.15pt;margin-bottom:6.0pt;margin-left:.25in;text-align:center\" align=\"center\">BURSA LOCURILOR DE<br \/>\nMUNC\u0102 PENTRU ABSOLVEN\u021aI!!!<\/p>\n<p class=\"MsoNormal\" style=\"margin-top:6.0pt;margin-right:2.15pt;margin-bottom:6.0pt;margin-left:.25in\">Evenimentul are ca scop facilitarea accesului<br \/>\nabsolven\u021bilor la locurile de munc\u0103 disponibile \u0219i interac\u021biunea direct\u0103 cu<br \/>\nagen\u021bii economici. De asemenea, la eveniment pot participa \u0219i celelate<br \/>\ncategorii de persoane care nu au loc de munc\u0103 sau care doresc schimbarea<br \/>\nacestuia. <span>\u00a0\u00a0\u00a0\u00a0 <\/span><\/p>\n<p class=\"MsoNormal\" style=\"margin-top:6.0pt;margin-right:2.15pt;margin-bottom:6.0pt;margin-left:.25in\">Ac\u0163iunea se va desf\u0103\u015fura \u00een municipiul Petro\u0219ani, la<br \/>\nsediul nou al Universit\u0103\u021bii din Petro\u0219ani, \u00eentre orele 9<sup>00<\/sup> \u201313<sup>00.<\/sup><\/p>\n<p class=\"MsoNormal\" style=\"margin-top:6.0pt;margin-right:2.15pt;margin-bottom:6.0pt;margin-left:.25in\">Obiectivul principal al acestui eveniment \u00eel<br \/>\nconstituie cre\u015fterea gradului de ocupare pentru absolven\u0163i, nefiind excluse<br \/>\nalte categorii de persoane aflate \u00een c\u0103utarea unui loc de munc\u0103, prin<br \/>\n\u00eent\u00e2lnirea direct\u0103 a cererii cu oferta de locuri de munc\u0103, \u00een condi\u0163iile unei<br \/>\nconcuren\u0163e loiale \u015fi transparente, care s\u0103 permit\u0103 realizarea unui echilibru<br \/>\n\u00eentre acestea, \u00een timpul cel mai scurt.<\/p>\n<p class=\"MsoNormal\" style=\"margin-top:6.0pt;margin-right:2.15pt;margin-bottom:6.0pt;margin-left:.25in\">Angajatorii pot beneficia de subven\u0163ii, conform<br \/>\nprevederilor Legii nr. 76\/2002, dac\u0103 ofer\u0103 absolven\u0163ilor oportunitatea de a<br \/>\nocupa locurile de munc\u0103 pe care le au disponibile. <\/p>\n<p class=\"MsoNormal\" style=\"margin-top:6.0pt;margin-right:2.15pt;margin-bottom:6.0pt;margin-left:.25in\">Cu aceast\u0103 ocazie, reamintim absolven\u0163ilor<br \/>\n\u00eenregistra\u0163i la agen\u0163iile pentru ocuparea for\u0163ei de munc\u0103 faptul c\u0103 pot<br \/>\nbeneficia de prime de inser\u021bie, urmare a angaj\u0103rii cu norm\u0103 \u00eentreag\u0103, pe o<br \/>\nperioad\u0103 mai mare de 12 luni. <\/p>\n<p class=\"MsoNormal\" style=\"margin-top:6.0pt;margin-right:2.15pt;margin-bottom:6.0pt;margin-left:.25in\">Agen\u0163ii economici din jude\u0163 pot depune oferte de<br \/>\nlocuri de munc\u0103 vacante p\u00e2n\u0103 \u00een data de 14 octombrie 2022 la AJOFM Hunedoara,<br \/>\nDeva, Pia\u0163a Unirii, nr. 2, tel. 0254.216.151, e-mail: ajofm.hd@anofm.gov.ro,<br \/>\nsau la cea mai apropiat\u0103 agen\u0163ie local\u0103 pentru ocuparea for\u0163ei de munc\u0103.<\/p>\n<p class=\"MsoNormal\" style=\"margin-top:6.0pt;margin-right:2.15pt;margin-bottom:6.0pt;margin-left:.25in\">Evenimentul se desfa\u0219oar\u0103 \u00een parteneriat cu<br \/>\nUniversitatea din Petro\u0219ani si Inspectoratul \u0218colar Jude\u021bean Hunedoara!<\/p>\n<p class=\"MsoNormal\" style=\"margin-top:0in;margin-right:1.9pt;margin-bottom:0in;margin-left:0in;text-align:center\" align=\"center\"><b>\u00a0<\/b><\/p>\n<p class=\"MsoNormal\" style=\"margin-top:0in;margin-right:1.9pt;margin-bottom:0in;margin-left:0in;text-align:center\" align=\"center\"><b>Agen\u021bia Jude\u021bean\u0103 pentru Ocuparea For\u021bei de Munc\u0103 Hunedoara<\/b><b><span style=\"font-size:14.0pt;line-height:115%\"><\/span><\/b><\/p>\n<p class=\"MsoNormal\" style=\"margin:0in;line-height:normal\"><span style=\"font-size:12.0pt\">\u00a0<\/span><\/p>\n<div class=\"file-list-wrap\">\n<ul class=\"file-list\">\n<li><a href=\"\/upload2\/Hunedoara\/22624\/Comunicat_de_presa_-_Organizarea_Bursei_locurilor_de_munca_pentru_absolventi_-_14.10.2022_actualizat.pdf\" download>Comunicat_de_presa_-_Organizarea_Bursei_locurilor_de_munca_pentru_absolventi_-_14.10.2022_actualizat.pdf<\/a><\/li>\n<\/ul>\n<\/div>\n","protected":false},"excerpt":{"rendered":"<p>14 octombrie 2022Ac\u0163iunea se va desf\u0103\u015fura \u00een municipiul Petro\u0219ani, la sediul nou al Universit\u0103\u021bii din Petro\u0219ani, \u00eentre orele 9.00 \u201313.00.<\/p>\n","protected":false},"author":0,"featured_media":0,"comment_status":"closed","ping_status":"closed","sticky":false,"template":"","format":"standard","meta":{"footnotes":""},"categories":[6,9,16],"tags":[],"class_list":["post-358","post","type-post","status-publish","format-standard","hentry","category-burse-ale-locurilor-de-munca","category-comunicate-de-presa","category-materiale-informative"],"_links":{"self":[{"href":"https:\/\/www.anofm.ro\/hunedoara\/wp-json\/wp\/v2\/posts\/358","targetHints":{"allow":["GET"]}}],"collection":[{"href":"https:\/\/www.anofm.ro\/hunedoara\/wp-json\/wp\/v2\/posts"}],"about":[{"href":"https:\/\/www.anofm.ro\/hunedoara\/wp-json\/wp\/v2\/types\/post"}],"replies":[{"embeddable":true,"href":"https:\/\/www.anofm.ro\/hunedoara\/wp-json\/wp\/v2\/comments?post=358"}],"version-history":[{"count":1,"href":"https:\/\/www.anofm.ro\/hunedoara\/wp-json\/wp\/v2\/posts\/358\/revisions"}],"predecessor-version":[{"id":6389,"href":"https:\/\/www.anofm.ro\/hunedoara\/wp-json\/wp\/v2\/posts\/358\/revisions\/6389"}],"wp:attachment":[{"href":"https:\/\/www.anofm.ro\/hunedoara\/wp-json\/wp\/v2\/media?parent=358"}],"wp:term":[{"taxonomy":"category","embeddable":true,"href":"https:\/\/www.anofm.ro\/hunedoara\/wp-json\/wp\/v2\/categories?post=358"},{"taxonomy":"post_tag","embeddable":true,"href":"https:\/\/www.anofm.ro\/hunedoara\/wp-json\/wp\/v2\/tags?post=358"}],"curies":[{"name":"wp","href":"https:\/\/api.w.org\/{rel}","templated":true}]}}