{"id":352,"date":"2022-08-30T00:00:00","date_gmt":"2022-08-29T21:00:00","guid":{"rendered":"https:\/\/www.anofm.ro\/hunedoara\/programe-de-formare-profesionala-organizate-de-ajofm-hunedoara-in-luna-septembrie-2022\/"},"modified":"2025-02-25T12:14:51","modified_gmt":"2025-02-25T10:14:51","slug":"programe-de-formare-profesionala-organizate-de-ajofm-hunedoara-in-luna-septembrie-2022","status":"publish","type":"post","link":"https:\/\/www.anofm.ro\/hunedoara\/programe-de-formare-profesionala-organizate-de-ajofm-hunedoara-in-luna-septembrie-2022\/","title":{"rendered":"Programe de formare profesional\u0103 organizate de AJOFM Hunedoara \u00een luna septembrie 2022"},"content":{"rendered":"<p class=\"MsoNormal\" style=\"margin-top:0in;margin-right:12.35pt;margin-bottom:0in;margin-left:14.2pt\"><span>AJOFM Hunedoara<br \/>\nprognozeaz\u0103 pentru luna septembrie 2022 organizarea a 6 programe de formare<br \/>\nprofesional\u0103 pentru \u015fomerii \u015fi persoanele \u00een c\u0103utarea unui loc de munc\u0103.<\/span><\/p>\n<p class=\"MsoListParagraphCxSpFirst\" style=\"margin-top:0in;margin-right:12.35pt;margin-bottom:6.0pt;margin-left:32.2pt;text-indent:-.25in;line-height:150%\"><b><span><span>1.<span style=\"font:7.0pt\">\u00a0\u00a0\u00a0<br \/>\n<\/span><\/span><\/span><\/b><b><span>Administrator pensiune turistic\u0103<\/span><\/b><span> \u2013 720 ore &#8211; Loca\u0163ia de desf\u0103\u015furare: Ha\u021beg<\/span><\/p>\n<p class=\"MsoListParagraphCxSpMiddle\" style=\"margin-top:0in;margin-right:12.35pt;margin-bottom:6.0pt;margin-left:32.2pt;text-indent:-.25in;line-height:150%\"><span style=\"background:yellow\">\u00a0<\/span><b><span><span>2.<span style=\"font:7.0pt\">\u00a0\u00a0\u00a0<br \/>\n<\/span><\/span><\/span><\/b><b><span>Manichiurist &#8211; pedichiurist<\/span><\/b><span> \u2013 360 ore \u2013 Loca\u0163ia de desf\u0103\u015furare: Deva<\/span><\/p>\n<p class=\"MsoListParagraphCxSpMiddle\" style=\"margin-top:0in;margin-right:12.35pt;margin-bottom:6.0pt;margin-left:32.2pt;text-indent:-.25in;line-height:150%\"><span style=\"background:yellow\">\u00a0<\/span><b><span><span>3.<span style=\"font:7.0pt\">\u00a0\u00a0\u00a0<br \/>\n<\/span><\/span><\/span><\/b><b><span>Agent de securitate<\/span><\/b><span> \u2013 360 ore &#8211; Loca\u0163ia de desf\u0103\u015furare: Hunedoara<\/span><\/p>\n<p class=\"MsoListParagraphCxSpMiddle\" style=\"margin-top:0in;margin-right:12.35pt;margin-bottom:6.0pt;margin-left:32.2pt;text-indent:-.25in;line-height:150%\"><span>\u00a0<\/span><b><span><span>4.<span style=\"font:7.0pt\">\u00a0\u00a0\u00a0<br \/>\n<\/span><\/span><\/span><\/b><b><span>Cofetar <\/span><\/b><span>&#8211; 360 ore &#8211; Loca\u0163ia de desf\u0103\u015furare: Hunedoara<\/span><\/p>\n<p class=\"MsoListParagraphCxSpMiddle\" style=\"margin-top:0in;margin-right:12.35pt;margin-bottom:6.0pt;margin-left:32.2pt;text-indent:-.25in;line-height:150%\"><span>\u00a0<\/span><b><span><span>5.<span style=\"font:7.0pt\">\u00a0\u00a0\u00a0<br \/>\n<\/span><\/span><\/span><\/b><b><span>Lucr\u0103tor \u00een comer\u021b<\/span><\/b><span> &#8211; 360 ore &#8211; Loca\u0163ia de desf\u0103\u015furare: Brad<\/span><\/p>\n<p class=\"MsoListParagraphCxSpMiddle \" style=\"margin-top:0in;margin-right:12.35pt;margin-bottom:6.0pt;margin-left:32.2pt;text-indent:-.25in;line-height:150%\"><span>\u00a0<b>6. Manichiurist &#8211; pedichiurist<\/b> \u2013 360 ore \u2013 Loca\u0163ia de desf\u0103\u015furare: Petro\u0219ani<\/span><\/p>\n<p class=\"MsoNormal\" style=\"margin-top:0in;margin-right:12.35pt;margin-bottom:0in;margin-left:14.2pt\"><span lang=\"EN-US\">Informa\u0163ii suplimentare pute\u0163i ob\u0163ine<br \/>\nde la sediile agen\u0163iilor locale \u015fi punctelor de lucru din localit\u0103\u0163ile<br \/>\nmen\u0163ionate mai sus sau la telefon 0755.99.99.29 \u0219i 0755.99.99.30.<\/span><\/p>\n<p class=\"MsoNormal\" style=\"margin-top:0in;margin-right:12.35pt;margin-bottom:0in;margin-left:.5in;text-align:center\" align=\"center\"><span lang=\"EN-US\">\u00a0<\/span><\/p>\n<p class=\"MsoNormal\" style=\"margin-top:0in;margin-right:12.35pt;margin-bottom:0in;margin-left:.5in;text-align:center\" align=\"center\"><span lang=\"EN-US\">\u00a0Agen\u021bia<br \/>\nJude\u021bean\u0103 pentru Ocuparea For\u021bei de Munc\u0103 Hunedoara<\/span><\/p>\n<p class=\"MsoNormal\" style=\"margin-top:0in;margin-right:12.35pt;margin-bottom:6.0pt;margin-left:0in\"><span lang=\"EN-US\">\u00a0<\/span><\/p>\n<div class=\"file-list-wrap\">\n<ul class=\"file-list\">\n<li><a href=\"\/upload2\/Hunedoara\/22222\/Comunicat_de_presa_-_formare_profesionala_-_septembrie_2022.pdf\" download>Comunicat_de_presa_-_formare_profesionala_-_septembrie_2022.pdf<\/a><\/li>\n<\/ul>\n<\/div>\n","protected":false},"excerpt":{"rendered":"<p>AJOFM Hunedoara prognozeaz\u0103 pentru luna septembrie 2022 organizarea a 6 programe de formare profesional\u0103 pentru \u015fomerii \u015fi persoanele \u00een c\u0103utarea unui loc de munc\u0103.<\/p>\n","protected":false},"author":0,"featured_media":0,"comment_status":"closed","ping_status":"closed","sticky":false,"template":"","format":"standard","meta":{"footnotes":""},"categories":[9,11],"tags":[],"class_list":["post-352","post","type-post","status-publish","format-standard","hentry","category-comunicate-de-presa","category-cursuri-de-formare-profesionala"],"_links":{"self":[{"href":"https:\/\/www.anofm.ro\/hunedoara\/wp-json\/wp\/v2\/posts\/352","targetHints":{"allow":["GET"]}}],"collection":[{"href":"https:\/\/www.anofm.ro\/hunedoara\/wp-json\/wp\/v2\/posts"}],"about":[{"href":"https:\/\/www.anofm.ro\/hunedoara\/wp-json\/wp\/v2\/types\/post"}],"replies":[{"embeddable":true,"href":"https:\/\/www.anofm.ro\/hunedoara\/wp-json\/wp\/v2\/comments?post=352"}],"version-history":[{"count":1,"href":"https:\/\/www.anofm.ro\/hunedoara\/wp-json\/wp\/v2\/posts\/352\/revisions"}],"predecessor-version":[{"id":6395,"href":"https:\/\/www.anofm.ro\/hunedoara\/wp-json\/wp\/v2\/posts\/352\/revisions\/6395"}],"wp:attachment":[{"href":"https:\/\/www.anofm.ro\/hunedoara\/wp-json\/wp\/v2\/media?parent=352"}],"wp:term":[{"taxonomy":"category","embeddable":true,"href":"https:\/\/www.anofm.ro\/hunedoara\/wp-json\/wp\/v2\/categories?post=352"},{"taxonomy":"post_tag","embeddable":true,"href":"https:\/\/www.anofm.ro\/hunedoara\/wp-json\/wp\/v2\/tags?post=352"}],"curies":[{"name":"wp","href":"https:\/\/api.w.org\/{rel}","templated":true}]}}