{"id":339,"date":"2022-07-04T00:00:00","date_gmt":"2022-07-03T21:00:00","guid":{"rendered":"https:\/\/www.anofm.ro\/hunedoara\/in-atentia-absolventilor-de-invatamant-promotia-2022\/"},"modified":"2022-07-04T00:00:00","modified_gmt":"2022-07-03T21:00:00","slug":"in-atentia-absolventilor-de-invatamant-promotia-2022","status":"publish","type":"post","link":"https:\/\/www.anofm.ro\/hunedoara\/in-atentia-absolventilor-de-invatamant-promotia-2022\/","title":{"rendered":"\u00cen aten\u021bia absolven\u021bilor de \u00eenv\u0103\u021b\u0103m\u00e2nt \u2013 promo\u021bia 2022"},"content":{"rendered":"<p><font face=\"Trebuchet MS\"><\/p>\n<p><\/font><\/p>\n<p class=\"MsoNormal\" style=\"margin-top:0in;margin-right:0in;margin-bottom:0in;margin-left:.25in;text-align:center\"><font face=\"Trebuchet MS\"><b><span style=\"line-height:115%\" lang=\"RO\">\u00cen aten\u021bia absolven\u021bilor de \u00eenv\u0103\u021b\u0103m\u00e2nt \u2013<br \/>\npromo\u021bia 2022<\/span><\/b><\/font><\/p>\n<p><font face=\"Trebuchet MS\"><\/p>\n<p><\/font><\/p>\n<p class=\"MsoNormal\" style=\"margin-top:6.0pt;margin-right:12.95pt;margin-bottom:0in;margin-left:.25in\"><span lang=\"RO\">Agen\u0163ia Jude\u021bean\u0103 pentru Ocuparea For\u0163ei de Munc\u0103 Hunedoara informeaz\u0103<br \/>\nabsolven\u0163ii promo\u0163iei 2022 c\u0103, <b>\u00een termen de 60 de zile de la absolvire<\/b>,<br \/>\nsunt a\u015ftepta\u0163i s\u0103 se \u00eenregistreze \u00een eviden\u0163ele institu\u0163iei pentru a beneficia<br \/>\nde toate serviciile asigurate de AJOFM \u00een scopul integr\u0103rii acestora pe pia\u0163a<br \/>\nfor\u0163ei de munc\u0103. <\/span><\/p>\n<p class=\"MsoNormal\" style=\"margin-top:6.0pt;margin-right:12.95pt;margin-bottom:0in;margin-left:.25in\"><span lang=\"RO\">Preciz\u0103m c\u0103 \u00eenregistrarea ca persoan\u0103 aflat\u0103 \u00een c\u0103utarea unui loc de munc\u0103<br \/>\neste o etap\u0103 prealabil\u0103 \u0219i obligatorie \u00een vederea ob\u021binerii facilit\u0103\u021bilor<br \/>\nacordate potrivit Legii nr. 76\/2002 privind sistemul asigur\u0103rilor pentru \u0219omaj<br \/>\n\u0219i stimularea ocup\u0103rii for\u021bei de munc\u0103. <\/span><\/p>\n<p class=\"MsoNormal\" style=\"margin-top:6.0pt;margin-right:12.95pt;margin-bottom:0in;margin-left:.25in\"><span lang=\"RO\">Astfel, absolven\u0163ii institu\u021biilor de \u00eenv\u0103\u021b\u0103m\u00e2nt care se \u00eenregistreaz\u0103 \u00een<br \/>\neviden\u0163ele agen\u0163iilor pentru ocuparea for\u021bei de munc\u0103 \u00een raza c\u0103rora \u00ee\u0219i au<br \/>\ndomiciliul, ca persoane aflate \u00een c\u0103utarea unui loc de munc\u0103 beneficiaz\u0103 de<br \/>\nservicii de informare \u015fi consiliere profesional\u0103, medierea muncii, servicii<br \/>\ngratuite de formare profesional\u0103, precum \u0219i de facilit\u0103\u021bi financiare. <\/span><\/p>\n<p class=\"MsoNormal\" style=\"margin-top:6.0pt;margin-right:12.95pt;margin-bottom:0in;margin-left:.25in\"><span lang=\"RO\">Actele necesare pentru \u00eenregistrarea absolven\u021bilor ca persoane aflate \u00een<br \/>\nc\u0103utarea unui loc de munc\u0103 sunt: <\/span><\/p>\n<p class=\"MsoListParagraph\" style=\"margin-top:6.0pt;margin-right:12.95pt;margin-bottom:6.0pt;margin-left:76.3pt;text-indent:-.25in\"><span style=\"font-family:\" lang=\"RO\"><span>o<span style=\"font:7.0pt\">\u00a0\u00a0 <\/span><\/span><\/span><span lang=\"RO\">actul de identitate, \u00een original \u015fi copie; <\/span><\/p>\n<p class=\"Default\" style=\"margin-top:6.0pt;margin-right:12.95pt;margin-bottom:6.0pt;margin-left:76.3pt;text-align:justify;text-indent:-.25in;line-height:115%\"><span style=\"font-size:11.0pt;line-height:115%;font-family:\" lang=\"RO\"><span>o<span style=\"font:7.0pt\">\u00a0\u00a0<br \/>\n<\/span><\/span><\/span><span style=\"font-size:11.0pt;line-height:115%\" lang=\"RO\">actele de<br \/>\nstudii (diploma sau adeverinta) \u015fi de calificare sau adeverin\u0163a din care s\u0103<br \/>\nrezulte data absolvirii, \u00een original \u015fi copie;<\/span><span style=\"font-size:11.0pt;line-height:115%\" lang=\"RO\"> <\/span><span style=\"font-size:11.0pt;line-height:115%\" lang=\"RO\"><\/span><\/p>\n<p class=\"MsoListParagraphCxSpFirst\" style=\"margin-top:6.0pt;margin-right:12.95pt;margin-bottom:6.0pt;margin-left:76.3pt;text-indent:-.25in\"><span style=\"font-family:\" lang=\"RO\"><span>o<span style=\"font:7.0pt\">\u00a0\u00a0 <\/span><\/span><\/span><span lang=\"RO\">declaratia pe proprie raspundere privind<br \/>\nrestrictiile medicale (clinic s\u0103n\u0103toas\u0103 sau apt\u0103 de munc\u0103 ori c\u0103 are eventuale<br \/>\nrestric\u0163ii medicale).<\/span><\/p>\n<p class=\"MsoListParagraphCxSpLast\" style=\"margin-top:6.0pt;margin-right:12.95pt;margin-bottom:6.0pt;margin-left:76.3pt;text-indent:-.25in\"><span style=\"font-family:\" lang=\"RO\"><span>o<span style=\"font:7.0pt\">\u00a0\u00a0<br \/>\n<\/span><\/span><\/span><span lang=\"RO\">Numar de telefon<\/span><span lang=\"RO\"> <\/span><\/p>\n<p class=\"MsoNormal\" style=\"margin-top:6.0pt;margin-right:12.95pt;margin-bottom:0in;margin-left:.25in\"><span lang=\"RO\">Prin absolvent al unei institu\u0163ii de \u00eenv\u0103\u0163\u0103m\u00e2nt se \u00een\u0163elege persoana care a<br \/>\nob\u0163inut o diplom\u0103 sau un certificat de studii, \u00een condi\u0163iile legii, \u00een una<br \/>\ndintre institu\u0163iile de \u00eenv\u0103\u0163\u0103m\u00e2nt gimnazial, profesional, special, liceal,<br \/>\npostliceal sau superior, de stat ori particular, autorizat sau acreditat \u00een<br \/>\ncondi\u0163iile legii. <\/span><\/p>\n<p class=\"MsoNormal\" style=\"margin-top:6.0pt;margin-right:12.95pt;margin-bottom:0in;margin-left:.25in\"><span lang=\"RO\">\u00cen cazul absolven\u0163ilor de liceu, indiferent dac\u0103 a fost sau nu promovat<br \/>\nexamenul de Bacalaureat, termenul de 60 de zile \u00eencepe pe 28 mai 2022, potrivit<br \/>\nprevederilor Ordinului nr. 5.549\/05.11.2021 al Ministrului Educa\u0163iei si<br \/>\nCercetarii, privind structura anului scolar 2021-2022, conform c\u0103ruia cursurile<br \/>\nclaselor terminale din \u00eenv\u0103\u0163\u0103m\u00e2ntul liceal se \u00eencheie \u00een data de 27 mai 2022. Data<br \/>\nlimita de inregistrare in evidenta AJOFM Hunedoara este 25 iulie 2022.<\/span><\/p>\n<p class=\"MsoNormal\" style=\"margin-top:6.0pt;margin-right:12.95pt;margin-bottom:0in;margin-left:.25in\"><span lang=\"RO\">Elevii care nu au situa\u0163ia \u0219colar\u0103 \u00eencheiat\u0103 la toate materiile, se pot<br \/>\n\u00eenregistra \u00een eviden\u021bele agen\u021biei \u00een termen de 60 de zile de la data promov\u0103rii<br \/>\nexamenului de corigen\u021b\u0103, data \u00eenscris\u0103 \u00een adeverin\u0163a eliberat\u0103 de institu\u0163ia de<br \/>\n\u00eenv\u0103\u0163\u0103m\u00e2nt. <\/span><\/p>\n<p class=\"Default\" style=\"margin-top:6.0pt;margin-right:12.95pt;margin-bottom:0in;margin-left:.25in;margin-bottom:.0001pt;text-align:justify;line-height:115%\"><span style=\"font-size:11.0pt;line-height:115%\">Persoanele care <span>\u00eentr-o perioad<\/span><\/span><span style=\"font-size:11.0pt;line-height:115%\">\u0103<\/span><span style=\"font-size:11.0pt;line-height:115%\"> de 60 de zile de la finalizarea studiilor <\/span><span style=\"font-size:11.0pt;line-height:115%\">nu s-au \u00eencadrat \u00een munc<\/span><span style=\"font-size:11.0pt;line-height:115%\">\u0103<\/span><span style=\"font-size:11.0pt;line-height:115%\"> potrivit preg<\/span><span style=\"font-size:11.0pt;line-height:115%\">\u0103<\/span><span style=\"font-size:11.0pt;line-height:115%\">tirii profesionale <\/span><span style=\"font-size:11.0pt;line-height:115%\">\u015f<\/span><span style=\"font-size:11.0pt;line-height:115%\">i sunt <\/span><span style=\"font-size:11.0pt;line-height:115%\">\u00ee<\/span><span style=\"font-size:11.0pt;line-height:115%\">nregistra<\/span><span style=\"font-size:11.0pt;line-height:115%\">\u021b<\/span><span style=\"font-size:11.0pt;line-height:115%\">i la<br \/>\nAgen\u0163iile Locale \u015fi Punctele de Lucru<b> <\/b><\/span><span style=\"font-size:11.0pt;line-height:115%\">din raza de domiciliu\/re<\/span><span style=\"font-size:11.0pt;line-height:115%\">\u015f<\/span><span style=\"font-size:11.0pt;line-height:115%\">edin<\/span><span style=\"font-size:11.0pt;line-height:115%\">\u0163\u0103<\/span><span style=\"font-size:11.0pt;line-height:115%\">, pot solicita acordarea indemniza<\/span><span style=\"font-size:11.0pt;line-height:115%\">\u0163<\/span><span style=\"font-size:11.0pt;line-height:115%\">iei de <\/span><span style=\"font-size:11.0pt;line-height:115%\">\u015f<\/span><span style=\"font-size:11.0pt;line-height:115%\">omaj dac<\/span><span style=\"font-size:11.0pt;line-height:115%\">\u0103<\/span><span style=\"font-size:11.0pt;line-height:115%\">: <\/span><\/p>\n<p class=\"Default\" style=\"margin-top:6.0pt;margin-right:12.95pt;margin-bottom:0in;margin-left:49.5pt;margin-bottom:.0001pt;text-align:justify;text-indent:0in;line-height:115%\"><span style=\"font-size:11.0pt;line-height:115%;font-family:Symbol\"><span>\u00b7<span style=\"font:7.0pt\">\u00a0\u00a0<br \/>\n<\/span><\/span><\/span><span style=\"font-size:11.0pt;line-height:115%\">nu<br \/>\nurmeaz<\/span><span style=\"font-size:11.0pt;line-height:115%\">\u0103<\/span><span style=\"font-size:11.0pt;line-height:115%\"> o<br \/>\nform<\/span><span style=\"font-size:11.0pt;line-height:115%\">\u0103<\/span><span style=\"font-size:11.0pt;line-height:115%\"> de <\/span><span style=\"font-size:11.0pt;line-height:115%\">\u00ee<\/span><span style=\"font-size:11.0pt;line-height:115%\">nv<\/span><span style=\"font-size:11.0pt;line-height:115%\">\u0103\u0163\u0103<\/span><span style=\"font-size:11.0pt;line-height:115%\">m<\/span><span style=\"font-size:11.0pt;line-height:115%\">\u00e2<\/span><span style=\"font-size:11.0pt;line-height:115%\">nt;<\/span><\/p>\n<p class=\"Default\" style=\"margin-top:6.0pt;margin-right:12.95pt;margin-bottom:0in;margin-left:49.5pt;margin-bottom:.0001pt;text-align:justify;text-indent:0in;line-height:115%\"><span style=\"font-size:11.0pt;line-height:115%;font-family:Symbol\"><span>\u00b7<span style=\"font:7.0pt\">\u00a0\u00a0<br \/>\n<\/span><\/span><\/span><span style=\"font-size:11.0pt;line-height:115%\">nu<br \/>\nrealizeaz<\/span><span style=\"font-size:11.0pt;line-height:115%\">\u0103<\/span><span style=\"font-size:11.0pt;line-height:115%\"><br \/>\nvenituri sau realizeaz<\/span><span style=\"font-size:11.0pt;line-height:115%\">\u0103<\/span><span style=\"font-size:11.0pt;line-height:115%\"> venituri mai mici dec<\/span><span style=\"font-size:11.0pt;line-height:115%\">\u00e2<\/span><span style=\"font-size:11.0pt;line-height:115%\">t valoarea indicatorului social de<br \/>\nreferin<\/span><span style=\"font-size:11.0pt;line-height:115%\">\u0163\u0103<\/span><span style=\"font-size:11.0pt;line-height:115%\"> <\/span><span style=\"font-size:11.0pt;line-height:115%\">\u00ee<\/span><span style=\"font-size:11.0pt;line-height:115%\">n vigoare.<\/span><\/p>\n<p class=\"Default\" style=\"margin-top:6.0pt;margin-right:12.95pt;margin-bottom:0in;margin-left:.25in;margin-bottom:.0001pt;text-align:justify;line-height:115%\"><span style=\"font-size:11.0pt;line-height:115%\">Indemniza<\/span><span style=\"font-size:11.0pt;line-height:115%\">\u021b<\/span><span style=\"font-size:11.0pt;line-height:115%\">ia de <\/span><span style=\"font-size:11.0pt;line-height:115%\">\u0219<\/span><span style=\"font-size:11.0pt;line-height:115%\">omaj se acord<\/span><span style=\"font-size:11.0pt;line-height:115%\">\u0103<\/span><span style=\"font-size:11.0pt;line-height:115%\"> absolven<\/span><span style=\"font-size:11.0pt;line-height:115%\">\u0163<\/span><span style=\"font-size:11.0pt;line-height:115%\">ilor, la cerere, pe o perioada de 6<br \/>\nluni, calculat<\/span><span style=\"font-size:11.0pt;line-height:115%\">\u0103<\/span><span style=\"font-size:11.0pt;line-height:115%\"> de<br \/>\nla data expir<\/span><span style=\"font-size:11.0pt;line-height:115%\">\u0103<\/span><span style=\"font-size:11.0pt;line-height:115%\">rii<br \/>\ncelor 60 de zile de la absolvire <\/span><span style=\"font-size:11.0pt;line-height:115%\">\u015f<\/span><span style=\"font-size:11.0pt;line-height:115%\">i const<\/span><span style=\"font-size:11.0pt;line-height:115%\">\u0103<\/span><span style=\"font-size:11.0pt;line-height:115%\"> <\/span><span style=\"font-size:11.0pt;line-height:115%\">\u00ee<\/span><span style=\"font-size:11.0pt;line-height:115%\">ntr-o sum<\/span><span style=\"font-size:11.0pt;line-height:115%\">\u0103<\/span><span style=\"font-size:11.0pt;line-height:115%\"> fix<\/span><span style=\"font-size:11.0pt;line-height:115%\">\u0103<\/span><span style=\"font-size:11.0pt;line-height:115%\">, lunar<\/span><span style=\"font-size:11.0pt;line-height:115%\">\u0103<\/span><span style=\"font-size:11.0pt;line-height:115%\">, neimpozabil<\/span><span style=\"font-size:11.0pt;line-height:115%\">\u0103<\/span><span style=\"font-size:11.0pt;line-height:115%\"> al c<\/span><span style=\"font-size:11.0pt;line-height:115%\">\u0103<\/span><span style=\"font-size:11.0pt;line-height:115%\">rei cuantum este 50% din valoarea<br \/>\nindicatorului social de referin<\/span><span style=\"font-size:11.0pt;line-height:115%\">\u0163\u0103<\/span><span style=\"font-size:11.0pt;line-height:115%\"> <\/span><span style=\"font-size:11.0pt;line-height:115%\">\u00ee<\/span><span style=\"font-size:11.0pt;line-height:115%\">n vigoare. <\/span><\/p>\n<p style=\"margin-top:6.0pt;margin-right:12.95pt;margin-bottom:0in;margin-left:.25in;text-align:justify;line-height:115%\"><span style=\"font-size:11.0pt;line-height:115%;font-family:\">Absolven\u0163ii<br \/>\ninstitu\u0163iilor de \u00eenv\u0103\u0163\u0103m\u00e2nt \u015fi absolven\u0163ii \u015fcolilor speciale, \u00een v\u00e2rst\u0103 de<br \/>\nminimum 16 ani, care, \u00een termen de 60 de zile de la absolvire, se \u00eenregistreaz\u0103<br \/>\nla agen\u0163iile pentru ocuparea for\u0163ei de munc\u0103 \u015fi se angajeaz\u0103 cu norm\u0103 \u00eentreag\u0103<br \/>\npentru o perioad\u0103 mai mare de 12 luni, beneficiaz\u0103, din bugetul asigur\u0103rilor<br \/>\npentru \u015fomaj, de o prim\u0103 de inser\u0163ie de 1.500 lei, pl\u0103tit\u0103 \u00een 2 tran\u0219e.<\/span><\/p>\n<p class=\"Default\" style=\"margin-top:6.0pt;margin-right:12.95pt;margin-bottom:0in;margin-left:.25in;margin-bottom:.0001pt;text-align:justify;line-height:115%\"><span style=\"font-size:11.0pt;line-height:115%\">\u00cen cazul \u00een care absolven<\/span><span style=\"font-size:11.0pt;line-height:115%\">\u0163<\/span><span style=\"font-size:11.0pt;line-height:115%\">ii nu se prezint<\/span><span style=\"font-size:11.0pt;line-height:115%\">\u0103<\/span><span style=\"font-size:11.0pt;line-height:115%\"> <\/span><span style=\"font-size:11.0pt;line-height:115%\">\u00ee<\/span><span style=\"font-size:11.0pt;line-height:115%\">n intervalul de 60 de zile de la<br \/>\nterminarea studiilor, au dreptul s<\/span><span style=\"font-size:11.0pt;line-height:115%\">\u0103<\/span><span style=\"font-size:11.0pt;line-height:115%\"> se <\/span><span style=\"font-size:11.0pt;line-height:115%\">\u00ee<\/span><span style=\"font-size:11.0pt;line-height:115%\">nregistreze ca persoane aflate <\/span><span style=\"font-size:11.0pt;line-height:115%\">\u00ee<\/span><span style=\"font-size:11.0pt;line-height:115%\">n c<\/span><span style=\"font-size:11.0pt;line-height:115%\">\u0103<\/span><span style=\"font-size:11.0pt;line-height:115%\">utarea unui loc de munc<\/span><span style=\"font-size:11.0pt;line-height:115%\">\u0103<\/span><span style=\"font-size:11.0pt;line-height:115%\">, beneficiaz<\/span><span style=\"font-size:11.0pt;line-height:115%\">\u0103<\/span><span style=\"font-size:11.0pt;line-height:115%\"> de toate serviciile oferite de agen<\/span><span style=\"font-size:11.0pt;line-height:115%\">\u021b<\/span><span style=\"font-size:11.0pt;line-height:115%\">iile pentru ocuparea for<\/span><span style=\"font-size:11.0pt;line-height:115%\">\u021b<\/span><span style=\"font-size:11.0pt;line-height:115%\">ei de munc<\/span><span style=\"font-size:11.0pt;line-height:115%\">\u0103<\/span><span style=\"font-size:11.0pt;line-height:115%\">, <\/span><span style=\"font-size:11.0pt;line-height:115%\">\u00ee<\/span><span style=\"font-size:11.0pt;line-height:115%\">ns<\/span><span style=\"font-size:11.0pt;line-height:115%\">\u0103<\/span><span style=\"font-size:11.0pt;line-height:115%\"> pierd dreptul la indemniza<\/span><span style=\"font-size:11.0pt;line-height:115%\">\u0163<\/span><span style=\"font-size:11.0pt;line-height:115%\">ie de <\/span><span style=\"font-size:11.0pt;line-height:115%\">\u015f<\/span><span style=\"font-size:11.0pt;line-height:115%\">omaj. <\/span><\/p>\n<p class=\"MsoNormal\" style=\"margin-top:6.0pt;margin-right:12.95pt;margin-bottom:0in;margin-left:.25in\">Persoanele interesate pot ob\u0163ine informa\u0163ii suplimentare<br \/>\nla Agen<span lang=\"RO\">\u0163iile Locale \u015fi Punctele de<br \/>\nLucru ale AJOFM Hunedoara <\/span>din raza de domiciliu sau re\u015fedin\u0163\u0103.<b><\/b><\/p>\n<p class=\"MsoNormal\" style=\"margin-top:6.0pt;margin-right:12.95pt;margin-bottom:0in;margin-left:0in;text-align:center\" align=\"center\"><b>\u00a0<\/b><\/p>\n<p class=\"MsoNormal\" style=\"margin-top:6.0pt;margin-right:12.95pt;margin-bottom:0in;margin-left:.25in;text-align:center\" align=\"center\"><b>Agen\u021bia Jude\u021bean\u0103 pentru Ocuparea For\u021bei de Munc\u0103 Hunedoara<\/b><\/p>\n<p><font face=\"Trebuchet MS\"><\/p>\n<p><\/font><\/p>\n<p class=\"MsoNormal \" style=\"margin-top:6.0pt;margin-right:12.95pt;margin-bottom:0in;margin-left:.25in;text-align:center\"><\/p>\n<p><font face=\"Trebuchet MS\"><\/p>\n<p><\/font><\/p>\n<p class=\"MsoNormal\" style=\"margin-top:6.0pt;margin-right:12.95pt;margin-bottom:0in;margin-left:.25in;text-align:center\"><font face=\"Trebuchet MS\"><b>\u00a0<\/b><\/font><\/p>\n<p><font><\/p>\n<p><\/font><\/p>\n<div class=\"file-list-wrap\">\n<ul class=\"file-list\">\n<li><a href=\"\/upload2\/Hunedoara\/21551\/Comunicat_de_presa_-_In_atentia_absolventilor_de_invatamant_-_promotia_2021.pdf\" download>Comunicat_de_presa_-_In_atentia_absolventilor_de_invatamant_-_promotia_2021.pdf<\/a><\/li>\n<\/ul>\n<\/div>\n","protected":false},"excerpt":{"rendered":"<p>\u00cen cazul absolven\u0163ilor de liceu, indiferent dac\u0103 a fost sau nu promovat examenul de Bacalaureat, data limita de inregistrare in evidenta AJOFM Hunedoara este 25 iulie 2022.<\/p>\n","protected":false},"author":0,"featured_media":0,"comment_status":"closed","ping_status":"closed","sticky":false,"template":"","format":"standard","meta":{"footnotes":""},"categories":[9],"tags":[],"class_list":["post-339","post","type-post","status-publish","format-standard","hentry","category-comunicate-de-presa"],"_links":{"self":[{"href":"https:\/\/www.anofm.ro\/hunedoara\/wp-json\/wp\/v2\/posts\/339","targetHints":{"allow":["GET"]}}],"collection":[{"href":"https:\/\/www.anofm.ro\/hunedoara\/wp-json\/wp\/v2\/posts"}],"about":[{"href":"https:\/\/www.anofm.ro\/hunedoara\/wp-json\/wp\/v2\/types\/post"}],"replies":[{"embeddable":true,"href":"https:\/\/www.anofm.ro\/hunedoara\/wp-json\/wp\/v2\/comments?post=339"}],"version-history":[{"count":0,"href":"https:\/\/www.anofm.ro\/hunedoara\/wp-json\/wp\/v2\/posts\/339\/revisions"}],"wp:attachment":[{"href":"https:\/\/www.anofm.ro\/hunedoara\/wp-json\/wp\/v2\/media?parent=339"}],"wp:term":[{"taxonomy":"category","embeddable":true,"href":"https:\/\/www.anofm.ro\/hunedoara\/wp-json\/wp\/v2\/categories?post=339"},{"taxonomy":"post_tag","embeddable":true,"href":"https:\/\/www.anofm.ro\/hunedoara\/wp-json\/wp\/v2\/tags?post=339"}],"curies":[{"name":"wp","href":"https:\/\/api.w.org\/{rel}","templated":true}]}}