{"id":310,"date":"2022-03-01T00:00:00","date_gmt":"2022-02-28T22:00:00","guid":{"rendered":"https:\/\/www.anofm.ro\/hunedoara\/programe-de-formare-profesionala-organizate-de-ajofm-hunedoara-in-luna-martie-2022\/"},"modified":"2025-02-25T12:36:58","modified_gmt":"2025-02-25T10:36:58","slug":"programe-de-formare-profesionala-organizate-de-ajofm-hunedoara-in-luna-martie-2022","status":"publish","type":"post","link":"https:\/\/www.anofm.ro\/hunedoara\/programe-de-formare-profesionala-organizate-de-ajofm-hunedoara-in-luna-martie-2022\/","title":{"rendered":"Programe de formare profesional\u0103 organizate de AJOFM Hunedoara \u00een luna martie 2022"},"content":{"rendered":"<p class=\"MsoNormal\" style=\"margin-top:0in;margin-right:12.35pt;margin-bottom:0in;margin-left:.5in;margin-bottom:.0001pt\"><span>AJOFM Hunedoara prognozeaz\u0103 pentru luna martie 2022 organizarea a 14 programe<br \/>\nde formare profesional\u0103 pentru \u015fomerii \u015fi persoanele \u00een c\u0103utarea unui loc de<br \/>\nmunc\u0103.<\/span><\/p>\n<div class=\"file-list-wrap\">\n<ul class=\"file-list\">\n<li><a href=\"\/upload2\/Hunedoara\/19739\/Comunicat_de_presa_-_formare_profesionala_-_martie_2022.pdf\" download>Comunicat_de_presa_-_formare_profesionala_-_martie_2022.pdf<\/a><\/li>\n<\/ul>\n<\/div>\n","protected":false},"excerpt":{"rendered":"<p>AJOFM Hunedoara prognozeaz\u0103 pentru luna martie 2022 organizarea a 14 programe de formare profesional\u0103 pentru \u015fomerii \u015fi persoanele \u00een c\u0103utarea unui loc de munc\u0103.<\/p>\n","protected":false},"author":0,"featured_media":0,"comment_status":"closed","ping_status":"closed","sticky":false,"template":"","format":"standard","meta":{"footnotes":""},"categories":[9,11],"tags":[],"class_list":["post-310","post","type-post","status-publish","format-standard","hentry","category-comunicate-de-presa","category-cursuri-de-formare-profesionala"],"_links":{"self":[{"href":"https:\/\/www.anofm.ro\/hunedoara\/wp-json\/wp\/v2\/posts\/310","targetHints":{"allow":["GET"]}}],"collection":[{"href":"https:\/\/www.anofm.ro\/hunedoara\/wp-json\/wp\/v2\/posts"}],"about":[{"href":"https:\/\/www.anofm.ro\/hunedoara\/wp-json\/wp\/v2\/types\/post"}],"replies":[{"embeddable":true,"href":"https:\/\/www.anofm.ro\/hunedoara\/wp-json\/wp\/v2\/comments?post=310"}],"version-history":[{"count":1,"href":"https:\/\/www.anofm.ro\/hunedoara\/wp-json\/wp\/v2\/posts\/310\/revisions"}],"predecessor-version":[{"id":6408,"href":"https:\/\/www.anofm.ro\/hunedoara\/wp-json\/wp\/v2\/posts\/310\/revisions\/6408"}],"wp:attachment":[{"href":"https:\/\/www.anofm.ro\/hunedoara\/wp-json\/wp\/v2\/media?parent=310"}],"wp:term":[{"taxonomy":"category","embeddable":true,"href":"https:\/\/www.anofm.ro\/hunedoara\/wp-json\/wp\/v2\/categories?post=310"},{"taxonomy":"post_tag","embeddable":true,"href":"https:\/\/www.anofm.ro\/hunedoara\/wp-json\/wp\/v2\/tags?post=310"}],"curies":[{"name":"wp","href":"https:\/\/api.w.org\/{rel}","templated":true}]}}