{"id":307,"date":"2022-03-01T00:00:00","date_gmt":"2022-02-28T22:00:00","guid":{"rendered":"https:\/\/www.anofm.ro\/hunedoara\/cetatenii-ucraineni-care-doresc-sa-se-angajeze-pe-teritoriul-tarii-noastre-nu-au-nevoie-de-aviz-de-angajare\/"},"modified":"2022-03-01T00:00:00","modified_gmt":"2022-02-28T22:00:00","slug":"cetatenii-ucraineni-care-doresc-sa-se-angajeze-pe-teritoriul-tarii-noastre-nu-au-nevoie-de-aviz-de-angajare","status":"publish","type":"post","link":"https:\/\/www.anofm.ro\/hunedoara\/cetatenii-ucraineni-care-doresc-sa-se-angajeze-pe-teritoriul-tarii-noastre-nu-au-nevoie-de-aviz-de-angajare\/","title":{"rendered":"Cet\u0103\u021benii ucraineni care doresc s\u0103 se angajeze pe teritoriul \u021b\u0103rii noastre nu au nevoie de aviz de angajare"},"content":{"rendered":"<p><b><span style=\"font-size:11.0pt;line-height:115%;font-family:\">ANOFM<br \/>\ninformeaz\u0103 agen\u021bii economici cu privire la faptul c\u0103 cet\u0103\u021benii ucraineni care<br \/>\ndoresc s\u0103 se angajeze pe teritoriul \u021b\u0103rii noastre nu au nevoie de aviz de<br \/>\nangajare <\/span><span style=\"font-size:11.0pt;line-height:115%;font-family:\" lang=\"EN-US\">pentru<br \/>\no perioad\u0103 de maximum 9 luni \u00eentr-un an calendaristic<\/span><\/b><\/p>\n<div class=\"file-list-wrap\">\n<ul class=\"file-list\">\n<li><a href=\"\/upload2\/Hunedoara\/19732\/ANOFM___Comunicat_de_presa_cetateni_ucraineni.pdf\" download>ANOFM___Comunicat_de_presa_cetateni_ucraineni.pdf<\/a><\/li>\n<\/ul>\n<\/div>\n","protected":false},"excerpt":{"rendered":"<p>cet\u0103\u021benii ucraineni care doresc s\u0103 se angajeze pe teritoriul \u021b\u0103rii noastre nu au nevoie de aviz de angajare pentru o perioad\u0103 de maximum 9 luni \u00eentr-un an calendaristic<\/p>\n","protected":false},"author":0,"featured_media":0,"comment_status":"closed","ping_status":"closed","sticky":false,"template":"","format":"standard","meta":{"footnotes":""},"categories":[9],"tags":[],"class_list":["post-307","post","type-post","status-publish","format-standard","hentry","category-comunicate-de-presa"],"_links":{"self":[{"href":"https:\/\/www.anofm.ro\/hunedoara\/wp-json\/wp\/v2\/posts\/307","targetHints":{"allow":["GET"]}}],"collection":[{"href":"https:\/\/www.anofm.ro\/hunedoara\/wp-json\/wp\/v2\/posts"}],"about":[{"href":"https:\/\/www.anofm.ro\/hunedoara\/wp-json\/wp\/v2\/types\/post"}],"replies":[{"embeddable":true,"href":"https:\/\/www.anofm.ro\/hunedoara\/wp-json\/wp\/v2\/comments?post=307"}],"version-history":[{"count":0,"href":"https:\/\/www.anofm.ro\/hunedoara\/wp-json\/wp\/v2\/posts\/307\/revisions"}],"wp:attachment":[{"href":"https:\/\/www.anofm.ro\/hunedoara\/wp-json\/wp\/v2\/media?parent=307"}],"wp:term":[{"taxonomy":"category","embeddable":true,"href":"https:\/\/www.anofm.ro\/hunedoara\/wp-json\/wp\/v2\/categories?post=307"},{"taxonomy":"post_tag","embeddable":true,"href":"https:\/\/www.anofm.ro\/hunedoara\/wp-json\/wp\/v2\/tags?post=307"}],"curies":[{"name":"wp","href":"https:\/\/api.w.org\/{rel}","templated":true}]}}