{"id":164,"date":"2020-06-12T00:00:00","date_gmt":"2020-06-11T21:00:00","guid":{"rendered":"https:\/\/www.anofm.ro\/hunedoara\/comunicat-de-presa-2-171-persoane-si-au-gasit-un-loc-de-munca-cu-sprijinul-ajofm-hunedoara\/"},"modified":"2020-06-12T00:00:00","modified_gmt":"2020-06-11T21:00:00","slug":"comunicat-de-presa-2-171-persoane-si-au-gasit-un-loc-de-munca-cu-sprijinul-ajofm-hunedoara","status":"publish","type":"post","link":"https:\/\/www.anofm.ro\/hunedoara\/comunicat-de-presa-2-171-persoane-si-au-gasit-un-loc-de-munca-cu-sprijinul-ajofm-hunedoara\/","title":{"rendered":"Comunicat de pres\u0103 2.171 persoane \u015fi-au g\u0103sit un loc de munc\u0103 cu sprijinul AJOFM HUNEDOARA"},"content":{"rendered":"<p class=\"MsoNormal\" style=\"margin-top:0in;margin-right:0in;margin-bottom:0in;margin-left:-.25in;margin-bottom:.0001pt;text-align:center\" align=\"center\"><a href=\"\/upload\/12875\/28.1._Comunicat_de_presa_-_ocupare_-_aprilie_2020_-_AJOFM_Hunedoara.pdf\"><b><span style=\"font-size:14.0pt;line-height:115%\">Comunicat de pres\u0103<\/span><\/b><\/a><\/p>\n<p><a href=\"\/upload\/12875\/28.1._Comunicat_de_presa_-_ocupare_-_aprilie_2020_-_AJOFM_Hunedoara.pdf\"><\/p>\n<p><\/a><\/p>\n<p class=\"MsoNormal\" style=\"margin-top:0in;margin-right:0in;margin-bottom:0in;margin-left:-.25in;margin-bottom:.0001pt;text-align:center\" align=\"center\"><a href=\"\/upload\/12875\/28.1._Comunicat_de_presa_-_ocupare_-_aprilie_2020_-_AJOFM_Hunedoara.pdf\"><b><span style=\"font-size:14.0pt;line-height:115%\">2.171 persoane \u015fi-au g\u0103sit<br \/>\nun loc de munc\u0103 cu sprijinul AJOFM HUNEDOARA<\/span><\/b><\/a><\/p><\/p>\n","protected":false},"excerpt":{"rendered":"<p>Comunicat de pres\u0103<br \/>\n2.171 persoane \u015fi-au g\u0103sit un loc de munc\u0103 cu sprijinul AJOFM HUNEDOARA<\/p>\n","protected":false},"author":0,"featured_media":0,"comment_status":"closed","ping_status":"closed","sticky":false,"template":"","format":"standard","meta":{"footnotes":""},"categories":[9],"tags":[],"class_list":["post-164","post","type-post","status-publish","format-standard","hentry","category-comunicate-de-presa"],"_links":{"self":[{"href":"https:\/\/www.anofm.ro\/hunedoara\/wp-json\/wp\/v2\/posts\/164","targetHints":{"allow":["GET"]}}],"collection":[{"href":"https:\/\/www.anofm.ro\/hunedoara\/wp-json\/wp\/v2\/posts"}],"about":[{"href":"https:\/\/www.anofm.ro\/hunedoara\/wp-json\/wp\/v2\/types\/post"}],"replies":[{"embeddable":true,"href":"https:\/\/www.anofm.ro\/hunedoara\/wp-json\/wp\/v2\/comments?post=164"}],"version-history":[{"count":0,"href":"https:\/\/www.anofm.ro\/hunedoara\/wp-json\/wp\/v2\/posts\/164\/revisions"}],"wp:attachment":[{"href":"https:\/\/www.anofm.ro\/hunedoara\/wp-json\/wp\/v2\/media?parent=164"}],"wp:term":[{"taxonomy":"category","embeddable":true,"href":"https:\/\/www.anofm.ro\/hunedoara\/wp-json\/wp\/v2\/categories?post=164"},{"taxonomy":"post_tag","embeddable":true,"href":"https:\/\/www.anofm.ro\/hunedoara\/wp-json\/wp\/v2\/tags?post=164"}],"curies":[{"name":"wp","href":"https:\/\/api.w.org\/{rel}","templated":true}]}}