{"id":3849,"date":"2024-03-20T00:00:00","date_gmt":"2024-03-19T22:00:00","guid":{"rendered":"https:\/\/www.anofm.ro\/harghita\/programe-de-formare-profesionala-in-pregatire-pentru-aprilie-2024\/"},"modified":"2024-03-20T00:00:00","modified_gmt":"2024-03-19T22:00:00","slug":"programe-de-formare-profesionala-in-pregatire-pentru-aprilie-2024","status":"publish","type":"post","link":"https:\/\/www.anofm.ro\/harghita\/programe-de-formare-profesionala-in-pregatire-pentru-aprilie-2024\/","title":{"rendered":"Programe de formare profesional\u0103 \u00een preg\u0103tire pentru aprilie 2024"},"content":{"rendered":"<p>Pentru luna aprilie 2024 avem \u00een preg\u0103tire 8 cursuri gratuite pentru persoanele \u00een c\u0103utarea unui loc de munc\u0103.\u00a0 Persoanele care nu sunt \u00een eviden\u021b\u0103 se pot \u00eenregistra la agen\u021bie cu cartea de identitate \u0219i diploma de studii absolvite.<\/p>\n<p>8 ingyenes tanfolyamot h\u00edrdet\u00fcnk, munk\u00e1val nem rendelkez\u0151, \u00e1ll\u00e1skeres\u0151knek, 2024 \u00e1prilis\u00e1ra. A nem regiszt\u00e1lt munkan\u00e9lk\u00fcliek a szem\u00e9lyi igazolv\u00e1nyukkal \u00e9s iskolai oklev\u00e9llel \u00edratkozhatnak az \u00fcgyn\u00f6ks\u00e9g\u00fcnk munkapontajaihoz.<\/p>\n<div class=\"file-list-wrap\">\n<ul class=\"file-list\">\n<li><a href=\"\/upload2\/Harghita\/29121\/Programe_form._prof.__aprilie__2024_AJOFM_HR.docx\" download>Programe_form._prof.__aprilie__2024_AJOFM_HR.docx<\/a><\/li>\n<li><a href=\"\/upload2\/Harghita\/29121\/Programe_form._prof.__apr__2024_AJOFM_HR_limba_maghiara.docx\" download>Programe_form._prof.__apr__2024_AJOFM_HR_limba_maghiara.docx<\/a><\/li>\n<\/ul>\n<\/div>\n","protected":false},"excerpt":{"rendered":"<p>Pentru luna aprilie 2024 avem \u00een preg\u0103tire 8 cursuri gratuite pentru persoanele \u00een c\u0103utarea unui loc de munc\u0103.\u00a0 Persoanele care nu sunt \u00een eviden\u021b\u0103 se pot \u00eenregistra la agen\u021bie cu<\/p>\n","protected":false},"author":0,"featured_media":0,"comment_status":"closed","ping_status":"closed","sticky":false,"template":"","format":"standard","meta":{"footnotes":""},"categories":[11],"tags":[],"class_list":["post-3849","post","type-post","status-publish","format-standard","hentry","category-cursuri-de-formare-profesionala"],"_links":{"self":[{"href":"https:\/\/www.anofm.ro\/harghita\/wp-json\/wp\/v2\/posts\/3849","targetHints":{"allow":["GET"]}}],"collection":[{"href":"https:\/\/www.anofm.ro\/harghita\/wp-json\/wp\/v2\/posts"}],"about":[{"href":"https:\/\/www.anofm.ro\/harghita\/wp-json\/wp\/v2\/types\/post"}],"replies":[{"embeddable":true,"href":"https:\/\/www.anofm.ro\/harghita\/wp-json\/wp\/v2\/comments?post=3849"}],"version-history":[{"count":0,"href":"https:\/\/www.anofm.ro\/harghita\/wp-json\/wp\/v2\/posts\/3849\/revisions"}],"wp:attachment":[{"href":"https:\/\/www.anofm.ro\/harghita\/wp-json\/wp\/v2\/media?parent=3849"}],"wp:term":[{"taxonomy":"category","embeddable":true,"href":"https:\/\/www.anofm.ro\/harghita\/wp-json\/wp\/v2\/categories?post=3849"},{"taxonomy":"post_tag","embeddable":true,"href":"https:\/\/www.anofm.ro\/harghita\/wp-json\/wp\/v2\/tags?post=3849"}],"curies":[{"name":"wp","href":"https:\/\/api.w.org\/{rel}","templated":true}]}}