{"id":87,"date":"2020-01-14T00:00:00","date_gmt":"2020-01-13T22:00:00","guid":{"rendered":"https:\/\/www.anofm.ro\/giurgiu\/anofm-anunta-inceperea-perioadei-de-inregistrare-a-aplicatiilor-in-programul-destinat-studentilor-care-doresc-sa-lucreze-in-germania-pe-perioada-vacantei-de-vara-2020-2\/"},"modified":"2020-01-14T00:00:00","modified_gmt":"2020-01-13T22:00:00","slug":"anofm-anunta-inceperea-perioadei-de-inregistrare-a-aplicatiilor-in-programul-destinat-studentilor-care-doresc-sa-lucreze-in-germania-pe-perioada-vacantei-de-vara-2020-2","status":"publish","type":"post","link":"https:\/\/www.anofm.ro\/giurgiu\/anofm-anunta-inceperea-perioadei-de-inregistrare-a-aplicatiilor-in-programul-destinat-studentilor-care-doresc-sa-lucreze-in-germania-pe-perioada-vacantei-de-vara-2020-2\/","title":{"rendered":"ANOFM anunta inceperea perioadei de inregistrare a aplicatiilor in programul destinat studentilor care doresc sa lucreze in Germania pe perioada vacantei de vara &#8211; 2020"},"content":{"rendered":"<p><a href=\"\/upload\/10283\/Anunt_inregistrare_aplicatii_studenti_-_program_de_vara_2020_in_Germania_AJOFM.pdf\">Anunt_inregistrare_aplicatii_studenti_-_program_de_vara_2020_in_Germania_AJOFM.pdf<\/a> <a href=\"\/upload\/10283\/Certificat_de_inmatriculare_germana-engleza.pdf\"><\/p>\n<p>Certificat_de_inmatriculare_germana-engleza.pdf<\/p>\n<p><\/a><a href=\"\/upload\/10283\/Fisa_de_solicitare.pdf\">Fisa_de_solicitare.pdf<\/a><br \/>\n<br \/><a href=\"\/upload\/10283\/Informatii_pentru_studenti_lb._germana.pdf\">Informatii_pentru_studenti_lb._germana.pdf<\/a><br \/>\n<br \/><a href=\"\/upload\/10283\/Informatii_pentru_studentii_romana.pdf\">Informatii_pentru_studentii_romana.pdf<\/a><br \/>\n<br \/><a href=\"\/upload\/10283\/Precizari_si_instructiuni_de_completare_a_adeverintei_de_student.pdf\">Precizari_si_instructiuni_de_completare_a_adeverintei_de_student.pdf<\/a><br \/>\n<br \/><a href=\"\/upload\/10283\/Preciz%C4%83ri_%C5%9Fi_instruc%C5%A3iuni_de_completare_a_fisei_de_solicitare.pdf\">Preciz\u0103ri_\u015fi_instruc\u0163iuni_de_completare_a_fisei_de_solicitare.pdf<\/a> <\/p>\n","protected":false},"excerpt":{"rendered":"<p>ANOFM anunta inceperea perioadei de inregistrare a aplicatiilor in programul destinat studentilor care doresc sa lucreze in Germania pe perioada vacantei de vara &#8211; 2020<\/p>\n","protected":false},"author":0,"featured_media":0,"comment_status":"closed","ping_status":"closed","sticky":false,"template":"","format":"standard","meta":{"footnotes":""},"categories":[16],"tags":[],"class_list":["post-87","post","type-post","status-publish","format-standard","hentry","category-materiale-informative"],"_links":{"self":[{"href":"https:\/\/www.anofm.ro\/giurgiu\/wp-json\/wp\/v2\/posts\/87","targetHints":{"allow":["GET"]}}],"collection":[{"href":"https:\/\/www.anofm.ro\/giurgiu\/wp-json\/wp\/v2\/posts"}],"about":[{"href":"https:\/\/www.anofm.ro\/giurgiu\/wp-json\/wp\/v2\/types\/post"}],"replies":[{"embeddable":true,"href":"https:\/\/www.anofm.ro\/giurgiu\/wp-json\/wp\/v2\/comments?post=87"}],"version-history":[{"count":0,"href":"https:\/\/www.anofm.ro\/giurgiu\/wp-json\/wp\/v2\/posts\/87\/revisions"}],"wp:attachment":[{"href":"https:\/\/www.anofm.ro\/giurgiu\/wp-json\/wp\/v2\/media?parent=87"}],"wp:term":[{"taxonomy":"category","embeddable":true,"href":"https:\/\/www.anofm.ro\/giurgiu\/wp-json\/wp\/v2\/categories?post=87"},{"taxonomy":"post_tag","embeddable":true,"href":"https:\/\/www.anofm.ro\/giurgiu\/wp-json\/wp\/v2\/tags?post=87"}],"curies":[{"name":"wp","href":"https:\/\/api.w.org\/{rel}","templated":true}]}}