{"id":5097,"date":"2026-03-09T10:10:03","date_gmt":"2026-03-09T08:10:03","guid":{"rendered":"https:\/\/www.anofm.ro\/giurgiu\/?p=5097"},"modified":"2026-03-09T10:10:03","modified_gmt":"2026-03-09T08:10:03","slug":"cu-profunda-tristete-am-aflat-despre-trecerea-in-nefiinta-a-colegului-nostru-marin-daniel-marian-director-executiv-adjunct-al-ajofm-giurgiu","status":"publish","type":"post","link":"https:\/\/www.anofm.ro\/giurgiu\/cu-profunda-tristete-am-aflat-despre-trecerea-in-nefiinta-a-colegului-nostru-marin-daniel-marian-director-executiv-adjunct-al-ajofm-giurgiu\/","title":{"rendered":"Cu profund\u0103 triste\u021be am aflat despre trecerea \u00een nefiin\u021b\u0103 a colegului nostru, Marin Daniel Marian &#8211; director executiv adjunct al AJOFM GIURGIU."},"content":{"rendered":"\n<p>\u00cen numele institu\u021biei pe care o conduc \u0219i al meu personal, transmit sincere condolean\u021be familiei \u00eendurerate. Plecarea sa dintre noi reprezint\u0103 o pierdere dureroas\u0103 pentru colectivul nostru, \u00eentruc\u00e2t <strong>Marin Daniel <\/strong>a fost un profesionist dedicat, un coleg respectat \u0219i un om deosebit, apreciat de to\u021bi cei care au avut privilegiul de a lucra al\u0103turi de el.<\/p>\n\n\n\n<p>\u00cen aceste momente grele, g\u00e2ndurile noastre se \u00eendreapt\u0103 c\u0103tre familie \u0219i c\u0103tre to\u021bi cei care l-au cunoscut \u0219i pre\u021buit.<\/p>\n\n\n\n<p>&nbsp;Dumnezeu s\u0103-l odihneasc\u0103 \u00een pace \u0219i s\u0103 ofere celor r\u0103ma\u0219i puterea de a trece peste aceast\u0103 pierdere.<\/p>\n\n\n\n<p>Cu profund respect \u0219i compasiune,<\/p>\n\n\n\n<p>Virgil PEIA<br>DIRECTOR EXECUTIV<\/p>\n\n\n\n<p>AGEN\u021aIA JUDE\u021aEAN\u0102 PENTRU OCUPAREA FOR\u021aEI DE MUNC\u0102 GIURGIU<\/p>\n","protected":false},"excerpt":{"rendered":"<p>\u00cen numele institu\u021biei pe care o conduc \u0219i al meu personal, transmit sincere condolean\u021be familiei \u00eendurerate. Plecarea sa dintre noi reprezint\u0103 o pierdere dureroas\u0103 pentru colectivul nostru, \u00eentruc\u00e2t Marin Daniel<\/p>\n","protected":false},"author":17,"featured_media":0,"comment_status":"closed","ping_status":"closed","sticky":false,"template":"","format":"standard","meta":{"footnotes":""},"categories":[1],"tags":[],"class_list":["post-5097","post","type-post","status-publish","format-standard","hentry","category-fara-categorie"],"_links":{"self":[{"href":"https:\/\/www.anofm.ro\/giurgiu\/wp-json\/wp\/v2\/posts\/5097","targetHints":{"allow":["GET"]}}],"collection":[{"href":"https:\/\/www.anofm.ro\/giurgiu\/wp-json\/wp\/v2\/posts"}],"about":[{"href":"https:\/\/www.anofm.ro\/giurgiu\/wp-json\/wp\/v2\/types\/post"}],"author":[{"embeddable":true,"href":"https:\/\/www.anofm.ro\/giurgiu\/wp-json\/wp\/v2\/users\/17"}],"replies":[{"embeddable":true,"href":"https:\/\/www.anofm.ro\/giurgiu\/wp-json\/wp\/v2\/comments?post=5097"}],"version-history":[{"count":1,"href":"https:\/\/www.anofm.ro\/giurgiu\/wp-json\/wp\/v2\/posts\/5097\/revisions"}],"predecessor-version":[{"id":5098,"href":"https:\/\/www.anofm.ro\/giurgiu\/wp-json\/wp\/v2\/posts\/5097\/revisions\/5098"}],"wp:attachment":[{"href":"https:\/\/www.anofm.ro\/giurgiu\/wp-json\/wp\/v2\/media?parent=5097"}],"wp:term":[{"taxonomy":"category","embeddable":true,"href":"https:\/\/www.anofm.ro\/giurgiu\/wp-json\/wp\/v2\/categories?post=5097"},{"taxonomy":"post_tag","embeddable":true,"href":"https:\/\/www.anofm.ro\/giurgiu\/wp-json\/wp\/v2\/tags?post=5097"}],"curies":[{"name":"wp","href":"https:\/\/api.w.org\/{rel}","templated":true}]}}