{"id":49,"date":"2019-05-28T00:00:00","date_gmt":"2019-05-27T21:00:00","guid":{"rendered":"https:\/\/www.anofm.ro\/giurgiu\/actimob-neets-activare-si-mobilitate-tineri-neets\/"},"modified":"2019-05-28T00:00:00","modified_gmt":"2019-05-27T21:00:00","slug":"actimob-neets-activare-si-mobilitate-tineri-neets","status":"publish","type":"post","link":"https:\/\/www.anofm.ro\/giurgiu\/actimob-neets-activare-si-mobilitate-tineri-neets\/","title":{"rendered":"ACTIMOB NEETs &#8211; Activare si Mobilitate tineri NEETs"},"content":{"rendered":"<p>Agen\u021bia Na\u021bional\u0103 pentru Ocuparea For\u021bei de Munc\u0103 (ANOFM)<br \/>\nimplementeaz\u0103 pe o perioad\u0103 de 60 de luni, \u00eencep\u00e2nd cu data de 16 mai<br \/>\n2019, proiectul \u201eACTIMOB NEETs\u2013Activare \u015fi mobilitate tineri NEETs&#8221; \u2013<br \/>\ncod POCU\/519\/1\/1\/129203,\u00a0 cofinan\u021bat din Fondul Social European (FSE),<br \/>\nprin Programul Opera\u021bional Capital Uman 2014-2020 (POCU).<\/p>\n<p>Proiectul<br \/>\n se subscrie obiectivului POCU de asigurare a integr\u0103rii durabile pe<br \/>\npia\u021ba muncii a tinerilor NEETs contribuind la cre\u0219terea ocup\u0103rii<br \/>\ntinerilor care nu au un loc de munc\u0103, nu sunt \u00eentr-o form\u0103 de educa\u021bie<br \/>\n\u0219i nu urmeaz\u0103 cursuri de formare profesional\u0103, precum \u0219i la reducerea<br \/>\nreticen\u021bei angajatorilor de a angaja tineri f\u0103r\u0103 experien\u021b\u0103 de munc\u0103.<\/p>\n<p>Prin<br \/>\n intermediul acestui proiect, ANOFM \u0219i-a propus s\u0103 contribuie la<br \/>\nsus\u021binerea\u00a0 ocup\u0103rii a 10.728 tineri NEETs \u0219omeri, cu v\u00e2rsta \u00eentre 16 &#8211;<br \/>\n24 ani, cu domiciliul sau re\u0219edin\u021ba \u00een regiunile Sud-Vest Oltenia, Sud \u2013<br \/>\n Muntenia, Sud-Est, \u00eenregistra\u021bi la agen\u021biile pentru ocuparea for\u021bei de<br \/>\nmunc\u0103.<\/p>\n<p><a href=\"\/upload\/6846\/Brosura_final_ACTIMOB_NEETs.pdf\"><\/a><\/p>\n<p><a href=\"\/upload\/6846\/Brosura_final_ACTIMOB_NEETs.pdf\"><\/a><a href=\"\/upload\/6822\/Brosura_ACTIMOB_NEETs.pdf\">Brosura prezentare &#8211;\u00a0ACTIMOB NEETs &#8211; Activare\u00a0 si Mobilitate tineri NEETs<\/a><\/p>\n<div class=\"file-list-wrap\">\n<ul class=\"file-list\">\n<li><a href=\"\/upload2\/Giurgiu\/6846\/Brosura_final_ACTIMOB_NEETs.pdf\" download>Brosura_final_ACTIMOB_NEETs.pdf<\/a><\/li>\n<li><a href=\"\/upload2\/Giurgiu\/6846\/Informare_ACTIMOB-Neets.pdf\" download>Informare_ACTIMOB-Neets.pdf<\/a><\/li>\n<li><a href=\"\/upload2\/Giurgiu\/6846\/Informare_conditii_sprijin_financiar.pdf\" download>Informare_conditii_sprijin_financiar.pdf<\/a><\/li>\n<\/ul>\n<\/div>\n","protected":false},"excerpt":{"rendered":"<p><\/p>\n","protected":false},"author":0,"featured_media":0,"comment_status":"closed","ping_status":"closed","sticky":false,"template":"","format":"standard","meta":{"footnotes":""},"categories":[20],"tags":[],"class_list":["post-49","post","type-post","status-publish","format-standard","hentry","category-proiecte"],"_links":{"self":[{"href":"https:\/\/www.anofm.ro\/giurgiu\/wp-json\/wp\/v2\/posts\/49","targetHints":{"allow":["GET"]}}],"collection":[{"href":"https:\/\/www.anofm.ro\/giurgiu\/wp-json\/wp\/v2\/posts"}],"about":[{"href":"https:\/\/www.anofm.ro\/giurgiu\/wp-json\/wp\/v2\/types\/post"}],"replies":[{"embeddable":true,"href":"https:\/\/www.anofm.ro\/giurgiu\/wp-json\/wp\/v2\/comments?post=49"}],"version-history":[{"count":0,"href":"https:\/\/www.anofm.ro\/giurgiu\/wp-json\/wp\/v2\/posts\/49\/revisions"}],"wp:attachment":[{"href":"https:\/\/www.anofm.ro\/giurgiu\/wp-json\/wp\/v2\/media?parent=49"}],"wp:term":[{"taxonomy":"category","embeddable":true,"href":"https:\/\/www.anofm.ro\/giurgiu\/wp-json\/wp\/v2\/categories?post=49"},{"taxonomy":"post_tag","embeddable":true,"href":"https:\/\/www.anofm.ro\/giurgiu\/wp-json\/wp\/v2\/tags?post=49"}],"curies":[{"name":"wp","href":"https:\/\/api.w.org\/{rel}","templated":true}]}}