{"id":4837,"date":"2025-07-17T14:09:19","date_gmt":"2025-07-17T11:09:19","guid":{"rendered":"https:\/\/www.anofm.ro\/giurgiu\/?p=4837"},"modified":"2025-07-17T14:09:38","modified_gmt":"2025-07-17T11:09:38","slug":"lansare-proiect-edit-youth-networks","status":"publish","type":"post","link":"https:\/\/www.anofm.ro\/giurgiu\/lansare-proiect-edit-youth-networks\/","title":{"rendered":"Lansare proiect \u201eEDIT Youth Networks\u201d"},"content":{"rendered":"\n<p><\/p>\n\n\n\n<p>Agen\u021bia Jude\u021bean\u0103 pentru Ocuparea For\u021bei de Munc\u0103 Giurgiu, \u00een calitate de lider de parteneriat, \u00eempreun\u0103 cu Asocia\u021bia E.D.I.T. \u2013 Educa\u021bie, Dezvoltare \u0219i Implicarea Tineretului \u2013 \u0219i Agen\u021bia Jude\u021bean\u0103 pentru Ocuparea For\u021bei de Munc\u0103 Sibiu, \u00een calitate de parteneri, anun\u021b\u0103 lansarea oficial\u0103 a proiectului \u201eEDIT Youth Networks\u201d (ID MySMIS 335313), cofinan\u021bat din Fondul Social European Plus<\/p>\n\n\n\n<div class=\"wp-block-file\"><a id=\"wp-block-file--media-3d6ed8e1-536c-486a-9518-fbb388054375\" href=\"https:\/\/www.anofm.ro\/giurgiu\/wp-content\/uploads\/sites\/21\/2025\/07\/335313_Comunicat_presa_lansare_proiect_EDIT-Copy.docx\">335313_Comunicat_presa_lansare_proiect_EDIT &#8211; Copy<\/a><a href=\"https:\/\/www.anofm.ro\/giurgiu\/wp-content\/uploads\/sites\/21\/2025\/07\/335313_Comunicat_presa_lansare_proiect_EDIT-Copy.docx\" class=\"wp-block-file__button wp-element-button\" download aria-describedby=\"wp-block-file--media-3d6ed8e1-536c-486a-9518-fbb388054375\">Descarc\u0103<\/a><\/div>\n","protected":false},"excerpt":{"rendered":"<p>Agen\u021bia Jude\u021bean\u0103 pentru Ocuparea For\u021bei de Munc\u0103 Giurgiu, \u00een calitate de lider de parteneriat, \u00eempreun\u0103 cu Asocia\u021bia E.D.I.T. \u2013 Educa\u021bie, Dezvoltare \u0219i Implicarea Tineretului \u2013 \u0219i Agen\u021bia Jude\u021bean\u0103 pentru Ocuparea<\/p>\n","protected":false},"author":17,"featured_media":0,"comment_status":"closed","ping_status":"closed","sticky":false,"template":"","format":"standard","meta":{"footnotes":""},"categories":[9,20],"tags":[],"class_list":["post-4837","post","type-post","status-publish","format-standard","hentry","category-comunicate-de-presa","category-proiecte"],"_links":{"self":[{"href":"https:\/\/www.anofm.ro\/giurgiu\/wp-json\/wp\/v2\/posts\/4837","targetHints":{"allow":["GET"]}}],"collection":[{"href":"https:\/\/www.anofm.ro\/giurgiu\/wp-json\/wp\/v2\/posts"}],"about":[{"href":"https:\/\/www.anofm.ro\/giurgiu\/wp-json\/wp\/v2\/types\/post"}],"author":[{"embeddable":true,"href":"https:\/\/www.anofm.ro\/giurgiu\/wp-json\/wp\/v2\/users\/17"}],"replies":[{"embeddable":true,"href":"https:\/\/www.anofm.ro\/giurgiu\/wp-json\/wp\/v2\/comments?post=4837"}],"version-history":[{"count":1,"href":"https:\/\/www.anofm.ro\/giurgiu\/wp-json\/wp\/v2\/posts\/4837\/revisions"}],"predecessor-version":[{"id":4839,"href":"https:\/\/www.anofm.ro\/giurgiu\/wp-json\/wp\/v2\/posts\/4837\/revisions\/4839"}],"wp:attachment":[{"href":"https:\/\/www.anofm.ro\/giurgiu\/wp-json\/wp\/v2\/media?parent=4837"}],"wp:term":[{"taxonomy":"category","embeddable":true,"href":"https:\/\/www.anofm.ro\/giurgiu\/wp-json\/wp\/v2\/categories?post=4837"},{"taxonomy":"post_tag","embeddable":true,"href":"https:\/\/www.anofm.ro\/giurgiu\/wp-json\/wp\/v2\/tags?post=4837"}],"curies":[{"name":"wp","href":"https:\/\/api.w.org\/{rel}","templated":true}]}}