{"id":317,"date":"2023-09-22T00:00:00","date_gmt":"2023-09-21T21:00:00","guid":{"rendered":"https:\/\/www.anofm.ro\/giurgiu\/espor-intermediar-in-relatia-cu-angajatorii-chestionar\/"},"modified":"2023-09-22T00:00:00","modified_gmt":"2023-09-21T21:00:00","slug":"espor-intermediar-in-relatia-cu-angajatorii-chestionar","status":"publish","type":"post","link":"https:\/\/www.anofm.ro\/giurgiu\/espor-intermediar-in-relatia-cu-angajatorii-chestionar\/","title":{"rendered":"eSPOR, intermediar \u00een rela\u021bia cu angajatorii! &#8211; chestionar"},"content":{"rendered":"<p>Fii partenerul Agen\u021biei Na\u021bionale pentru Ocuparea For\u021bei de Munc\u0103 (ANOFM) \u00een formarea, perfec\u021bionarea \u0219i alegerea viitorilor angaja\u021bi!<\/p>\n<p> eSPOR, intermediar \u00een rela\u021bia cu angajatorii!<\/p>\n<\/p>\n<p>\u0218tim c\u00e2t de important este s\u0103 lucrezi cu persoane bine preg\u0103tite, de aceea, \u00een calitate de Serviciu Public de Ocupare ne dorim s\u0103 r\u0103spundem eficient nevoilor tale, \u00een formarea, perfec\u021bionarea \u0219i alegerea viitorilor angaja\u021bi!<\/p>\n<\/p>\n<p>Av\u00e2nd \u00een vedere c\u0103 \u0219omerii \u00eenregistra\u021bi la agen\u021biile jude\u021bene pentru ocuparea for\u021bei de munc\u0103 pot fi viitorii t\u0103i angaja\u021bi, este important  s\u0103  oferim cursuri de formare profesionala \u00een func\u021bie de nevoile tale!<\/p>\n<\/p>\n<p>\u00cen func\u021bie de meseriile pe care le enumeri, putem stabili programele de formare profesional\u0103 pe care le organiz\u0103m.<\/p>\n<div class=\"file-list-wrap\">\n<ul class=\"file-list\">\n<li><a href=\"\/upload2\/Giurgiu\/27332\/Fii_partenerul_ANOFM.pdf\" download>Fii_partenerul_ANOFM.pdf<\/a><\/li>\n<\/ul>\n<\/div>\n","protected":false},"excerpt":{"rendered":"<p>eSPOR, intermediar \u00een rela\u021bia cu angajatorii! &#8211; chestionar<\/p>\n","protected":false},"author":0,"featured_media":0,"comment_status":"closed","ping_status":"closed","sticky":false,"template":"","format":"standard","meta":{"footnotes":""},"categories":[20],"tags":[],"class_list":["post-317","post","type-post","status-publish","format-standard","hentry","category-proiecte"],"_links":{"self":[{"href":"https:\/\/www.anofm.ro\/giurgiu\/wp-json\/wp\/v2\/posts\/317","targetHints":{"allow":["GET"]}}],"collection":[{"href":"https:\/\/www.anofm.ro\/giurgiu\/wp-json\/wp\/v2\/posts"}],"about":[{"href":"https:\/\/www.anofm.ro\/giurgiu\/wp-json\/wp\/v2\/types\/post"}],"replies":[{"embeddable":true,"href":"https:\/\/www.anofm.ro\/giurgiu\/wp-json\/wp\/v2\/comments?post=317"}],"version-history":[{"count":0,"href":"https:\/\/www.anofm.ro\/giurgiu\/wp-json\/wp\/v2\/posts\/317\/revisions"}],"wp:attachment":[{"href":"https:\/\/www.anofm.ro\/giurgiu\/wp-json\/wp\/v2\/media?parent=317"}],"wp:term":[{"taxonomy":"category","embeddable":true,"href":"https:\/\/www.anofm.ro\/giurgiu\/wp-json\/wp\/v2\/categories?post=317"},{"taxonomy":"post_tag","embeddable":true,"href":"https:\/\/www.anofm.ro\/giurgiu\/wp-json\/wp\/v2\/tags?post=317"}],"curies":[{"name":"wp","href":"https:\/\/api.w.org\/{rel}","templated":true}]}}