{"id":15,"date":"2018-11-17T00:00:00","date_gmt":"2018-11-16T22:00:00","guid":{"rendered":"https:\/\/www.anofm.ro\/giurgiu\/proiectul-intespo-inregistrarea-tinerilor-in-evidentele-serviciului-public-de-ocupare\/"},"modified":"2018-11-17T00:00:00","modified_gmt":"2018-11-16T22:00:00","slug":"proiectul-intespo-inregistrarea-tinerilor-in-evidentele-serviciului-public-de-ocupare","status":"publish","type":"post","link":"https:\/\/www.anofm.ro\/giurgiu\/proiectul-intespo-inregistrarea-tinerilor-in-evidentele-serviciului-public-de-ocupare\/","title":{"rendered":"Proiectul INTESPO \u2013 Inregistrarea Tinerilor in Evidentele Serviciului Public de Ocupare"},"content":{"rendered":"<p class=\"MsoNormal\" style=\"margin: 0px 0px 10px;font-family:\"><b><span style=\"font-size: 11pt;line-height: 16.8667px;font-family:\" lang=\"RO\">POCU\/135\/2\/3\/113589<\/span><\/b><\/p>\n<p class=\"MsoNormal\" style=\"margin: 0px 0px 6pt;font-family:\"><span style=\"font-size: 11pt;line-height: 16.8667px;font-family:\">Agen\u021bia Na\u021bional\u0103 pentru Ocuparea For\u021bei de Munc\u0103 implementeaz\u0103,<\/span>\u00a0<span style=\"font-size: 11pt;line-height: 16.8667px;font-family:\">\u00een<br \/>\n parteneriat cu Ministerul Muncii \u0219i Justi\u021biei Sociale, Ministerul<br \/>\nEduca\u021biei Na\u021bionale \u0219i Agen\u021bia Na\u021bional\u0103 pentru Pl\u0103\u021bi \u0219i Inspec\u021bie<br \/>\nSocial\u0103, proiectul\u00a0<i>INTESPO \u2013 \u00cenregistrarea Tinerilor \u00een Eviden\u021bele Serviciului Public de Ocupare.<\/i><\/span><\/p>\n<p class=\"MsoNormal\" style=\"margin: 0px 0px 6pt;font-family:\"><span style=\"font-size: 11pt;line-height: 16.8667px;font-family:\">Proiectul<br \/>\n este cofinan\u0163at prin Programul Opera\u0163ional Capital Uman, Axa prioritar\u0103<br \/>\n 2 \u2013 \u00cembun\u0103t\u0103\u0163irea situa\u0163iei tinerilor din categoria NEETs, Obiectiv<br \/>\nspecific 2.3 &#8211; Cre\u0219terea num\u0103rului tinerilor NEETs inactivi \u00eenregistra\u021bi<br \/>\n la Serviciul Public de Ocupare.<\/span><\/p>\n<p class=\"MsoNormal\" style=\"margin: 0px 0px 6pt;font-family:\"><span style=\"font-size: 11pt;line-height: 16.8667px;font-family:\">Obiectivul<br \/>\n general al proiectului \u00eel constituie cre\u0219terea num\u0103rului de tineri<br \/>\nNEETs \u00eenregistra\u021bi la Serviciul Public de Ocupare (SPO) \u00een vederea<br \/>\nfurniz\u0103rii de m\u0103suri specializate de sprijin.<\/p>\n<p><\/span><\/p>\n<p class=\"MsoNormal\" style=\"margin: 0px 0px 6pt;font-family:\"><a href=\"\/upload\/1266\/Informare_INTESPO-Ianuarie_2019.pdf\">Informare_INTESPO-Ianuarie_2019.pdf<\/a><\/p>\n<p class=\"MsoNormal\" style=\"margin: 0px 0px 6pt;font-family:\"><a href=\"\/upload\/2009\/Informare_INTESPO_Decembrie_2018.pdf.pdf\">Informare_INTESPO_Decembrie_2018.pdf.pdf<\/a> <\/p>\n<p class=\"MsoNormal\" style=\"margin: 0px 0px 6pt;font-family:\"><a href=\"\/upload\/2009\/Informare_INTESPO_Noiembrie_2018.pdf\">Informare_INTESPO_Noiembrie_2018.pdf<\/a> <\/p>\n<p class=\"MsoNormal\" style=\"margin: 0px 0px 6pt;font-family:\"><a href=\"\/upload\/2009\/Informare_INTESPO_Octombrie_2018.pdf\">Informare_INTESPO_Octombrie_2018.pdf<\/a> <\/p>\n<p class=\"MsoNormal\" style=\"margin: 0px 0px 6pt;font-family:\"><a href=\"\/upload\/2009\/Informare_INTESPO_August_2018.pdf\">Informare_INTESPO_August_2018.pdf<\/a> <\/p>\n<p class=\"MsoNormal\" style=\"margin: 0px 0px 6pt;font-family:\"><a href=\"\/upload\/2009\/Informare_INTESPO_Iulie_2018.pdf\">Informare_INTESPO_Iulie_2018.pdf<\/a> <\/p>\n<p class=\"MsoNormal\" style=\"margin: 0px 0px 6pt;font-family:\"><a href=\"\/upload\/2009\/Informare_INTESPO_Mai_2018.pdf\">Informare_INTESPO_Mai_2018.pdf<\/a> <\/p>\n<p class=\"MsoNormal\" style=\"margin: 0px 0px 6pt;font-family:\"><a href=\"\/upload\/2009\/Informare_INTESPO_Aprilie_2018.pdf\">Informare_INTESPO_Aprilie_2018.pdf<\/a> \u00a0<\/p>\n<p class=\"MsoNormal\" style=\"margin: 0px 0px 6pt;font-family:\"><a href=\"\/upload\/2009\/Informare_INTESPO_Martie_2018.pdf\">Informare_INTESPO_Martie_2018.pdf<\/a> <\/p>\n<p class=\"MsoNormal\" style=\"margin: 0px 0px 6pt;font-family:\"><a href=\"\/upload\/2009\/Date_de_contact_experti_ELI.pdf\">Date_de_contact_experti_ELI.pdf<\/a> <\/p>\n<p class=\"MsoNormal\" style=\"margin: 0px 0px 6pt;font-family:\"><a href=\"\/upload\/2009\/Fisa_proiect_INTESPO.pdf\">Fisa_proiect_INTESPO.pdf<\/a> <br \/><span style=\"font-size: 11pt;line-height: 16.8667px;font-family:\"><\/span><\/p>\n","protected":false},"excerpt":{"rendered":"<p>Proiect, INTESPO<\/p>\n","protected":false},"author":0,"featured_media":0,"comment_status":"closed","ping_status":"closed","sticky":false,"template":"","format":"standard","meta":{"footnotes":""},"categories":[20],"tags":[],"class_list":["post-15","post","type-post","status-publish","format-standard","hentry","category-proiecte"],"_links":{"self":[{"href":"https:\/\/www.anofm.ro\/giurgiu\/wp-json\/wp\/v2\/posts\/15","targetHints":{"allow":["GET"]}}],"collection":[{"href":"https:\/\/www.anofm.ro\/giurgiu\/wp-json\/wp\/v2\/posts"}],"about":[{"href":"https:\/\/www.anofm.ro\/giurgiu\/wp-json\/wp\/v2\/types\/post"}],"replies":[{"embeddable":true,"href":"https:\/\/www.anofm.ro\/giurgiu\/wp-json\/wp\/v2\/comments?post=15"}],"version-history":[{"count":0,"href":"https:\/\/www.anofm.ro\/giurgiu\/wp-json\/wp\/v2\/posts\/15\/revisions"}],"wp:attachment":[{"href":"https:\/\/www.anofm.ro\/giurgiu\/wp-json\/wp\/v2\/media?parent=15"}],"wp:term":[{"taxonomy":"category","embeddable":true,"href":"https:\/\/www.anofm.ro\/giurgiu\/wp-json\/wp\/v2\/categories?post=15"},{"taxonomy":"post_tag","embeddable":true,"href":"https:\/\/www.anofm.ro\/giurgiu\/wp-json\/wp\/v2\/tags?post=15"}],"curies":[{"name":"wp","href":"https:\/\/api.w.org\/{rel}","templated":true}]}}