{"id":137,"date":"2020-08-14T00:00:00","date_gmt":"2020-08-13T21:00:00","guid":{"rendered":"https:\/\/www.anofm.ro\/giurgiu\/informatii-utile-privind-utilizarea-comunicarii-electronice\/"},"modified":"2020-08-14T00:00:00","modified_gmt":"2020-08-13T21:00:00","slug":"informatii-utile-privind-utilizarea-comunicarii-electronice","status":"publish","type":"post","link":"https:\/\/www.anofm.ro\/giurgiu\/informatii-utile-privind-utilizarea-comunicarii-electronice\/","title":{"rendered":"Informatii utile privind utilizarea comunicarii electronice"},"content":{"rendered":"<p style=\"margin-top:0pt;margin-bottom:0pt;margin-left:0in;text-align:left;direction:ltr\"><span style=\"font-size:18.0pt;font-family:Calibri;color:#203864;font-weight:bold\">\u00cen contextul actual, este<br \/>\nimportant sa va proteja\u021bi at\u00e2t pe dumneavoastr\u0103 c\u00e2t \u0219i pe cei din jur \u0219i s\u0103<br \/>\nevita\u021bi<span>\u00a0 <\/span>zonele aglomerate. Dorim s\u0103<br \/>\nr\u0103m\u00e2nem \u00een leg\u0103tur\u0103 permanent\u0103 cu dumneavoastr\u0103, iar acest lucru este posibil<br \/>\nacum \u0219i prin servicii on-line \u0219i comunicare electronic\u0103.<\/p>\n<p><\/span><\/p>\n<p style=\"margin-top:0pt;margin-bottom:0pt;margin-left:0in;text-align:left;direction:ltr\"><span style=\"font-size:18.0pt;font-family:Calibri;color:#203864\">Mai jos reg\u0103si\u021bi modalit\u0103\u021bile de realizare a comunic\u0103rii<br \/>\nelectronice \u00eentre <\/span><u><span style=\"font-size:18.0pt;font-family:Calibri;color:#203864;font-weight:bold\">beneficiarii<br \/>\ndreptului la indemniza\u0163ia de \u015fomaj<\/span><\/u><span style=\"font-size:18.0pt;font-family:Calibri;color:#203864\">, <\/span><u><span style=\"font-size:18.0pt;font-family:Calibri;color:#203864;font-weight:bold\">ai m\u0103surilor de stimulare a<br \/>\nangajatorilor<\/span><\/u><span style=\"font-size:18.0pt;font-family:Calibri;color:#203864;font-weight:bold\"> <\/span><span style=\"font-size:18.0pt;font-family:Calibri;color:#203864\">finan\u0163ate din<br \/>\nbugetul asigur\u0103rilor pentru \u015fomaj, <\/span><u><span style=\"font-size:18.0pt;font-family:Calibri;color:#203864;font-weight:bold\">ai sumelor necesare<br \/>\npentru plata indemniza\u0163iei acordate ca urmare a reducerii sau \u00eentreruperii<br \/>\ntemporare a activit\u0103\u021bii total sau par\u0163ial ca urmare a efectelor epidemiei<br \/>\nCOVID-19<\/span><\/u><span style=\"font-size:18.0pt;font-family:Calibri;color:#203864\">, precum \u015fi <\/span><u><span style=\"font-size:18.0pt;font-family:Calibri;color:#203864;font-weight:bold\">ai m\u0103surilor active de sprijin imediat pentru angajatorii a c\u0103ror<br \/>\nactivitate a fost redus\u0103 sau \u00eentrerupt\u0103 total sau par\u0163ial ca urmare a efectelor<br \/>\nr\u0103sp\u00e2ndirii coronavirusului SARS-CoV-2 <\/span><\/u><span style=\"font-size:18.0pt;font-family:Calibri;color:#203864\">finan\u0163ate din bugetul asigur\u0103rilor pentru \u015fomaj \u0219i <\/span><span style=\"font-size:18.0pt;font-family:Calibri;color:#203864\">AJOFM GIURGIU.<\/p>\n<p><\/span><\/p>\n<p style=\"margin-top:0pt;margin-bottom:0pt;margin-left:0in;text-align:left;direction:ltr\"><span style=\"font-size:18.0pt;font-family:Calibri;color:#203864;font-weight:bold\">Modalit\u0103\u021bi de comunicare <\/span><span style=\"font-size:18.0pt;font-family:Calibri;color:#203864;font-weight:bold\">electronic\u0103<\/span><span style=\"font-size:18.0pt;font-family:Calibri;color:#203864;font-weight:bold\">: <a href=\"\/upload\/13592\/Anexa_-_Comunicare_electronica_F.pdf\">Anexa_-_Comunicare_electronica_F.pdf<\/a> <\/p>\n<p><\/span><\/p>\n<p style=\"margin-top:0pt;margin-bottom:0pt;margin-left:0in;text-align:left;direction:ltr\"><span style=\"font-size:18.0pt;font-family:Calibri;color:#203864;font-weight:bold\">Ghidul privind comunicarea<br \/>\nelectronic\u0103 poate fi consultat aici<\/span><span style=\"font-size:18.0pt;font-family:Calibri;color:#203864;font-weight:bold\">: <a href=\"\/upload\/13592\/Ghid_comunicare_prin_email.pdf\">Ghid_comunicare_prin_email.pdf<\/a> <\/p>\n<p><\/span><\/p>\n<p style=\"margin-top:0pt;margin-bottom:0pt;margin-left:0in;text-align:left;direction:ltr\"><span style=\"font-size:18.0pt;font-family:Calibri;color:#203864;font-weight:bold\">Prezentarea schematic\u0103 a<br \/>\npa\u0219ilor de <\/span><span style=\"font-size:18.0pt;font-family:Calibri;color:#203864;font-weight:bold\">urmat<\/span><span style=\"font-size:18.0pt;font-family:Calibri;color:#203864;font-weight:bold\">: <a href=\"\/upload\/13592\/Pasi_comunicare_schema.pdf\">Pasi_comunicare_schema.pdf<\/a> <\/p>\n<p><\/span><\/p>\n<p style=\"margin-top:0pt;margin-bottom:0pt;margin-left:0in;text-align:left;direction:ltr\"><span style=\"font-size:18.0pt;font-family:Calibri;color:#203864;font-weight:bold\">Adres<\/span><span style=\"font-size:18.0pt;font-family:Calibri;color:#203864;font-weight:bold\">a de<\/span><span style=\"font-size:18.0pt;font-family:Calibri;color:#203864;font-weight:bold\"> <\/span><span style=\"font-size:18.0pt;font-family:Calibri;color:#203864;font-weight:bold\">e-mail pentru<br \/>\ntransmiterea documentelor <\/span><span style=\"font-size:18.0pt;font-family:Calibri;color:#203864;font-weight:bold\">:<span>\u00a0\u00a0\u00a0 <\/span><\/span><span style=\"font-size:24.0pt;font-family:Calibri;color:#203864;font-weight:bold\">giurgiu@anofm.gov.ro<\/span><\/p>\n","protected":false},"excerpt":{"rendered":"<p>Informatii utile privind utilizarea comunicarii electronice<\/p>\n","protected":false},"author":0,"featured_media":0,"comment_status":"closed","ping_status":"closed","sticky":false,"template":"","format":"standard","meta":{"footnotes":""},"categories":[16],"tags":[],"class_list":["post-137","post","type-post","status-publish","format-standard","hentry","category-materiale-informative"],"_links":{"self":[{"href":"https:\/\/www.anofm.ro\/giurgiu\/wp-json\/wp\/v2\/posts\/137","targetHints":{"allow":["GET"]}}],"collection":[{"href":"https:\/\/www.anofm.ro\/giurgiu\/wp-json\/wp\/v2\/posts"}],"about":[{"href":"https:\/\/www.anofm.ro\/giurgiu\/wp-json\/wp\/v2\/types\/post"}],"replies":[{"embeddable":true,"href":"https:\/\/www.anofm.ro\/giurgiu\/wp-json\/wp\/v2\/comments?post=137"}],"version-history":[{"count":0,"href":"https:\/\/www.anofm.ro\/giurgiu\/wp-json\/wp\/v2\/posts\/137\/revisions"}],"wp:attachment":[{"href":"https:\/\/www.anofm.ro\/giurgiu\/wp-json\/wp\/v2\/media?parent=137"}],"wp:term":[{"taxonomy":"category","embeddable":true,"href":"https:\/\/www.anofm.ro\/giurgiu\/wp-json\/wp\/v2\/categories?post=137"},{"taxonomy":"post_tag","embeddable":true,"href":"https:\/\/www.anofm.ro\/giurgiu\/wp-json\/wp\/v2\/tags?post=137"}],"curies":[{"name":"wp","href":"https:\/\/api.w.org\/{rel}","templated":true}]}}