{"id":73,"date":"2019-07-03T00:00:00","date_gmt":"2019-07-02T21:00:00","guid":{"rendered":"https:\/\/www.anofm.ro\/dambovita\/proiect-actimob-neets-activare-si-mobilitate-tineri-neets\/"},"modified":"2019-07-03T00:00:00","modified_gmt":"2019-07-02T21:00:00","slug":"proiect-actimob-neets-activare-si-mobilitate-tineri-neets","status":"publish","type":"post","link":"https:\/\/www.anofm.ro\/dambovita\/proiect-actimob-neets-activare-si-mobilitate-tineri-neets\/","title":{"rendered":"Proiect  &#8222;ACTIMOB NEETs-ACTIVARE SI MOBILITATE TINERI NEETs&#8221;"},"content":{"rendered":"<ul class=\"file-list\">\n<li><a target=\"_blank\" href=\"\/upload\/7425\/COMUNICAT_incepere_proiect_ACTIMOB-Neets_final.pdf\" rel=\"noopener\">Informare incepere proiect &#8222;ACTIMOB NEETs-ACTIVARE SI MOBILITATE TINERI NEETs&#8221;<\/a><\/li>\n<li><a target=\"_blank\" href=\"\/upload\/7425\/Brosura_finala_ACTIMOB_Neet.pdf\" rel=\"noopener\">Brosura<\/a><\/li>\n<li><a target=\"_blank\" href=\"\/upload\/7425\/Informare_conditii_sprijin_financiar_var_final.pdf\" rel=\"noopener\">Condi\u0163iile prin<br \/>\ncare po\u0163i ob\u0163ine sprijin financiar prin<br \/>\nproiectul \u201eACTIMOB NEETs \u2013 Activare \u015fi mobilitate tineri NEETs&#8221;<\/a><\/li>\n<li>\n<p><a href=\"\/upload2\/D%C3%A2mbovi%C8%9Ba\/7425\/Informare_realizari__martie_2022.pdf\">Cre\u015fterea ocup\u0103rii tinerilor NEETs \u015fomeri cu v\u00e2rst\u0103 \u00eentre 16-24 ani, \u00eenregistra\u0163i la Serviciul Public de Ocupare &#8211; Informare<\/a><\/p>\n<\/li>\n<li><a href=\"\/upload2\/D%C3%A2mbovi%C8%9Ba\/7425\/220616_Raport_anual_activitate_mai_2022_cu_obs_Elena.pdf\">Raport anual de activitate<\/a><\/li>\n<li><a href=\"\/upload2\/D%C3%A2mbovi%C8%9Ba\/7425\/Informare_Actimob_neets_30.09.2022-final_np.pdf\">Informare proiect 30.09.2022<\/a><\/li>\n<\/ul>\n","protected":false},"excerpt":{"rendered":"<p>Proiect&nbsp; &#8222;ACTIMOB NEETs-ACTIVARE SI MOBILITATE TINERI NEETs&#8221;<\/p>\n","protected":false},"author":0,"featured_media":0,"comment_status":"closed","ping_status":"closed","sticky":false,"template":"","format":"standard","meta":{"footnotes":""},"categories":[20],"tags":[],"class_list":["post-73","post","type-post","status-publish","format-standard","hentry","category-proiecte"],"_links":{"self":[{"href":"https:\/\/www.anofm.ro\/dambovita\/wp-json\/wp\/v2\/posts\/73","targetHints":{"allow":["GET"]}}],"collection":[{"href":"https:\/\/www.anofm.ro\/dambovita\/wp-json\/wp\/v2\/posts"}],"about":[{"href":"https:\/\/www.anofm.ro\/dambovita\/wp-json\/wp\/v2\/types\/post"}],"replies":[{"embeddable":true,"href":"https:\/\/www.anofm.ro\/dambovita\/wp-json\/wp\/v2\/comments?post=73"}],"version-history":[{"count":0,"href":"https:\/\/www.anofm.ro\/dambovita\/wp-json\/wp\/v2\/posts\/73\/revisions"}],"wp:attachment":[{"href":"https:\/\/www.anofm.ro\/dambovita\/wp-json\/wp\/v2\/media?parent=73"}],"wp:term":[{"taxonomy":"category","embeddable":true,"href":"https:\/\/www.anofm.ro\/dambovita\/wp-json\/wp\/v2\/categories?post=73"},{"taxonomy":"post_tag","embeddable":true,"href":"https:\/\/www.anofm.ro\/dambovita\/wp-json\/wp\/v2\/tags?post=73"}],"curies":[{"name":"wp","href":"https:\/\/api.w.org\/{rel}","templated":true}]}}