{"id":45,"date":"2019-01-23T00:00:00","date_gmt":"2019-01-22T22:00:00","guid":{"rendered":"https:\/\/www.anofm.ro\/dambovita\/peste-7100-persoane-si-au-gasit-un-loc-de-munca-cu-sprijinul-ajofm-dambovita\/"},"modified":"2019-01-23T00:00:00","modified_gmt":"2019-01-22T22:00:00","slug":"peste-7100-persoane-si-au-gasit-un-loc-de-munca-cu-sprijinul-ajofm-dambovita","status":"publish","type":"post","link":"https:\/\/www.anofm.ro\/dambovita\/peste-7100-persoane-si-au-gasit-un-loc-de-munca-cu-sprijinul-ajofm-dambovita\/","title":{"rendered":"Peste 7100 persoane \u015fi-au g\u0103sit un loc de munc\u0103 cu sprijinul AJOFM D\u00e2mbovi\u021ba"},"content":{"rendered":"<ul class=\"file-list\">\n<li><a target=\"_blank\" href=\"\/upload\/4738\/Comunicat_de_presa_ocupare_DAMBOVITA_12_2018.pdf\" rel=\"noopener\">Peste 7100 persoane \u015fi-au g\u0103sit un loc de munc\u0103 cu sprijinul AJOFM D\u00e2mbovi\u021ba<\/a><\/li>\n<\/ul>\n","protected":false},"excerpt":{"rendered":"<p>Peste 7100 persoane \u015fi-au g\u0103sit un loc de munc\u0103 cu sprijinul AJOFM D\u00e2mbovi\u021ba<\/p>\n","protected":false},"author":0,"featured_media":0,"comment_status":"closed","ping_status":"closed","sticky":false,"template":"","format":"standard","meta":{"footnotes":""},"categories":[9],"tags":[],"class_list":["post-45","post","type-post","status-publish","format-standard","hentry","category-comunicate-de-presa"],"_links":{"self":[{"href":"https:\/\/www.anofm.ro\/dambovita\/wp-json\/wp\/v2\/posts\/45","targetHints":{"allow":["GET"]}}],"collection":[{"href":"https:\/\/www.anofm.ro\/dambovita\/wp-json\/wp\/v2\/posts"}],"about":[{"href":"https:\/\/www.anofm.ro\/dambovita\/wp-json\/wp\/v2\/types\/post"}],"replies":[{"embeddable":true,"href":"https:\/\/www.anofm.ro\/dambovita\/wp-json\/wp\/v2\/comments?post=45"}],"version-history":[{"count":0,"href":"https:\/\/www.anofm.ro\/dambovita\/wp-json\/wp\/v2\/posts\/45\/revisions"}],"wp:attachment":[{"href":"https:\/\/www.anofm.ro\/dambovita\/wp-json\/wp\/v2\/media?parent=45"}],"wp:term":[{"taxonomy":"category","embeddable":true,"href":"https:\/\/www.anofm.ro\/dambovita\/wp-json\/wp\/v2\/categories?post=45"},{"taxonomy":"post_tag","embeddable":true,"href":"https:\/\/www.anofm.ro\/dambovita\/wp-json\/wp\/v2\/tags?post=45"}],"curies":[{"name":"wp","href":"https:\/\/api.w.org\/{rel}","templated":true}]}}