{"id":398,"date":"2022-03-15T00:00:00","date_gmt":"2022-03-14T22:00:00","guid":{"rendered":"https:\/\/www.anofm.ro\/dambovita\/procedura-din-9-martie-2022-de-incadrare-in-munca-a-cetatenilor-ucraineni-care-provin-din-zona-de-conflict-armat-din-ucraina\/"},"modified":"2022-03-15T00:00:00","modified_gmt":"2022-03-14T22:00:00","slug":"procedura-din-9-martie-2022-de-incadrare-in-munca-a-cetatenilor-ucraineni-care-provin-din-zona-de-conflict-armat-din-ucraina","status":"publish","type":"post","link":"https:\/\/www.anofm.ro\/dambovita\/procedura-din-9-martie-2022-de-incadrare-in-munca-a-cetatenilor-ucraineni-care-provin-din-zona-de-conflict-armat-din-ucraina\/","title":{"rendered":"PROCEDUR\u0102 din 9 martie 2022 de \u00eencadrare \u00een munc\u0103 a cet\u0103\u0163enilor ucraineni care provin din zona de conflict armat din Ucraina"},"content":{"rendered":"<ul class=\"file-list\">\n<li><a href=\"https:\/\/www.anofm.ro\/?idpostare=19994\">PROCEDUR\u0102 din 9 martie 2022 de \u00eencadrare \u00een munc\u0103 a cet\u0103\u0163enilor ucraineni care provin din zona de conflict armat din Ucraina<\/a><\/li>\n<\/ul>\n","protected":false},"excerpt":{"rendered":"<p>PROCEDUR\u0102 din 9 martie 2022 de \u00eencadrare \u00een munc\u0103 a cet\u0103\u0163enilor ucraineni care provin din zona de conflict armat din Ucraina<\/p>\n","protected":false},"author":0,"featured_media":0,"comment_status":"closed","ping_status":"closed","sticky":false,"template":"","format":"standard","meta":{"footnotes":""},"categories":[9],"tags":[],"class_list":["post-398","post","type-post","status-publish","format-standard","hentry","category-comunicate-de-presa"],"_links":{"self":[{"href":"https:\/\/www.anofm.ro\/dambovita\/wp-json\/wp\/v2\/posts\/398","targetHints":{"allow":["GET"]}}],"collection":[{"href":"https:\/\/www.anofm.ro\/dambovita\/wp-json\/wp\/v2\/posts"}],"about":[{"href":"https:\/\/www.anofm.ro\/dambovita\/wp-json\/wp\/v2\/types\/post"}],"replies":[{"embeddable":true,"href":"https:\/\/www.anofm.ro\/dambovita\/wp-json\/wp\/v2\/comments?post=398"}],"version-history":[{"count":0,"href":"https:\/\/www.anofm.ro\/dambovita\/wp-json\/wp\/v2\/posts\/398\/revisions"}],"wp:attachment":[{"href":"https:\/\/www.anofm.ro\/dambovita\/wp-json\/wp\/v2\/media?parent=398"}],"wp:term":[{"taxonomy":"category","embeddable":true,"href":"https:\/\/www.anofm.ro\/dambovita\/wp-json\/wp\/v2\/categories?post=398"},{"taxonomy":"post_tag","embeddable":true,"href":"https:\/\/www.anofm.ro\/dambovita\/wp-json\/wp\/v2\/tags?post=398"}],"curies":[{"name":"wp","href":"https:\/\/api.w.org\/{rel}","templated":true}]}}