{"id":2701,"date":"2023-12-11T00:00:00","date_gmt":"2023-12-10T22:00:00","guid":{"rendered":"https:\/\/www.anofm.ro\/dambovita\/ziua-anofm-25-de-ani-de-performanta-in-ocupare\/"},"modified":"2023-12-11T00:00:00","modified_gmt":"2023-12-10T22:00:00","slug":"ziua-anofm-25-de-ani-de-performanta-in-ocupare","status":"publish","type":"post","link":"https:\/\/www.anofm.ro\/dambovita\/ziua-anofm-25-de-ani-de-performanta-in-ocupare\/","title":{"rendered":"Ziua ANOFM &#8211; 25 de ani de performanta in ocupare"},"content":{"rendered":"<p class=\"Default\" style=\"margin-top: 0px;margin-bottom: 6pt;font-family: -apple-system, BlinkMacSystemFont,\"><b style=\"font-weight: bolder\"><span lang=\"FR\"><font face=\"Trebuchet MS\" style=\"font-size: 14px\">Ziua ANOFM &#8211; 25 de ani de performan\u021b\u0103 \u00een ocupare<\/font><\/span><\/b><\/p>\n<p class=\"Default\" style=\"margin-top: 0px;margin-bottom: 6pt;font-family: -apple-system, BlinkMacSystemFont,\"><\/p>\n<p class=\"Default \" style=\"margin-top: 0px;margin-bottom: 6pt;font-family: -apple-system, BlinkMacSystemFont,\"><span lang=\"FR\"><font face=\"Trebuchet MS\" style=\"font-size: 14px\">Mesajul pre\u0219edintelui ANOFM,<span>\u00a0<\/span><b style=\"font-weight: bolder\">Florin Coto\u0219man<\/b>, adresat cu prilejul anivers\u0103rii a 25 de ani de activitate a Agen\u021biei Na\u021bionale pentru Ocuparea For\u021bei de Munc\u0103:<\/font><\/span><\/p>\n<p class=\"Default\" style=\"margin-top: 0px;margin-bottom: 6pt;font-family: -apple-system, BlinkMacSystemFont,\"><\/p>\n<p class=\"Default\" style=\"margin-top: 0px;margin-bottom: 6pt;font-family: -apple-system, BlinkMacSystemFont,\"><span lang=\"FR\"><font face=\"Trebuchet MS\" style=\"font-size: 14px\">\u201cLa<span>\u00a0<\/span><b style=\"font-weight: bolder\">25 de ani<\/b><span>\u00a0<\/span>de la \u00eenfiin\u021barea Agen\u021biei Na\u021bionale pentru Ocuparea For\u021bei de Munc\u0103 avem ocazia s\u0103 privim \u00eenapoi cu m\u00e2ndrie, s\u0103 celebr\u0103m parcursul institu\u021biei noastre, dar \u0219i s\u0103 ne proiect\u0103m cu \u00eencredere \u00eentr-un viitor plin de oportunit\u0103\u021bi \u0219i provoc\u0103ri.<\/font><\/span><\/p>\n<p class=\"Default\" style=\"margin-top: 0px;margin-bottom: 6pt;font-family: -apple-system, BlinkMacSystemFont,\"><font face=\"Trebuchet MS\" style=\"font-size: 14px\"><span lang=\"FR\">De-a lungul celor dou\u0103 decenii \u0219i jum\u0103tate, am reu\u0219it s\u0103 form\u0103m o echip\u0103 implicat\u0103 \u00een multiple activit\u0103\u021bi, o echip\u0103 cu mari responsabilit\u0103\u021bi \u00een domeniul serviciilor destinate pie\u021bei muncii.<span>\u00a0<\/span><\/span>Cu fiecare an care a trecut, am \u00eenv\u0103\u021bat, ne-am adaptat \u0219i am evoluat pentru a r\u0103spunde nevoilor \u0219i schimb\u0103rilor din societatea noastr\u0103 care este \u00een continu\u0103 transformare.<\/font><\/p>\n<p class=\"Default\" style=\"margin-top: 0px;margin-bottom: 6pt;font-family: -apple-system, BlinkMacSystemFont,\"><font face=\"Trebuchet MS\" style=\"font-size: 14px\">Identificarea \u015fi valorificarea oportunit\u0103\u0163ilor de ocupare prin oferirea de servicii de calitate, at\u00e2t pentru cei care caut\u0103 un loc de munc\u0103 c\u00e2t \u0219i pentru angajatori, sunt deziderate permanente urm\u0103rite \u00een activitatea desf\u0103\u015furat\u0103 la nivelul \u00eentregii structuri a ANOFM.<\/font><\/p>\n<p class=\"Default\" style=\"margin-top: 0px;margin-bottom: 6pt;font-family: -apple-system, BlinkMacSystemFont,\"><font face=\"Trebuchet MS\" style=\"font-size: 14px\">\u00cen acest moment, ANOFM ofer\u0103 servicii profesioniste accesate cu \u00eencredere de to\u0163i cei care doresc s\u0103 intre pe pia\u0163a muncii sau s\u0103 evolueze \u00een cadrul acesteia \u0219i, totodat\u0103, este implicat\u0103 \u00een atragerea de fonduri europene destinate sus\u021binerii m\u0103surilor de stimulare a ocup\u0103rii \u0219omerilor.<\/font><\/p>\n<p class=\"Default\" style=\"margin-top: 0px;margin-bottom: 6pt;font-family: -apple-system, BlinkMacSystemFont,\"><font face=\"Trebuchet MS\" style=\"font-size: 14px\">\u00cen calitate de actor principal pe pia\u021ba muncii, institu\u021bia noastr\u0103 a contractat 1,2 miliarde euro din Fondul Social European prin Programul Opera\u0163ional Capital Uman 2014-2020, destina\u021bi sus\u021binerii clien\u021bilor (persoane aflate \u00een c\u0103utarea unui loc de munc\u0103 \u0219i angajatori), dar \u0219i cre\u0219terii calit\u0103\u021bii serviciilor dedicate acestora, devenind astfel unul dintre cei mai mari beneficiari POCU din Rom\u00e2nia.<\/font><\/p>\n<p class=\"Default\" style=\"margin-top: 0px;margin-bottom: 6pt;font-family: -apple-system, BlinkMacSystemFont,\"><font face=\"Trebuchet MS\" style=\"font-size: 14px\">Acum, \u00een ultima lun\u0103 a acestui an, sunt \u00eenc\u00e2ntat s\u0103 anun\u021b c\u0103 finaliz\u0103m cu succes toate obiectivele propuse prin proiectele de dezvoltare institu\u021bional\u0103 stabilite prin Strategia ANOFM, \u0219i care sunt condi\u021bionalit\u0103\u021bi favorizante pentru viitorul Cadru Financiar Multianual 2021 \u2013 2027 al Uniunii Europene: Rela\u021bia SPO cu angajatorii \u2013 eSPOR, Managementul de caz \u2013 Proces de incluziune pe pia\u021ba muncii \u0219i ReCONECT \u2013 Adaptare la schimbare \u2013 Mecanism Integrat de Anticipare, Monitorizare, Evaluare a Pie\u021bei Muncii \u0219i Educa\u021biei. Obiectivele celor 3 proiecte au fost complementare cu cele stabilite \u00een Planul Na\u021bional de Redresare \u0219i Rezilien\u021b\u0103 (PNRR) \u0219i vor fi continuate \u0219i dezvoltate cu finan\u021bare din Programul Opera\u021bional Educa\u021bie \u0219i Ocupare (POEO).<\/font><\/p>\n<p class=\"Default\" style=\"margin-top: 0px;margin-bottom: 6pt;font-family: -apple-system, BlinkMacSystemFont,\"><font face=\"Trebuchet MS\" style=\"font-size: 14px\">ANOFM a trecut printr-un amplu proces de modernizare \u0219i reformare pentru ca serviciile oferite s\u0103 r\u0103spund\u0103 c\u00e2t mai exact necesit\u0103\u0163ilor clien\u0163ilor s\u0103i, persoane aflate \u00een c\u0103utarea unui loc de munc\u0103 \u015fi angajatori.<\/font><\/p>\n<p class=\"Default\" style=\"margin-top: 0px;margin-bottom: 6pt;font-family: -apple-system, BlinkMacSystemFont,\"><font face=\"Trebuchet MS\" style=\"font-size: 14px\">Astfel, vom fi mult mai performan\u021bi, vom oferi servicii mai rapid \u0219i vom r\u0103spunde mai eficient nevoilor clien\u021bilor ANOFM.<span>\u00a0<\/span><span lang=\"FR\">Modernizarea continu\u0103 a institu\u021biei noastre reprezint\u0103 un angajament c\u0103tre excelen\u021b\u0103 \u0219i c\u0103tre adaptarea la cerin\u021bele \u00een schimbare ale lumii contemporane.<\/span><\/font><\/p>\n<p class=\"Default\" style=\"margin-top: 0px;margin-bottom: 6pt;font-family: -apple-system, BlinkMacSystemFont,\"><font face=\"Trebuchet MS\" style=\"font-size: 14px\"><span lang=\"FR\">Aprecierea venit\u0103 din partea Comisiei Europene, ce monitorizeaz\u0103 parcursul institu\u021bional al ANOFM, a contribuit la finan\u021b\u0103rile ob<\/span><span lang=\"RO\">\u021b<\/span><span lang=\"FR\">inute at\u00e2t \u00een cadrul Planului Na\u021bional de Redresare \u0219i Rezilien\u021b\u0103 (PNRR), \u00een cele din Programul Opera\u021bional Educa\u021bie \u0219i Ocupare (POEO), dar \u0219i prin Programul Opera\u021bional Tranzi\u021bie Just\u0103 (POTJ).<\/span><\/font><\/p>\n<p class=\"Default\" style=\"margin-top: 0px;margin-bottom: 6pt;font-family: -apple-system, BlinkMacSystemFont,\"><span lang=\"FR\"><font face=\"Trebuchet MS\" style=\"font-size: 14px\">Sunt onorat s\u0103 m\u0103 aflu la conducerea echipei ANOFM \u015fi \u00een aceast\u0103 calitate cu prilejul anivers\u0103rii intitu\u0163iei noastre vreau s\u0103 mul\u0163umesc tuturor \u00een mod special membrilor Consiliului de Administra\u0163ie al ANOFM, partenerilor, colaboratorilor \u015fi colegilor \u015fi, nu \u00een ultimul r\u00e2nd, clien\u0163ilor no\u015ftri pentru sprijinul \u015fi \u00eencrederea acordate.<\/font><\/span><\/p>\n<p class=\"Default\" style=\"margin-top: 0px;margin-bottom: 6pt;font-family: -apple-system, BlinkMacSystemFont,\"><span lang=\"FR\"><font face=\"Trebuchet MS\" style=\"font-size: 14px\">Totodat\u0103, doresc s\u0103 remarc interesul reprezentan\u0163ilor mass-media \u0219i al societ\u0103\u021bii civile pentru activitatea noastr\u0103 \u0219i pentru informarea corect\u0103 a opiniei publice. At\u00e2t eu, c\u00e2t \u0219i colegii mei ne dorim s\u0103 fi\u021bi al\u0103turi de noi \u00een continuare pentru ca informa\u0163ia s\u0103 ajung\u0103 la publicul nostru c\u00e2t mai rapid \u015fi obiectiv.<\/font><\/span><\/p>\n<p class=\"Default\" style=\"margin-top: 0px;margin-bottom: 6pt;font-family: -apple-system, BlinkMacSystemFont,\"><span lang=\"FR\"><font face=\"Trebuchet MS\" style=\"font-size: 14px\">\u00cen \u00eencheiere, v\u0103 doresc S\u0103rb\u0103tori Fericite \u0219i un An Nou plin de \u00eempliniri, s\u0103n\u0103tate \u0219i bucurii al\u0103turi de cei dragi.<\/font><\/span><\/p>\n<p class=\"Default \" style=\"margin-top: 0px;margin-bottom: 6pt;font-family: -apple-system, BlinkMacSystemFont,\"><font face=\"Trebuchet MS\" style=\"font-size: 14px\"><span lang=\"FR\">La mul\u021bi ani, Agen\u021bia Na\u021bional\u0103 pentru Ocuparea For\u021bei de Munc\u0103!\u201d<\/span><b style=\"font-weight: bolder\"><span lang=\"FR\" style=\"line-height: 16.1px\">\u00a0<\/span><\/b><\/font><\/p>\n<p class=\"Default \" style=\"margin-top: 0px;margin-bottom: 6pt;font-family: -apple-system, BlinkMacSystemFont,\"><font face=\"Trebuchet MS\" style=\"font-size: 14px\"><b style=\"font-weight: bolder\"><span lang=\"FR\" style=\"line-height: 16.1px\"><br \/><\/span><\/b><\/font><\/p>\n<p style=\"margin-top: 0px;margin-bottom: 1rem;font-family: -apple-system, BlinkMacSystemFont,\">\n<p style=\"margin-top: 0px;margin-bottom: 1rem;font-family: -apple-system, BlinkMacSystemFont,\">\n<p class=\"MsoNormal\" style=\"margin-top: 0px;margin-bottom: 1rem;font-family: -apple-system, BlinkMacSystemFont,\"><b style=\"font-weight: bolder\"><span lang=\"FR\" style=\"line-height: 18.4px\"><font face=\"Trebuchet MS\" style=\"font-size: 14px\">Florin Coto\u0219man,<\/font><\/span><\/b><\/p>\n<p><b style=\"font-weight: bolder;font-family: -apple-system, BlinkMacSystemFont,\"><span lang=\"FR\" style=\"line-height: 18.4px\"><font face=\"Trebuchet MS\" style=\"font-size: 14px\">Pre\u0219edinte al Agen\u021biei Na\u021bionale pentru Ocuparea For\u021bei de Munc\u0103<\/font><\/span><\/b><\/p>\n","protected":false},"excerpt":{"rendered":"<p>Ziua ANOFM &#8211; 25 de ani de performanta in ocupare<\/p>\n","protected":false},"author":0,"featured_media":0,"comment_status":"closed","ping_status":"closed","sticky":false,"template":"","format":"standard","meta":{"footnotes":""},"categories":[9],"tags":[],"class_list":["post-2701","post","type-post","status-publish","format-standard","hentry","category-comunicate-de-presa"],"_links":{"self":[{"href":"https:\/\/www.anofm.ro\/dambovita\/wp-json\/wp\/v2\/posts\/2701","targetHints":{"allow":["GET"]}}],"collection":[{"href":"https:\/\/www.anofm.ro\/dambovita\/wp-json\/wp\/v2\/posts"}],"about":[{"href":"https:\/\/www.anofm.ro\/dambovita\/wp-json\/wp\/v2\/types\/post"}],"replies":[{"embeddable":true,"href":"https:\/\/www.anofm.ro\/dambovita\/wp-json\/wp\/v2\/comments?post=2701"}],"version-history":[{"count":0,"href":"https:\/\/www.anofm.ro\/dambovita\/wp-json\/wp\/v2\/posts\/2701\/revisions"}],"wp:attachment":[{"href":"https:\/\/www.anofm.ro\/dambovita\/wp-json\/wp\/v2\/media?parent=2701"}],"wp:term":[{"taxonomy":"category","embeddable":true,"href":"https:\/\/www.anofm.ro\/dambovita\/wp-json\/wp\/v2\/categories?post=2701"},{"taxonomy":"post_tag","embeddable":true,"href":"https:\/\/www.anofm.ro\/dambovita\/wp-json\/wp\/v2\/tags?post=2701"}],"curies":[{"name":"wp","href":"https:\/\/api.w.org\/{rel}","templated":true}]}}