{"id":178,"date":"2020-04-23T00:00:00","date_gmt":"2020-04-22T21:00:00","guid":{"rendered":"https:\/\/www.anofm.ro\/dambovita\/anofm-anunta-stabilirea-unui-nou-numar-unic-de-apel-pentru-informarea-cetatenilor-cu-privire-la-somajul-tehnic\/"},"modified":"2020-04-23T00:00:00","modified_gmt":"2020-04-22T21:00:00","slug":"anofm-anunta-stabilirea-unui-nou-numar-unic-de-apel-pentru-informarea-cetatenilor-cu-privire-la-somajul-tehnic","status":"publish","type":"post","link":"https:\/\/www.anofm.ro\/dambovita\/anofm-anunta-stabilirea-unui-nou-numar-unic-de-apel-pentru-informarea-cetatenilor-cu-privire-la-somajul-tehnic\/","title":{"rendered":"ANOFM anunt\u0103 stabilirea unui nou numar unic de apel pentru informarea cetatenilor cu privire la somajul tehnic"},"content":{"rendered":"<p style=\"margin-top: 0px;margin-bottom: 1rem\"><span><a target=\"_blank\" href=\"\/upload\/12313\/Comunicat_de_presa_ANOFM_13.04.2020.pdf\" rel=\"noopener\">Comunicat de pres\u0103<\/a><\/span><\/p>\n<p style=\"margin-top: 0px;margin-bottom: 1rem\"><span>ANOFM anun\u021b\u0103 stabilirea unui nou num\u0103r unic de apel pentru informarea cet\u0103\u021benilor cu privire la \u015fomajul tehnic<\/span><\/p>\n<p align=\"justify\" style=\"margin-top: 0px;margin-bottom: 1rem\">\u00cencep\u00e2nd cu data de 14 aprilie 2020, Agen\u021bia Na\u021bional\u0103 pentru Ocuparea For\u021bei de Munc\u0103 pune la dispozi\u021bia cet\u0103\u021benilor un nou num\u0103r unic de telefon &#8211;<span>\u00a0021.444-0000,\u00a0<\/span>la care ace\u0219tia pot suna pentru a ob\u021bine informa\u021bii suplimentare cu privire la \u0219omajul tehnic \u0219i la facilit\u0103\u021bile acordate prin prevederile Legii nr.19\/2020.<\/p>\n<p align=\"justify\" style=\"margin-top: 0px;margin-bottom: 1rem\">Noul num\u0103r de telefon, operat \u00een parteneriat cu Telekom Rom\u00e2nia, optimizeaz\u0103 serviciul de informare efectuat de ANOFM, scurt\u00e2nd timpii de a\u0219teptare. Astfel, \u00eenc\u0103 din faza de ini\u021biere a apelului, cet\u0103\u021benii vor putea fi repartiza\u021bi c\u0103tre operatorii call-centerului, \u00een func\u021bie de categoria \u00een care se \u00eencadreaz\u0103.<\/p>\n<p align=\"justify\" style=\"margin-top: 0px;margin-bottom: 1rem\">Call-centerul va func\u021biona \u00een acela\u0219i interval orar ca \u0219i p\u00e2n\u0103 \u00een prezent, respectiv \u00eentre orele 09:00 \u2013 16:00 de luni p\u00e2n\u0103 joi \u0219i vineri \u00eentre 09:00 \u2013 13:00.<\/p>\n<p align=\"justify\" style=\"margin-top: 0px;margin-bottom: 1rem\">ANOFM reaminte\u0219te faptul c\u0103 angajatorii au la dispozi\u021bie platforma digital\u0103 <a href=\"https:\/\/aici.gov.ro\" target=\"_blank\" rel=\"noopener\">https:\/\/aici.gov.ro<\/a> pentru \u00eenc\u0103rcarea documentelor necesare acord\u0103rii \u0219omajului tehnic pentru angaja\u021bii c\u0103rora li s-a suspendat temporar contractul individual de munc\u0103 din ini\u021biativa angajatorului, potrivit art. 52 alin. (1) lit. c) din Legea nr. 53\/2003 &#8211; Codul Muncii, cu modific\u0103rile \u0219i complet\u0103rile ulterioare.<\/p>\n<p align=\"justify\" style=\"margin-top: 0px;margin-bottom: 1rem\">Agen\u021bia Na\u021bional\u0103 pentru Ocuparea For\u021bei de Munc\u0103 va depune, \u00een continuare, toate eforturile \u0219i demersurile necesare, astfel \u00eenc\u00e2t toate solicit\u0103rile din partea cet\u0103\u021benilor s\u0103 fie rezolvate \u00eentr-un timp c\u00e2t mai scurt \u0219i mai eficient, propunandu-\u0219i s\u0103 vin\u0103 \u00een \u00eent\u00e2mpinarea problemelor rom\u00e2nilor astfel \u00eenc\u00e2t rela\u021bionarea dintre institu\u021bie \u0219i cet\u0103\u021beni s\u0103 se fac\u0103 \u00eentr-un mod c\u00e2t mai profesionist \u0219i modern.<\/p>\n<p align=\"justify\" style=\"margin-top: 0px;margin-bottom: 1rem\"><span>Serviciul Comunicare \u0219i Secretariatul Consiliului de Administra\u021bie<\/span><\/p>\n","protected":false},"excerpt":{"rendered":"<p>ANOFM anunt\u0103 stabilirea unui nou numar unic de apel pentru informarea cetatenilor cu privire la somajul tehnic<\/p>\n","protected":false},"author":0,"featured_media":0,"comment_status":"closed","ping_status":"closed","sticky":false,"template":"","format":"standard","meta":{"footnotes":""},"categories":[9],"tags":[],"class_list":["post-178","post","type-post","status-publish","format-standard","hentry","category-comunicate-de-presa"],"_links":{"self":[{"href":"https:\/\/www.anofm.ro\/dambovita\/wp-json\/wp\/v2\/posts\/178","targetHints":{"allow":["GET"]}}],"collection":[{"href":"https:\/\/www.anofm.ro\/dambovita\/wp-json\/wp\/v2\/posts"}],"about":[{"href":"https:\/\/www.anofm.ro\/dambovita\/wp-json\/wp\/v2\/types\/post"}],"replies":[{"embeddable":true,"href":"https:\/\/www.anofm.ro\/dambovita\/wp-json\/wp\/v2\/comments?post=178"}],"version-history":[{"count":0,"href":"https:\/\/www.anofm.ro\/dambovita\/wp-json\/wp\/v2\/posts\/178\/revisions"}],"wp:attachment":[{"href":"https:\/\/www.anofm.ro\/dambovita\/wp-json\/wp\/v2\/media?parent=178"}],"wp:term":[{"taxonomy":"category","embeddable":true,"href":"https:\/\/www.anofm.ro\/dambovita\/wp-json\/wp\/v2\/categories?post=178"},{"taxonomy":"post_tag","embeddable":true,"href":"https:\/\/www.anofm.ro\/dambovita\/wp-json\/wp\/v2\/tags?post=178"}],"curies":[{"name":"wp","href":"https:\/\/api.w.org\/{rel}","templated":true}]}}