{"id":131,"date":"2020-01-15T00:00:00","date_gmt":"2020-01-14T22:00:00","guid":{"rendered":"https:\/\/www.anofm.ro\/dambovita\/a-j-o-f-m-dambovita-%c8%8bncepe-perioada-de-%c8%8bnregistrare-a-aplicatiilor-studentilor-care-doresc-sa-lucreze-%c8%8bn-germania-pe-perioada-vacantei-de-vara\/"},"modified":"2020-01-15T00:00:00","modified_gmt":"2020-01-14T22:00:00","slug":"a-j-o-f-m-dambovita-%c8%8bncepe-perioada-de-%c8%8bnregistrare-a-aplicatiilor-studentilor-care-doresc-sa-lucreze-%c8%8bn-germania-pe-perioada-vacantei-de-vara","status":"publish","type":"post","link":"https:\/\/www.anofm.ro\/dambovita\/a-j-o-f-m-dambovita-%c8%8bncepe-perioada-de-%c8%8bnregistrare-a-aplicatiilor-studentilor-care-doresc-sa-lucreze-%c8%8bn-germania-pe-perioada-vacantei-de-vara\/","title":{"rendered":"A.J.O.F.M. D\u00e2mbovi\u021ba \u020bncepe perioada de \u020bnregistrare a aplica\u021biilor studen\u021bilor care doresc s\u0103 lucreze \u020bn Germania pe perioada vacan\u021bei de var\u0103"},"content":{"rendered":"<ul class=\"file-list\">\n<li><a target=\"_blank\" href=\"\/upload\/10355\/Anunt_inregistrare_aplicatii_studenti_-_program_de_vara_2020_in_Germania_AJOFM.pdf\" rel=\"noopener\">Anunt<\/a><\/li>\n<li><a target=\"_blank\" href=\"\/upload\/10355\/Foaie_informativa_pentru_studenti.pdf\" rel=\"noopener\">Foaie informativa pentru studenti<\/a><\/li>\n<li><a target=\"_blank\" href=\"\/upload\/10355\/Precizari_si_instructiuni_de_completare_a_adeverintei_de_student.pdf\" rel=\"noopener\">Precizari si instructiuni de completare a adeverintei de student<\/a><\/li>\n<li><a target=\"_blank\" href=\"\/upload\/10355\/Preciz%C4%83ri_%C5%9Fi_instruc%C5%A3iuni_de_completare_a_fisei_de_solicitare.pdf\" rel=\"noopener\">Preciz\u0103ri \u015fi instruc\u0163iuni de completare a fisei de solicitare<\/a><\/li>\n<li><a target=\"_blank\" href=\"\/upload\/10355\/MerkblattFerien.pdf\" rel=\"noopener\">Informatii pentru studenti (limba germana)<\/a><\/li>\n<li><a target=\"_blank\" href=\"\/upload\/10355\/B-Immatrikulation-en_ba015238.pdf\" rel=\"noopener\">Adeverinta student<\/a><span><span style=\"text-decoration: underline\"><\/span><\/span><\/li>\n<li><a target=\"_blank\" href=\"\/upload\/10355\/Bewerbungsbogen.pdf\" rel=\"noopener\">Fisa solicitare<\/a><span><span style=\"text-decoration: underline\"><br \/><\/span><\/span><\/li>\n<\/ul>\n","protected":false},"excerpt":{"rendered":"<p>A.J.O.F.M. D\u00e2mbovi\u021ba \u020bncepe perioada de \u020bnregistrare a aplica\u021biilor studen\u021bilor care doresc s\u0103 lucreze \u020bn Germania pe perioada vacan\u021bei de var\u0103<\/p>\n","protected":false},"author":0,"featured_media":0,"comment_status":"closed","ping_status":"closed","sticky":false,"template":"","format":"standard","meta":{"footnotes":""},"categories":[16],"tags":[],"class_list":["post-131","post","type-post","status-publish","format-standard","hentry","category-materiale-informative"],"_links":{"self":[{"href":"https:\/\/www.anofm.ro\/dambovita\/wp-json\/wp\/v2\/posts\/131","targetHints":{"allow":["GET"]}}],"collection":[{"href":"https:\/\/www.anofm.ro\/dambovita\/wp-json\/wp\/v2\/posts"}],"about":[{"href":"https:\/\/www.anofm.ro\/dambovita\/wp-json\/wp\/v2\/types\/post"}],"replies":[{"embeddable":true,"href":"https:\/\/www.anofm.ro\/dambovita\/wp-json\/wp\/v2\/comments?post=131"}],"version-history":[{"count":0,"href":"https:\/\/www.anofm.ro\/dambovita\/wp-json\/wp\/v2\/posts\/131\/revisions"}],"wp:attachment":[{"href":"https:\/\/www.anofm.ro\/dambovita\/wp-json\/wp\/v2\/media?parent=131"}],"wp:term":[{"taxonomy":"category","embeddable":true,"href":"https:\/\/www.anofm.ro\/dambovita\/wp-json\/wp\/v2\/categories?post=131"},{"taxonomy":"post_tag","embeddable":true,"href":"https:\/\/www.anofm.ro\/dambovita\/wp-json\/wp\/v2\/tags?post=131"}],"curies":[{"name":"wp","href":"https:\/\/api.w.org\/{rel}","templated":true}]}}