{"id":9,"date":"2018-11-28T00:00:00","date_gmt":"2018-11-27T22:00:00","guid":{"rendered":"https:\/\/www.anofm.ro\/crfpa-valcea\/proiectul-european-pocu-298-3-14-121507\/"},"modified":"2018-11-28T00:00:00","modified_gmt":"2018-11-27T22:00:00","slug":"proiectul-european-pocu-298-3-14-121507","status":"publish","type":"post","link":"https:\/\/www.anofm.ro\/crfpa-valcea\/proiectul-european-pocu-298-3-14-121507\/","title":{"rendered":"Proiectul european POCU\/298\/3\/14\/121507"},"content":{"rendered":"<p>FONDUL SOCIAL EUROPEAN<\/p>\n<p>Programul Opera\u021bional Capital Uman 2014-2020\u00a0<\/p>\n<p>Axa prioritar\u0103 3: Locuri de munc\u0103 pentru to\u021bi<\/p>\n<p>Obiectiv specific 8: Promovarea unei ocup\u0103ri sustenabile \u0219i de calitate a for\u021bei de munc\u0103 \u0219i sprijinirea mobilit\u0103\u021bii for\u021bei de munc\u0103<\/p>\n<p>Titlul proiectului: IFCA \u2013 Informare, consiliere, formare, angajare pentru persoane aflate \u00een c\u0103utarea unui loc de munc\u0103 \u00een regiunea SV Oltenia<\/p>\n<p>Contract POCU:\u00a0 <a href=\"http:\/\/www.crfpa-vl.ro\/IFCA\/ifca.html\"><font style=\"font-size: 16px\">POCU\/298\/3\/14\/121507<\/font><\/a><\/p>\n<div><\/div>\n","protected":false},"excerpt":{"rendered":"<p>FONDUL SOCIAL EUROPEAN<\/p>\n<p>Programul Opera\u021bional Capital Uman 2014-2020<\/p><\/p>\n","protected":false},"author":0,"featured_media":0,"comment_status":"closed","ping_status":"closed","sticky":false,"template":"","format":"standard","meta":{"footnotes":""},"categories":[20],"tags":[],"class_list":["post-9","post","type-post","status-publish","format-standard","hentry","category-proiecte"],"_links":{"self":[{"href":"https:\/\/www.anofm.ro\/crfpa-valcea\/wp-json\/wp\/v2\/posts\/9","targetHints":{"allow":["GET"]}}],"collection":[{"href":"https:\/\/www.anofm.ro\/crfpa-valcea\/wp-json\/wp\/v2\/posts"}],"about":[{"href":"https:\/\/www.anofm.ro\/crfpa-valcea\/wp-json\/wp\/v2\/types\/post"}],"replies":[{"embeddable":true,"href":"https:\/\/www.anofm.ro\/crfpa-valcea\/wp-json\/wp\/v2\/comments?post=9"}],"version-history":[{"count":0,"href":"https:\/\/www.anofm.ro\/crfpa-valcea\/wp-json\/wp\/v2\/posts\/9\/revisions"}],"wp:attachment":[{"href":"https:\/\/www.anofm.ro\/crfpa-valcea\/wp-json\/wp\/v2\/media?parent=9"}],"wp:term":[{"taxonomy":"category","embeddable":true,"href":"https:\/\/www.anofm.ro\/crfpa-valcea\/wp-json\/wp\/v2\/categories?post=9"},{"taxonomy":"post_tag","embeddable":true,"href":"https:\/\/www.anofm.ro\/crfpa-valcea\/wp-json\/wp\/v2\/tags?post=9"}],"curies":[{"name":"wp","href":"https:\/\/api.w.org\/{rel}","templated":true}]}}