{"id":4392,"date":"2025-09-24T18:39:55","date_gmt":"2025-09-24T15:39:55","guid":{"rendered":"https:\/\/www.anofm.ro\/crfpa-calarasi\/?p=4392"},"modified":"2026-02-26T07:50:23","modified_gmt":"2026-02-26T05:50:23","slug":"crfpa-calarasi-demareaza-urmatoarele-programe-de-formare-profesionala-24-septembrie-2025","status":"publish","type":"post","link":"https:\/\/www.anofm.ro\/crfpa-calarasi\/crfpa-calarasi-demareaza-urmatoarele-programe-de-formare-profesionala-24-septembrie-2025\/","title":{"rendered":"CRFPA C\u0102L\u0102RA\u0218I demareaz\u0103 urm\u0103toarele programe de formare profesional\u0103 &#8211; 24 septembrie 2025"},"content":{"rendered":"\n<p>CRFPA C\u0102L\u0102RA\u0218I demareaz\u0103 urm\u0103toarele programe de formare profesional\u0103 &#8211; 24 septembrie 2025<\/p>\n\n\n\n<p><a href=\"https:\/\/www.facebook.com\/CRFPACalarasi\/posts\/pfbid027NXQthbd7nCpUP7Pvwd63DGTW4tHMyc8A2AcaQULg5ndccKTaLqyUDK5f7UPNkj2l\">https:\/\/www.facebook.com\/CRFPACalarasi\/posts\/pfbid027NXQthbd7nCpUP7Pvwd63DGTW4tHMyc8A2AcaQULg5ndccKTaLqyUDK5f7UPNkj2l<\/a><\/p>\n","protected":false},"excerpt":{"rendered":"<p>CRFPA C\u0102L\u0102RA\u0218I demareaz\u0103 urm\u0103toarele programe de formare profesional\u0103 &#8211; 24 septembrie 2025 https:\/\/www.facebook.com\/CRFPACalarasi\/posts\/pfbid027NXQthbd7nCpUP7Pvwd63DGTW4tHMyc8A2AcaQULg5ndccKTaLqyUDK5f7UPNkj2l<\/p>\n","protected":false},"author":227,"featured_media":0,"comment_status":"closed","ping_status":"closed","sticky":false,"template":"","format":"standard","meta":{"footnotes":""},"categories":[9],"tags":[],"class_list":["post-4392","post","type-post","status-publish","format-standard","hentry","category-comunicate-de-presa"],"_links":{"self":[{"href":"https:\/\/www.anofm.ro\/crfpa-calarasi\/wp-json\/wp\/v2\/posts\/4392","targetHints":{"allow":["GET"]}}],"collection":[{"href":"https:\/\/www.anofm.ro\/crfpa-calarasi\/wp-json\/wp\/v2\/posts"}],"about":[{"href":"https:\/\/www.anofm.ro\/crfpa-calarasi\/wp-json\/wp\/v2\/types\/post"}],"author":[{"embeddable":true,"href":"https:\/\/www.anofm.ro\/crfpa-calarasi\/wp-json\/wp\/v2\/users\/227"}],"replies":[{"embeddable":true,"href":"https:\/\/www.anofm.ro\/crfpa-calarasi\/wp-json\/wp\/v2\/comments?post=4392"}],"version-history":[{"count":1,"href":"https:\/\/www.anofm.ro\/crfpa-calarasi\/wp-json\/wp\/v2\/posts\/4392\/revisions"}],"predecessor-version":[{"id":4393,"href":"https:\/\/www.anofm.ro\/crfpa-calarasi\/wp-json\/wp\/v2\/posts\/4392\/revisions\/4393"}],"wp:attachment":[{"href":"https:\/\/www.anofm.ro\/crfpa-calarasi\/wp-json\/wp\/v2\/media?parent=4392"}],"wp:term":[{"taxonomy":"category","embeddable":true,"href":"https:\/\/www.anofm.ro\/crfpa-calarasi\/wp-json\/wp\/v2\/categories?post=4392"},{"taxonomy":"post_tag","embeddable":true,"href":"https:\/\/www.anofm.ro\/crfpa-calarasi\/wp-json\/wp\/v2\/tags?post=4392"}],"curies":[{"name":"wp","href":"https:\/\/api.w.org\/{rel}","templated":true}]}}