{"id":4387,"date":"2025-06-16T21:00:51","date_gmt":"2025-06-16T18:00:51","guid":{"rendered":"https:\/\/www.anofm.ro\/crfpa-calarasi\/?p=4387"},"modified":"2026-02-26T07:44:43","modified_gmt":"2026-02-26T05:44:43","slug":"un-nou-episod-din-seria-de-podcasturi-vorbimm-despre-din-cadrul-proiectului-imm-romania-alaturi-de-invitatul-nostru-expert-in-formare-profesionala-ruxandra-birca-director-la-cen","status":"publish","type":"post","link":"https:\/\/www.anofm.ro\/crfpa-calarasi\/un-nou-episod-din-seria-de-podcasturi-vorbimm-despre-din-cadrul-proiectului-imm-romania-alaturi-de-invitatul-nostru-expert-in-formare-profesionala-ruxandra-birca-director-la-cen\/","title":{"rendered":"Un nou episod din seria de podcasturi \u201dvorbIMM despre\u201d din cadrul proiectului IMM Rom\u00e2nia,  al\u0103turi de invitatul nostru, expert \u00een formare profesional\u0103, Ruxandra B\u00eerc\u0103, Director la Centrul regional de formare profesional\u0103 a adul\u021bilor C\u0103l\u0103ra\u0219i."},"content":{"rendered":"\n<p>Un nou episod din seria de podcasturi \u201dvorbIMM despre\u201d din cadrul proiectului IMM Rom\u00e2nia,  al\u0103turi de invitatul nostru, expert \u00een formare profesional\u0103, Ruxandra B\u00eerc\u0103, Director la Centrul regional de formare profesional\u0103 a adul\u021bilor C\u0103l\u0103ra\u0219i.<\/p>\n\n\n\n<p><a href=\"https:\/\/www.facebook.com\/immromania.eu\/posts\/pfbid0BUPL7LJvY62LgMqLCDYpbMDPCVxbZhYRu4KjD2brAhm7s3uDiYmajeVa8dqgSKdrl\">https:\/\/www.facebook.com\/immromania.eu\/posts\/pfbid0BUPL7LJvY62LgMqLCDYpbMDPCVxbZhYRu4KjD2brAhm7s3uDiYmajeVa8dqgSKdrl<\/a><\/p>\n","protected":false},"excerpt":{"rendered":"<p>Un nou episod din seria de podcasturi \u201dvorbIMM despre\u201d din cadrul proiectului IMM Rom\u00e2nia, al\u0103turi de invitatul nostru, expert \u00een formare profesional\u0103, Ruxandra B\u00eerc\u0103, Director la Centrul regional de formare<\/p>\n","protected":false},"author":227,"featured_media":0,"comment_status":"closed","ping_status":"closed","sticky":false,"template":"","format":"standard","meta":{"footnotes":""},"categories":[9],"tags":[],"class_list":["post-4387","post","type-post","status-publish","format-standard","hentry","category-comunicate-de-presa"],"_links":{"self":[{"href":"https:\/\/www.anofm.ro\/crfpa-calarasi\/wp-json\/wp\/v2\/posts\/4387","targetHints":{"allow":["GET"]}}],"collection":[{"href":"https:\/\/www.anofm.ro\/crfpa-calarasi\/wp-json\/wp\/v2\/posts"}],"about":[{"href":"https:\/\/www.anofm.ro\/crfpa-calarasi\/wp-json\/wp\/v2\/types\/post"}],"author":[{"embeddable":true,"href":"https:\/\/www.anofm.ro\/crfpa-calarasi\/wp-json\/wp\/v2\/users\/227"}],"replies":[{"embeddable":true,"href":"https:\/\/www.anofm.ro\/crfpa-calarasi\/wp-json\/wp\/v2\/comments?post=4387"}],"version-history":[{"count":1,"href":"https:\/\/www.anofm.ro\/crfpa-calarasi\/wp-json\/wp\/v2\/posts\/4387\/revisions"}],"predecessor-version":[{"id":4388,"href":"https:\/\/www.anofm.ro\/crfpa-calarasi\/wp-json\/wp\/v2\/posts\/4387\/revisions\/4388"}],"wp:attachment":[{"href":"https:\/\/www.anofm.ro\/crfpa-calarasi\/wp-json\/wp\/v2\/media?parent=4387"}],"wp:term":[{"taxonomy":"category","embeddable":true,"href":"https:\/\/www.anofm.ro\/crfpa-calarasi\/wp-json\/wp\/v2\/categories?post=4387"},{"taxonomy":"post_tag","embeddable":true,"href":"https:\/\/www.anofm.ro\/crfpa-calarasi\/wp-json\/wp\/v2\/tags?post=4387"}],"curies":[{"name":"wp","href":"https:\/\/api.w.org\/{rel}","templated":true}]}}