{"id":4377,"date":"2025-03-21T21:00:12","date_gmt":"2025-03-21T19:00:12","guid":{"rendered":"https:\/\/www.anofm.ro\/crfpa-calarasi\/?p=4377"},"modified":"2026-02-26T07:29:11","modified_gmt":"2026-02-26T05:29:11","slug":"crfpa-calarasi-demareaza-in-luna-martie-2025-urmatoarele-programe-de-formare-profesionala-21-martie-2025","status":"publish","type":"post","link":"https:\/\/www.anofm.ro\/crfpa-calarasi\/crfpa-calarasi-demareaza-in-luna-martie-2025-urmatoarele-programe-de-formare-profesionala-21-martie-2025\/","title":{"rendered":"CRFPA C\u0102L\u0102RA\u0218I demareaz\u0103 \u00een luna martie 2025 urm\u0103toarele programe de formare profesional\u0103 \u2013 21 martie 2025"},"content":{"rendered":"\n<p>CRFPA C\u0102L\u0102RA\u0218I demareaz\u0103 \u00een luna martie 2025 urm\u0103toarele programe de formare profesional\u0103 \u2013 21 martie 2025<\/p>\n\n\n\n<p><a href=\"https:\/\/www.facebook.com\/CRFPACalarasi\/posts\/pfbid02YwGfEKdjb8z7tKeJAzBDgDutcKoeaRJ8aDU5qMBgVhgzutx6iC9wJgLqSezUy5vjl\">https:\/\/www.facebook.com\/CRFPACalarasi\/posts\/pfbid02YwGfEKdjb8z7tKeJAzBDgDutcKoeaRJ8aDU5qMBgVhgzutx6iC9wJgLqSezUy5vjl<\/a><\/p>\n","protected":false},"excerpt":{"rendered":"<p>CRFPA C\u0102L\u0102RA\u0218I demareaz\u0103 \u00een luna martie 2025 urm\u0103toarele programe de formare profesional\u0103 \u2013 21 martie 2025 https:\/\/www.facebook.com\/CRFPACalarasi\/posts\/pfbid02YwGfEKdjb8z7tKeJAzBDgDutcKoeaRJ8aDU5qMBgVhgzutx6iC9wJgLqSezUy5vjl<\/p>\n","protected":false},"author":227,"featured_media":0,"comment_status":"closed","ping_status":"closed","sticky":false,"template":"","format":"standard","meta":{"footnotes":""},"categories":[9],"tags":[],"class_list":["post-4377","post","type-post","status-publish","format-standard","hentry","category-comunicate-de-presa"],"_links":{"self":[{"href":"https:\/\/www.anofm.ro\/crfpa-calarasi\/wp-json\/wp\/v2\/posts\/4377","targetHints":{"allow":["GET"]}}],"collection":[{"href":"https:\/\/www.anofm.ro\/crfpa-calarasi\/wp-json\/wp\/v2\/posts"}],"about":[{"href":"https:\/\/www.anofm.ro\/crfpa-calarasi\/wp-json\/wp\/v2\/types\/post"}],"author":[{"embeddable":true,"href":"https:\/\/www.anofm.ro\/crfpa-calarasi\/wp-json\/wp\/v2\/users\/227"}],"replies":[{"embeddable":true,"href":"https:\/\/www.anofm.ro\/crfpa-calarasi\/wp-json\/wp\/v2\/comments?post=4377"}],"version-history":[{"count":1,"href":"https:\/\/www.anofm.ro\/crfpa-calarasi\/wp-json\/wp\/v2\/posts\/4377\/revisions"}],"predecessor-version":[{"id":4378,"href":"https:\/\/www.anofm.ro\/crfpa-calarasi\/wp-json\/wp\/v2\/posts\/4377\/revisions\/4378"}],"wp:attachment":[{"href":"https:\/\/www.anofm.ro\/crfpa-calarasi\/wp-json\/wp\/v2\/media?parent=4377"}],"wp:term":[{"taxonomy":"category","embeddable":true,"href":"https:\/\/www.anofm.ro\/crfpa-calarasi\/wp-json\/wp\/v2\/categories?post=4377"},{"taxonomy":"post_tag","embeddable":true,"href":"https:\/\/www.anofm.ro\/crfpa-calarasi\/wp-json\/wp\/v2\/tags?post=4377"}],"curies":[{"name":"wp","href":"https:\/\/api.w.org\/{rel}","templated":true}]}}