{"id":4040,"date":"2025-06-12T16:30:06","date_gmt":"2025-06-12T13:30:06","guid":{"rendered":"https:\/\/www.anofm.ro\/crfpa-calarasi\/?p=4040"},"modified":"2025-06-20T10:09:23","modified_gmt":"2025-06-20T07:09:23","slug":"anunt-selectie-experti-interni-proiect-edupack-stimularea-ocuparii-prin-furnizarea-de-masuri-active-in-pachete-de-servicii-integrate-in-judetul-calarasi-id335835","status":"publish","type":"post","link":"https:\/\/www.anofm.ro\/crfpa-calarasi\/anunt-selectie-experti-interni-proiect-edupack-stimularea-ocuparii-prin-furnizarea-de-masuri-active-in-pachete-de-servicii-integrate-in-judetul-calarasi-id335835\/","title":{"rendered":"Anunt selectie experti interni proiect EDUPACK\u2013 Stimularea ocup\u0103rii prin furnizarea de m\u0103suri active \u00een pachete de servicii integrate \u00een jude\u021bul C\u0103l\u0103ra\u0219i-ID335835"},"content":{"rendered":"\n<div data-wp-interactive=\"core\/file\" class=\"wp-block-file\"><object data-wp-bind--hidden=\"!state.hasPdfPreview\" hidden class=\"wp-block-file__embed\" data=\"https:\/\/www.anofm.ro\/crfpa-calarasi\/wp-content\/uploads\/sites\/46\/2025\/06\/Anunt-selectie-experti-interni-proiect-EDUPACK\u2013-Stimularea-ocuparii-prin-furnizarea-de-masuri-active-in-pachete-de-servicii-integrate-in-judetul-Calarasi-ID335835.pdf\" type=\"application\/pdf\" style=\"width:100%;height:600px\" aria-label=\"\u00cenglobare pentru Anunt selectie experti interni proiect EDUPACK\u2013 Stimularea ocup\u0103rii prin furnizarea de m\u0103suri active \u00een pachete de servicii integrate \u00een jude\u021bul C\u0103l\u0103ra\u0219i-ID335835.\"><\/object><a id=\"wp-block-file--media-4e6cc27a-1978-44ec-bdf9-095594ae0d35\" href=\"https:\/\/www.anofm.ro\/crfpa-calarasi\/wp-content\/uploads\/sites\/46\/2025\/06\/Anunt-selectie-experti-interni-proiect-EDUPACK\u2013-Stimularea-ocuparii-prin-furnizarea-de-masuri-active-in-pachete-de-servicii-integrate-in-judetul-Calarasi-ID335835.pdf\">Anunt selectie experti interni proiect EDUPACK\u2013 Stimularea ocup\u0103rii prin furnizarea de m\u0103suri active \u00een pachete de servicii integrate \u00een jude\u021bul C\u0103l\u0103ra\u0219i-ID335835<\/a><a href=\"https:\/\/www.anofm.ro\/crfpa-calarasi\/wp-content\/uploads\/sites\/46\/2025\/06\/Anunt-selectie-experti-interni-proiect-EDUPACK\u2013-Stimularea-ocuparii-prin-furnizarea-de-masuri-active-in-pachete-de-servicii-integrate-in-judetul-Calarasi-ID335835.pdf\" class=\"wp-block-file__button wp-element-button\" download aria-describedby=\"wp-block-file--media-4e6cc27a-1978-44ec-bdf9-095594ae0d35\">Descarc\u0103<\/a><\/div>\n","protected":false},"excerpt":{"rendered":"","protected":false},"author":227,"featured_media":0,"comment_status":"closed","ping_status":"closed","sticky":false,"template":"","format":"standard","meta":{"footnotes":""},"categories":[7],"tags":[],"class_list":["post-4040","post","type-post","status-publish","format-standard","hentry","category-cariera-profesionala"],"_links":{"self":[{"href":"https:\/\/www.anofm.ro\/crfpa-calarasi\/wp-json\/wp\/v2\/posts\/4040","targetHints":{"allow":["GET"]}}],"collection":[{"href":"https:\/\/www.anofm.ro\/crfpa-calarasi\/wp-json\/wp\/v2\/posts"}],"about":[{"href":"https:\/\/www.anofm.ro\/crfpa-calarasi\/wp-json\/wp\/v2\/types\/post"}],"author":[{"embeddable":true,"href":"https:\/\/www.anofm.ro\/crfpa-calarasi\/wp-json\/wp\/v2\/users\/227"}],"replies":[{"embeddable":true,"href":"https:\/\/www.anofm.ro\/crfpa-calarasi\/wp-json\/wp\/v2\/comments?post=4040"}],"version-history":[{"count":1,"href":"https:\/\/www.anofm.ro\/crfpa-calarasi\/wp-json\/wp\/v2\/posts\/4040\/revisions"}],"predecessor-version":[{"id":4042,"href":"https:\/\/www.anofm.ro\/crfpa-calarasi\/wp-json\/wp\/v2\/posts\/4040\/revisions\/4042"}],"wp:attachment":[{"href":"https:\/\/www.anofm.ro\/crfpa-calarasi\/wp-json\/wp\/v2\/media?parent=4040"}],"wp:term":[{"taxonomy":"category","embeddable":true,"href":"https:\/\/www.anofm.ro\/crfpa-calarasi\/wp-json\/wp\/v2\/categories?post=4040"},{"taxonomy":"post_tag","embeddable":true,"href":"https:\/\/www.anofm.ro\/crfpa-calarasi\/wp-json\/wp\/v2\/tags?post=4040"}],"curies":[{"name":"wp","href":"https:\/\/api.w.org\/{rel}","templated":true}]}}