{"id":36,"date":"2019-12-10T00:00:00","date_gmt":"2019-12-09T22:00:00","guid":{"rendered":"https:\/\/www.anofm.ro\/crfpa-calarasi\/10-decembrie-ziua-anofm\/"},"modified":"2019-12-10T00:00:00","modified_gmt":"2019-12-09T22:00:00","slug":"10-decembrie-ziua-anofm","status":"publish","type":"post","link":"https:\/\/www.anofm.ro\/crfpa-calarasi\/10-decembrie-ziua-anofm\/","title":{"rendered":"10 Decembrie  &#8211; \u201cZiua ANOFM\u201d"},"content":{"rendered":"<p><a href=\"\/upload\/9830\/10_decembrie_2019_-_Ziua_ANOFM.docx\"><\/p>\n<p>10_decembrie_2019_-_Ziua_ANOFM.docx<\/p>\n<p><\/a><\/p>\n<p class=\"MsoNormal\" style=\"margin-left:-27.0pt\"><b><span>10 Decembrie<span>\u00a0 <\/span>&#8211; \u201cZiua ANOFM\u201d<\/span><\/b><\/p>\n<p class=\"MsoNormal\" style=\"margin-left:-27.0pt\"><b><span>\u00a0<\/span><\/b><\/p>\n<p class=\"MsoNormal\" style=\"margin-left:-27.0pt\"><b><span>Age<\/span><\/b><b><span lang=\"RO\">n\u0163ia Na\u0163ional\u0103 pentru Ocuparea For\u0163ei de Munc\u0103 aniverseaz\u0103 21 de ani de<br \/>\nactivitate<\/span><\/b><\/p>\n<p class=\"MsoNormal\" style=\"margin-left:-27.0pt;text-align:center\" align=\"center\"><b><span><span>\u00a0\u00a0\u00a0\u00a0\u00a0\u00a0 <\/span><\/span><\/b><\/p>\n<p class=\"MsoNormal\" style=\"margin-left:-27.0pt\"><span>10<br \/>\nDecembrie este o zi deosebit de important\u0103 pentru Agen\u0163ia Na\u0163ional\u0103 pentru<br \/>\nOcuparea For\u0163ei de Munc\u0103, zi \u00een care anivers\u0103m 21 de ani de activitate. \u00cen aceast\u0103<br \/>\nperioad\u0103 institu\u0163ia noastr\u0103 s-a transformat, a evoluat \u015fi a acumulat o<br \/>\nexperien\u0163\u0103 bogat\u0103, deosebit de important \u00een acest proces fiind sprijinul<br \/>\nacordat de Uniunea European\u0103 \u015fi schimbul de bune practici cu institu\u0163iile<br \/>\nsimilare din statele membre UE.<\/span><\/p>\n<p class=\"MsoNormal\" style=\"margin-left:-27.0pt\"><span>ANOFM<br \/>\nfunc\u0163ioneaz\u0103 sub autoritatea Ministerului Muncii \u015fi Protec\u0163iei Sociale \u015fi are<br \/>\nrolul de a pune \u00een aplicare politicile \u015fi strategiile guvernamentale privind<br \/>\nocuparea for\u0163ei de munc\u0103, pun\u00e2nd accent pe \u00eendeplinirea <\/span><span style=\"color:black\">obiectivelor<br \/>\nmajore stabilite prin Strategia Europa 2020, respectiv: cre\u015fterea ocup\u0103rii<br \/>\nfor\u0163ei de munc\u0103 prin diminuarea \u015fomajului de lung\u0103 durat\u0103, a \u015fomajului \u00een<br \/>\nr\u00e2ndul tinerilor, dar \u015fi a altor categorii de persoane care \u00eent\u00e2mpin\u0103<br \/>\ndificult\u0103\u0163i de integrare pe pia\u0163a muncii.<\/span> Demn de men\u0163ionat este faptul<br \/>\nc\u0103 \u00een acest an rata de ocupare a popula\u021biei \u00een v\u00e2rst\u0103 de 20-64 ani a fost de<br \/>\n71,6%, dep\u0103\u0219ind \u021binta na\u021bional\u0103 de 70% stabilit\u0103 \u00een contextul Strategiei Europa<br \/>\n2020 cu 1,6 puncte procentuale.<span style=\"color:black\"><\/span><\/p>\n<p class=\"MsoNormal\" style=\"margin-left:-27.0pt\"><span style=\"color:black\" lang=\"RO\">\u00cen vederea \u00eendeplinirii obiectivelor stabilite <\/span><span style=\"color:black\">prin Strategia<br \/>\nEuropa 2020<\/span><span style=\"color:black\" lang=\"RO\">, ANOFM are \u00een<br \/>\nderulare proiecte non-competitive finan\u0163ate din Fondul Social European prin<br \/>\nProgramul Opera\u0163ional Capital Uman 2014-2020, \u00een valoare total\u0103 de peste 600 de<br \/>\nmilioane de euro, proiecte \u00een care sunt implicate toate agen\u0163iile teritoriale<br \/>\nde ocupare a for\u0163ei de munc\u0103. Acestea au drept scop cre\u0219terea gradului de<br \/>\nocupare \u0219i a competen\u021belor profesionale ale persoanelor \u00een c\u0103utarea unui loc de<br \/>\nmunc\u0103 pe pia\u021ba muncii, sporirea \u0219anselor de ocupare pe pia\u021ba muncii a<br \/>\npersoanelor din grupurile vulnerabile (tineri, \u0219omeri de lung\u0103, persoane de<br \/>\netnie rom\u0103, persoane cu dizabilit\u0103\u021bi etc), acordarea de facilit\u0103\u021bi<br \/>\nangajatorilor pentru a \u00eencadra persoane din r\u00e2ndul \u0219omerilor.<\/span><\/p>\n<p class=\"MsoNormal\" style=\"margin-left:-27.0pt\"><span lang=\"RO\">Implicarea \u0219i activitatea tuturor stau la baza <\/span><span style=\"color:black\" lang=\"RO\">acestei institu\u021bii, constituind \u00een<br \/>\nviitor<\/span><span lang=\"RO\"> garan\u021bia esen\u021bial\u0103 a capacit\u0103\u021bii de<\/span><span style=\"color:black\" lang=\"RO\"> <\/span><span lang=\"RO\">a \u00eendeplini obiectivele<br \/>\nfundamentale ale activit\u0103\u0163ii sale<\/span><span style=\"color:black\" lang=\"RO\">.<\/span><\/p>\n<p class=\"MsoNormal\" style=\"margin-left:-27.0pt\"><b><span lang=\"RO\">Cu aceste g\u00e2nduri, doresc s\u0103 mul\u0163umesc angaja\u0163ilor<br \/>\nServiciului Public de Ocupare, membrilor Consiliului de Administra\u0163ie al ANOFM,<br \/>\ncolaboratorilor no\u015ftri pentru sprijinul acordat \u00een \u00eendeplinirea obiectivelor<br \/>\ninstitu\u0163iei noastre. \u00cen egal\u0103 m\u0103sur\u0103 subliniez deosebita importan\u021b\u0103 a<br \/>\nreprezentan\u0163ilor mass-media \u0219i a societ\u0103\u021bii civile pentru inter<\/span><\/b><b><span style=\"color:black\" lang=\"RO\">e<\/span><\/b><b><span lang=\"RO\">sul permanent ar\u0103tat activit\u0103\u021bii noastre, \u00een vederea<br \/>\ninform\u0103rii corecte a opiniei publice.<\/span><\/b><\/p>\n<p class=\"MsoNormal\" style=\"margin-left:0in\"><b><span lang=\"RO\">\u00a0<\/span><\/b><\/p>\n<p class=\"MsoNormal\" style=\"margin-left:-27.0pt\"><b><span style=\"color:black\" lang=\"RO\">\u00a0<\/span><\/b><\/p>\n<p class=\"MsoNormal\" style=\"margin-top:0in;margin-right:0in;margin-bottom:0in;margin-left:-27.0pt;margin-bottom:.0001pt;text-align:center\" align=\"center\">Marcel Dumitru Micl\u0103u<\/p>\n<p class=\"MsoNormal\" style=\"margin-top:0in;margin-right:0in;margin-bottom:0in;margin-left:-27.0pt;margin-bottom:.0001pt;text-align:center\" align=\"center\">p.Pre\u015fedinte ANOFM<\/p>\n<p class=\"MsoNormal\" style=\"margin-top:0in;margin-right:0in;margin-bottom:0in;margin-left:-27.0pt;margin-bottom:.0001pt;text-align:center\" align=\"center\">Secretar General<\/p><\/p>\n","protected":false},"excerpt":{"rendered":"<p>Agen\u0163ia Na\u0163ional\u0103 pentru Ocuparea For\u0163ei de Munc\u0103 aniverseaz\u0103 21 de ani de activitate<\/p>\n","protected":false},"author":0,"featured_media":0,"comment_status":"closed","ping_status":"closed","sticky":false,"template":"","format":"standard","meta":{"footnotes":""},"categories":[9],"tags":[],"class_list":["post-36","post","type-post","status-publish","format-standard","hentry","category-comunicate-de-presa"],"_links":{"self":[{"href":"https:\/\/www.anofm.ro\/crfpa-calarasi\/wp-json\/wp\/v2\/posts\/36","targetHints":{"allow":["GET"]}}],"collection":[{"href":"https:\/\/www.anofm.ro\/crfpa-calarasi\/wp-json\/wp\/v2\/posts"}],"about":[{"href":"https:\/\/www.anofm.ro\/crfpa-calarasi\/wp-json\/wp\/v2\/types\/post"}],"replies":[{"embeddable":true,"href":"https:\/\/www.anofm.ro\/crfpa-calarasi\/wp-json\/wp\/v2\/comments?post=36"}],"version-history":[{"count":0,"href":"https:\/\/www.anofm.ro\/crfpa-calarasi\/wp-json\/wp\/v2\/posts\/36\/revisions"}],"wp:attachment":[{"href":"https:\/\/www.anofm.ro\/crfpa-calarasi\/wp-json\/wp\/v2\/media?parent=36"}],"wp:term":[{"taxonomy":"category","embeddable":true,"href":"https:\/\/www.anofm.ro\/crfpa-calarasi\/wp-json\/wp\/v2\/categories?post=36"},{"taxonomy":"post_tag","embeddable":true,"href":"https:\/\/www.anofm.ro\/crfpa-calarasi\/wp-json\/wp\/v2\/tags?post=36"}],"curies":[{"name":"wp","href":"https:\/\/api.w.org\/{rel}","templated":true}]}}