{"id":99,"date":"2019-07-05T00:00:00","date_gmt":"2019-07-04T21:00:00","guid":{"rendered":"https:\/\/www.anofm.ro\/covasna\/sincere-condoleante-familiei-si-celor-apropiati-de-domnul-radu-george-elvadeanu\/"},"modified":"2019-07-05T00:00:00","modified_gmt":"2019-07-04T21:00:00","slug":"sincere-condoleante-familiei-si-celor-apropiati-de-domnul-radu-george-elvadeanu","status":"publish","type":"post","link":"https:\/\/www.anofm.ro\/covasna\/sincere-condoleante-familiei-si-celor-apropiati-de-domnul-radu-george-elvadeanu\/","title":{"rendered":"Sincere condolean\u0163e familiei si celor apropia\u0163i de domnul Radu George Elv\u0103deanu"},"content":{"rendered":"<p class=\"MsoNormal\" style=\"margin-bottom:0cm;margin-bottom:.0001pt;text-align:justify;line-height:150%\"><span lang=\"RO\"><\/span><\/p>\n<table cellspacing=\"1\" cellpadding=\"2\" width=\"70%\" border=\"2\">\n<tbody>\n<tr>\n<td><b>Profund<br \/>\n\u00eendurera\u0163i de vestea plec\u0103rii premature dintre noi a prietenului, specialistului<br \/>\n\u015fi omului deosebit, cel care a fost Radu George Elv\u0103deanu,<span>\u00a0 <\/span>suntem \u00een suflet al\u0103turi de familia \u00eendoliat\u0103<br \/>\n\u015fi de \u00eentreaga echip\u0103 a Agen\u0163iei Na\u0163ionale pentru Ocuparea For\u0163ei de Munc\u0103 \u00een<br \/>\nmarea durere pricinuit\u0103.<span>\u00a0 <\/span><\/p>\n<p><\/b><\/p>\n<p class=\"MsoNormal\" style=\"margin-bottom:0cm;margin-bottom:.0001pt;text-align:justify;line-height:150%\"><b><span lang=\"RO\">Consider\u00e2ndu-l<br \/>\nca propriul nostru coleg, pierderea noastr\u0103 este nem\u0103surabil\u0103.<\/span><\/b><\/p>\n<p><b><\/p>\n<p><\/b><\/p>\n<p class=\"MsoNormal\" style=\"margin-bottom:0cm;margin-bottom:.0001pt;text-align:justify;line-height:150%\"><b><span lang=\"RO\">\u00a0<\/span><\/b><\/p>\n<p><b><\/p>\n<p><\/b><\/p>\n<p class=\"MsoNormal\" style=\"margin-bottom:0cm;margin-bottom:.0001pt;text-align:justify;line-height:150%\"><b><span lang=\"RO\">Sincere<br \/>\ncondolean\u0163e. <\/span><\/b><\/p>\n<p><b><\/p>\n<p><\/b><\/p>\n<p class=\"MsoNormal\" style=\"margin-bottom:0cm;margin-bottom:.0001pt;text-align:justify;line-height:150%\"><b><span lang=\"RO\">\u00a0<\/span><\/b><\/p>\n<p><b><\/p>\n<p><\/b><\/p>\n<p class=\"MsoNormal\" style=\"margin-bottom:0cm;margin-bottom:.0001pt;text-align:justify;line-height:150%\"><b><span lang=\"RO\">Dumnezeu s\u0103-l<br \/>\nodihneasc\u0103 \u00een pace. <\/span><\/b><\/p>\n<p><b><\/p>\n<p><\/b><\/p>\n<p class=\"MsoNormal\" style=\"margin-bottom:0cm;margin-bottom:.0001pt;text-align:justify;line-height:150%\"><b><span lang=\"RO\">\u00a0<\/span><\/b><\/p>\n<p><b><\/p>\n<p><\/b><\/p>\n<p class=\"MsoNormal\" style=\"margin-bottom:0cm;margin-bottom:.0001pt;text-align:justify;line-height:150%\"><b><span lang=\"RO\">Colegii<br \/>\ndin cadrul Agen\u0163iei Jude\u0163ene pentru Ocuparea For\u0163ei de Munc\u0103 Covasna <\/span><\/b><\/p>\n<\/td>\n<\/tr>\n<\/tbody>\n<\/table>\n","protected":false},"excerpt":{"rendered":"<p>Sincere condolean\u0163e familiei si celor apropia\u0163i de domnul Radu George Elv\u0103deanu<\/p>\n","protected":false},"author":0,"featured_media":0,"comment_status":"closed","ping_status":"closed","sticky":false,"template":"","format":"standard","meta":{"footnotes":""},"categories":[4],"tags":[],"class_list":["post-99","post","type-post","status-publish","format-standard","hentry","category-anunturi-diverse"],"_links":{"self":[{"href":"https:\/\/www.anofm.ro\/covasna\/wp-json\/wp\/v2\/posts\/99","targetHints":{"allow":["GET"]}}],"collection":[{"href":"https:\/\/www.anofm.ro\/covasna\/wp-json\/wp\/v2\/posts"}],"about":[{"href":"https:\/\/www.anofm.ro\/covasna\/wp-json\/wp\/v2\/types\/post"}],"replies":[{"embeddable":true,"href":"https:\/\/www.anofm.ro\/covasna\/wp-json\/wp\/v2\/comments?post=99"}],"version-history":[{"count":0,"href":"https:\/\/www.anofm.ro\/covasna\/wp-json\/wp\/v2\/posts\/99\/revisions"}],"wp:attachment":[{"href":"https:\/\/www.anofm.ro\/covasna\/wp-json\/wp\/v2\/media?parent=99"}],"wp:term":[{"taxonomy":"category","embeddable":true,"href":"https:\/\/www.anofm.ro\/covasna\/wp-json\/wp\/v2\/categories?post=99"},{"taxonomy":"post_tag","embeddable":true,"href":"https:\/\/www.anofm.ro\/covasna\/wp-json\/wp\/v2\/tags?post=99"}],"curies":[{"name":"wp","href":"https:\/\/api.w.org\/{rel}","templated":true}]}}