{"id":6273,"date":"2025-09-08T12:42:08","date_gmt":"2025-09-08T09:42:08","guid":{"rendered":"https:\/\/www.anofm.ro\/covasna\/?p=6273"},"modified":"2025-09-08T12:50:00","modified_gmt":"2025-09-08T09:50:00","slug":"bursa-speciala-a-locurilor-de-munca-pentru-persoane-beneficiare-de-vmi","status":"publish","type":"post","link":"https:\/\/www.anofm.ro\/covasna\/bursa-speciala-a-locurilor-de-munca-pentru-persoane-beneficiare-de-vmi\/","title":{"rendered":"Bursa special\u0103 a locurilor de munc\u0103 pentru persoane beneficiare de VMI"},"content":{"rendered":"\n<p>\u00cen data de 12.09.2025 AJOFM Covasna, \u00een colaborare cu Prim\u0103ria V\u00e2lcele, organizeaz\u0103 \u00een satul Araci, comuna V\u00e2lcele, <strong>BURSA SPECIAL\u0102 PENTRU PERSOANELE BENEFICIARE DE VENIT MINIM DE INCLUZIUNE<\/strong>.<\/p>\n\n\n\n<p>Bursa se va desf\u0103\u0219ura, \u00eencep\u00e2nd cu ora 10,00 la CASA DE CULTUR\u0102 din satul ARACI.<\/p>\n\n\n\n<div data-wp-interactive=\"core\/file\" class=\"wp-block-file\"><object data-wp-bind--hidden=\"!state.hasPdfPreview\" hidden class=\"wp-block-file__embed\" data=\"https:\/\/www.anofm.ro\/covasna\/wp-content\/uploads\/sites\/16\/2025\/09\/bursa-Araci.pdf\" type=\"application\/pdf\" style=\"width:100%;height:600px\" aria-label=\"\u00cenglobare pentru bursa Araci.\"><\/object><a id=\"wp-block-file--media-b3d9dcf9-3332-4d2e-8cab-197384022b8b\" href=\"https:\/\/www.anofm.ro\/covasna\/wp-content\/uploads\/sites\/16\/2025\/09\/bursa-Araci.pdf\">bursa Araci<\/a><a href=\"https:\/\/www.anofm.ro\/covasna\/wp-content\/uploads\/sites\/16\/2025\/09\/bursa-Araci.pdf\" class=\"wp-block-file__button wp-element-button\" download aria-describedby=\"wp-block-file--media-b3d9dcf9-3332-4d2e-8cab-197384022b8b\">Descarc\u0103<\/a><\/div>\n\n\n","protected":false},"excerpt":{"rendered":"<p>\u00cen data de 12.09.2025 AJOFM Covasna, \u00een colaborare cu Prim\u0103ria V\u00e2lcele, organizeaz\u0103 \u00een satul Araci, comuna V\u00e2lcele, BURSA SPECIAL\u0102 PENTRU PERSOANELE BENEFICIARE DE VENIT MINIM DE INCLUZIUNE. Bursa se va<\/p>\n","protected":false},"author":260,"featured_media":0,"comment_status":"closed","ping_status":"closed","sticky":false,"template":"","format":"standard","meta":{"footnotes":""},"categories":[4,6,32,31],"tags":[86,87],"class_list":["post-6273","post","type-post","status-publish","format-standard","hentry","category-anunturi-diverse","category-burse-ale-locurilor-de-munca","category-ultimele-noutati","category-ultimele-noutati-slider","tag-bursa-speciala","tag-vmi"],"_links":{"self":[{"href":"https:\/\/www.anofm.ro\/covasna\/wp-json\/wp\/v2\/posts\/6273","targetHints":{"allow":["GET"]}}],"collection":[{"href":"https:\/\/www.anofm.ro\/covasna\/wp-json\/wp\/v2\/posts"}],"about":[{"href":"https:\/\/www.anofm.ro\/covasna\/wp-json\/wp\/v2\/types\/post"}],"author":[{"embeddable":true,"href":"https:\/\/www.anofm.ro\/covasna\/wp-json\/wp\/v2\/users\/260"}],"replies":[{"embeddable":true,"href":"https:\/\/www.anofm.ro\/covasna\/wp-json\/wp\/v2\/comments?post=6273"}],"version-history":[{"count":3,"href":"https:\/\/www.anofm.ro\/covasna\/wp-json\/wp\/v2\/posts\/6273\/revisions"}],"predecessor-version":[{"id":6294,"href":"https:\/\/www.anofm.ro\/covasna\/wp-json\/wp\/v2\/posts\/6273\/revisions\/6294"}],"wp:attachment":[{"href":"https:\/\/www.anofm.ro\/covasna\/wp-json\/wp\/v2\/media?parent=6273"}],"wp:term":[{"taxonomy":"category","embeddable":true,"href":"https:\/\/www.anofm.ro\/covasna\/wp-json\/wp\/v2\/categories?post=6273"},{"taxonomy":"post_tag","embeddable":true,"href":"https:\/\/www.anofm.ro\/covasna\/wp-json\/wp\/v2\/tags?post=6273"}],"curies":[{"name":"wp","href":"https:\/\/api.w.org\/{rel}","templated":true}]}}