{"id":230,"date":"2020-09-24T00:00:00","date_gmt":"2020-09-23T21:00:00","guid":{"rendered":"https:\/\/www.anofm.ro\/covasna\/ordinul-nr-1432-2020-privind-modificarea-si-completarea-ordinului-mmps-nr-741-2020-pentru-aprobarea-modelului-documentelor-prevazute-la-art-xii-alin-1-din-oug-nr-30-2020\/"},"modified":"2020-09-24T00:00:00","modified_gmt":"2020-09-23T21:00:00","slug":"ordinul-nr-1432-2020-privind-modificarea-si-completarea-ordinului-mmps-nr-741-2020-pentru-aprobarea-modelului-documentelor-prevazute-la-art-xii-alin-1-din-oug-nr-30-2020","status":"publish","type":"post","link":"https:\/\/www.anofm.ro\/covasna\/ordinul-nr-1432-2020-privind-modificarea-si-completarea-ordinului-mmps-nr-741-2020-pentru-aprobarea-modelului-documentelor-prevazute-la-art-xii-alin-1-din-oug-nr-30-2020\/","title":{"rendered":"Ordinul nr. 1432\/2020 privind modificarea \u0219i completarea Ordinului MMPS nr. 741\/2020 pentru aprobarea modelului documentelor prev\u0103zute la art. XII alin. (1) din OUG nr. 30\/2020"},"content":{"rendered":"<p>\u00a0<\/p>\n<h1><font style=\"font-size: 14px\"><span>Ordinul nr. 1432\/2020 privind<br \/>\nmodificarea \u0219i completarea Ordinului ministrului muncii \u0219i protec\u021biei sociale<br \/>\nnr. 741\/2020 pentru aprobarea modelului documentelor prev\u0103zute la art. XII<br \/>\nalin. (1) din Ordonan\u021ba de urgen\u021b\u0103 a Guvernului nr. 30\/2020 pentru modificarea<br \/>\n\u0219i completarea unor acte normative, precum \u0219i pentru stabilirea unor m\u0103suri \u00een<br \/>\ndomeniul protec\u021biei sociale \u00een contextul situa\u021biei epidemiologice determinate<br \/>\nde r\u0103sp\u00e2ndirea coronavirusului SARS-CoV-2, cu modific\u0103rile \u0219i complet\u0103rile<br \/>\naduse prin Ordonan\u021ba de urgen\u021b\u0103 a Guvernului nr. 32\/2020 pentru modificarea \u0219i<br \/>\ncompletarea Ordonan\u021bei de urgen\u021b\u0103 a Guvernului nr. 30\/2020 pentru modificarea<br \/>\n\u0219i completarea unor acte normative, precum \u0219i pentru stabilirea unor m\u0103suri \u00een<br \/>\ndomeniul protec\u021biei sociale \u00een contextul situa\u021biei epidemiologice determinate<br \/>\nde r\u0103sp\u00e2ndirea coronavirusului SARS-CoV-2 \u0219i pentru stabilirea unor m\u0103suri<br \/>\nsuplimentare de protec\u021bie social\u0103<\/span><\/font><\/h1>\n<h5 style=\"line-height:17.25pt\"><span style=\"font-family:\">\u00cen vigoare de la 24 septembrie 2020<\/span><\/h5>\n<p><span style=\"font-size:10.5pt;line-height:115%;font-family:\">Publicat \u00een Monitorul<br \/>\nOficial, Partea I nr. 873 din 24 septembrie 2020. Form\u0103 aplicabil\u0103 la <a href=\"\"><span style=\"color:green\">24 septembrie 2020<\/span><\/a><\/span><\/p>\n<div class=\"file-list-wrap\">\n<ul class=\"file-list\">\n<li><a href=\"\/upload2\/Covasna\/14078\/Ordin_1432.doc\" download>Ordin_1432.doc<\/a><\/li>\n<\/ul>\n<\/div>\n","protected":false},"excerpt":{"rendered":"<p>Ordinul nr. 1432\/2020 privind modificarea \u0219i completarea Ordinului MMPS nr. 741\/2020 pentru aprobarea modelului documentelor prev\u0103zute la art. XII alin. (1) din OUG nr. 30\/2020<\/p>\n","protected":false},"author":0,"featured_media":0,"comment_status":"closed","ping_status":"closed","sticky":false,"template":"","format":"standard","meta":{"footnotes":""},"categories":[16],"tags":[],"class_list":["post-230","post","type-post","status-publish","format-standard","hentry","category-materiale-informative"],"_links":{"self":[{"href":"https:\/\/www.anofm.ro\/covasna\/wp-json\/wp\/v2\/posts\/230","targetHints":{"allow":["GET"]}}],"collection":[{"href":"https:\/\/www.anofm.ro\/covasna\/wp-json\/wp\/v2\/posts"}],"about":[{"href":"https:\/\/www.anofm.ro\/covasna\/wp-json\/wp\/v2\/types\/post"}],"replies":[{"embeddable":true,"href":"https:\/\/www.anofm.ro\/covasna\/wp-json\/wp\/v2\/comments?post=230"}],"version-history":[{"count":0,"href":"https:\/\/www.anofm.ro\/covasna\/wp-json\/wp\/v2\/posts\/230\/revisions"}],"wp:attachment":[{"href":"https:\/\/www.anofm.ro\/covasna\/wp-json\/wp\/v2\/media?parent=230"}],"wp:term":[{"taxonomy":"category","embeddable":true,"href":"https:\/\/www.anofm.ro\/covasna\/wp-json\/wp\/v2\/categories?post=230"},{"taxonomy":"post_tag","embeddable":true,"href":"https:\/\/www.anofm.ro\/covasna\/wp-json\/wp\/v2\/tags?post=230"}],"curies":[{"name":"wp","href":"https:\/\/api.w.org\/{rel}","templated":true}]}}