{"id":223,"date":"2020-09-17T00:00:00","date_gmt":"2020-09-16T21:00:00","guid":{"rendered":"https:\/\/www.anofm.ro\/covasna\/hotararea-nr-782-2020-din14-09-2020-privind-prelungirea-starii-de-alerta-pe-teritoriul-romaniei-incepand-cu-data-de-15-septembrie-2020-precum-si-stabilirea-masurilor-care-se-aplica-pe-durata-acesteia\/"},"modified":"2020-09-17T00:00:00","modified_gmt":"2020-09-16T21:00:00","slug":"hotararea-nr-782-2020-din14-09-2020-privind-prelungirea-starii-de-alerta-pe-teritoriul-romaniei-incepand-cu-data-de-15-septembrie-2020-precum-si-stabilirea-masurilor-care-se-aplica-pe-durata-acesteia","status":"publish","type":"post","link":"https:\/\/www.anofm.ro\/covasna\/hotararea-nr-782-2020-din14-09-2020-privind-prelungirea-starii-de-alerta-pe-teritoriul-romaniei-incepand-cu-data-de-15-septembrie-2020-precum-si-stabilirea-masurilor-care-se-aplica-pe-durata-acesteia\/","title":{"rendered":"Hot\u0103r\u00e2rea nr.782\/2020 din14.09.2020 privind prelungirea st\u0103rii de alert\u0103 pe teritoriul Rom\u00e2niei \u00eencep\u00e2nd cu data de 15 septembrie 2020, precum \u0219i stabilirea m\u0103surilor care se aplic\u0103 pe durata acesteia"},"content":{"rendered":"<\/p>\n<h1><font size=\"3\"><span style=\"font-family:\">Hot\u0103r\u00e2rea<br \/>\nnr. 782\/2020 privind prelungirea st\u0103rii de alert\u0103 pe teritoriul Rom\u00e2niei<br \/>\n\u00eencep\u00e2nd cu data de 15 septembrie 2020, precum \u0219i stabilirea m\u0103surilor care se<br \/>\naplic\u0103 pe durata acesteia pentru prevenirea \u0219i combaterea efectelor pandemiei<br \/>\nde COVID-19<\/span><\/font><\/h1>\n<h3 style=\"line-height:17.25pt\"><span style=\"font-family:\">\u00cen vigoare de la 14<br \/>\nseptembrie 2020<\/span><\/h3>\n<p><span style=\"font-size:10.5pt;line-height:107%;font-family:\">Publicat \u00een Monitorul<br \/>\nOficial, Partea I nr. 842 din 14 septembrie 2020. Form\u0103 aplicabil\u0103 la <\/span><span style=\"font-size:11.0pt;line-height:107%;font-family:\"><a href=\"\"><span style=\"font-size:10.5pt;line-height:107%;font-family:\">16 septembrie 2020<\/span><\/a><\/span><\/p>\n<div class=\"file-list-wrap\">\n<ul class=\"file-list\">\n<li><a href=\"\/upload2\/Covasna\/13967\/HG_782.docx\" download>HG_782.docx<\/a><\/li>\n<\/ul>\n<\/div>\n","protected":false},"excerpt":{"rendered":"<p>HG nr. 782\/2020 din 14.09.2020 privind prelungirea st\u0103rii de alert\u0103 \u00eencep\u00e2nd cu data de 15 septembrie 2020, precum \u0219i stabilirea m\u0103surilor care se aplic\u0103 pe durata acesteia<\/p>\n","protected":false},"author":0,"featured_media":0,"comment_status":"closed","ping_status":"closed","sticky":false,"template":"","format":"standard","meta":{"footnotes":""},"categories":[4],"tags":[],"class_list":["post-223","post","type-post","status-publish","format-standard","hentry","category-anunturi-diverse"],"_links":{"self":[{"href":"https:\/\/www.anofm.ro\/covasna\/wp-json\/wp\/v2\/posts\/223","targetHints":{"allow":["GET"]}}],"collection":[{"href":"https:\/\/www.anofm.ro\/covasna\/wp-json\/wp\/v2\/posts"}],"about":[{"href":"https:\/\/www.anofm.ro\/covasna\/wp-json\/wp\/v2\/types\/post"}],"replies":[{"embeddable":true,"href":"https:\/\/www.anofm.ro\/covasna\/wp-json\/wp\/v2\/comments?post=223"}],"version-history":[{"count":0,"href":"https:\/\/www.anofm.ro\/covasna\/wp-json\/wp\/v2\/posts\/223\/revisions"}],"wp:attachment":[{"href":"https:\/\/www.anofm.ro\/covasna\/wp-json\/wp\/v2\/media?parent=223"}],"wp:term":[{"taxonomy":"category","embeddable":true,"href":"https:\/\/www.anofm.ro\/covasna\/wp-json\/wp\/v2\/categories?post=223"},{"taxonomy":"post_tag","embeddable":true,"href":"https:\/\/www.anofm.ro\/covasna\/wp-json\/wp\/v2\/tags?post=223"}],"curies":[{"name":"wp","href":"https:\/\/api.w.org\/{rel}","templated":true}]}}