{"id":2876,"date":"2023-03-03T00:00:00","date_gmt":"2023-03-02T22:00:00","guid":{"rendered":"https:\/\/www.anofm.ro\/cluj\/380-persoane-angajate-prin-intermediul-agentiei-judetene-pentru-ocuparea-fortei-de-munca-cluj-in-prima-luna-a-anului-2023\/"},"modified":"2023-03-03T00:00:00","modified_gmt":"2023-03-02T22:00:00","slug":"380-persoane-angajate-prin-intermediul-agentiei-judetene-pentru-ocuparea-fortei-de-munca-cluj-in-prima-luna-a-anului-2023","status":"publish","type":"post","link":"https:\/\/www.anofm.ro\/cluj\/380-persoane-angajate-prin-intermediul-agentiei-judetene-pentru-ocuparea-fortei-de-munca-cluj-in-prima-luna-a-anului-2023\/","title":{"rendered":"380 persoane angajate prin intermediul Agen\u0163iei Jude\u0163ene pentru Ocuparea For\u0163ei de Munc\u0103 Cluj \u00een prima lun\u0103 a anului 2023"},"content":{"rendered":"<p>Ca urmare a aplic\u0103rii m\u0103surilor de stimulare a ocup\u0103rii prev\u0103zute de legisla\u0163ia \u00een vigoare, prin intermediul  AJOFM Cluj, \u00een prima lun\u0103 a anului 2023 au fost \u00eencadrate \u00een munc\u0103 380 persoane.<\/p>\n<div class=\"file-list-wrap\">\n<ul class=\"file-list\">\n<li><a href=\"\/upload2\/Cluj\/28395\/1._Comunicat_ocupare_ianuarie_2023.pdf\" download>1._Comunicat_ocupare_ianuarie_2023.pdf<\/a><\/li>\n<\/ul>\n<\/div>\n","protected":false},"excerpt":{"rendered":"<p>Ca urmare a aplic\u0103rii m\u0103surilor de stimulare a ocup\u0103rii prev\u0103zute de legisla\u0163ia \u00een vigoare, prin intermediul  AJOFM Cluj, \u00een prima lun\u0103 a anului 2023 au fost \u00eencadrate \u00een munc\u0103 380 persoane.<\/p>\n","protected":false},"author":0,"featured_media":0,"comment_status":"closed","ping_status":"closed","sticky":false,"template":"","format":"standard","meta":{"footnotes":""},"categories":[9],"tags":[],"class_list":["post-2876","post","type-post","status-publish","format-standard","hentry","category-comunicate-de-presa"],"_links":{"self":[{"href":"https:\/\/www.anofm.ro\/cluj\/wp-json\/wp\/v2\/posts\/2876","targetHints":{"allow":["GET"]}}],"collection":[{"href":"https:\/\/www.anofm.ro\/cluj\/wp-json\/wp\/v2\/posts"}],"about":[{"href":"https:\/\/www.anofm.ro\/cluj\/wp-json\/wp\/v2\/types\/post"}],"replies":[{"embeddable":true,"href":"https:\/\/www.anofm.ro\/cluj\/wp-json\/wp\/v2\/comments?post=2876"}],"version-history":[{"count":0,"href":"https:\/\/www.anofm.ro\/cluj\/wp-json\/wp\/v2\/posts\/2876\/revisions"}],"wp:attachment":[{"href":"https:\/\/www.anofm.ro\/cluj\/wp-json\/wp\/v2\/media?parent=2876"}],"wp:term":[{"taxonomy":"category","embeddable":true,"href":"https:\/\/www.anofm.ro\/cluj\/wp-json\/wp\/v2\/categories?post=2876"},{"taxonomy":"post_tag","embeddable":true,"href":"https:\/\/www.anofm.ro\/cluj\/wp-json\/wp\/v2\/tags?post=2876"}],"curies":[{"name":"wp","href":"https:\/\/api.w.org\/{rel}","templated":true}]}}