{"id":61,"date":"2019-05-06T00:00:00","date_gmt":"2019-05-05T21:00:00","guid":{"rendered":"https:\/\/www.anofm.ro\/buzau\/luna-mai-este-luna-promovarii-economiei-sociale\/"},"modified":"2019-05-06T00:00:00","modified_gmt":"2019-05-05T21:00:00","slug":"luna-mai-este-luna-promovarii-economiei-sociale","status":"publish","type":"post","link":"https:\/\/www.anofm.ro\/buzau\/luna-mai-este-luna-promovarii-economiei-sociale\/","title":{"rendered":"Luna mai este luna promovarii economiei sociale"},"content":{"rendered":"<p><span style=\"font-weight: bolder;font-family:\"><span style=\"font-size: 11pt;line-height: 16.8667px\">Luna mai este luna promov\u0103rii economiei sociale<\/span><\/span><span style=\"font-family:\"><span style=\"font-size: 11pt\"><\/span><span style=\"font-size: 11pt\">\u00a0\u015fi este dedicat\u0103 organiz\u0103rii diferitelor evenimente sau ac\u0163iuni de mediatizare a domeniului economiei sociale, av\u00e2nd drept scop dezvoltarea local\u0103 \u015fi cet\u0103\u0163enia activ\u0103, cooperarea \u015fi solidaritatea social\u0103.<\/span><span style=\"font-size: 11pt\"><\/p>\n<p><\/span><span style=\"font-size: 11pt\"><\/p>\n<p><a href=\"\/upload\/6433\/com_ec_soc_2019.pdf\">Comunicat economie sociala <\/a><\/p>\n<p><\/span><\/span><\/p>\n","protected":false},"excerpt":{"rendered":"<p>Luna mai este luna promov\u0103rii economiei sociale\u00a0\u015fi este dedicat\u0103 organiz\u0103rii diferitelor evenimente sau ac\u0163iuni de mediatizare a domeniului economiei sociale, av\u00e2nd drept scop dezvoltarea local\u0103 \u015fi cet\u0103\u0163enia activ\u0103, cooperarea \u015fi<\/p>\n","protected":false},"author":0,"featured_media":0,"comment_status":"closed","ping_status":"closed","sticky":false,"template":"","format":"standard","meta":{"footnotes":""},"categories":[9],"tags":[],"class_list":["post-61","post","type-post","status-publish","format-standard","hentry","category-comunicate-de-presa"],"_links":{"self":[{"href":"https:\/\/www.anofm.ro\/buzau\/wp-json\/wp\/v2\/posts\/61","targetHints":{"allow":["GET"]}}],"collection":[{"href":"https:\/\/www.anofm.ro\/buzau\/wp-json\/wp\/v2\/posts"}],"about":[{"href":"https:\/\/www.anofm.ro\/buzau\/wp-json\/wp\/v2\/types\/post"}],"replies":[{"embeddable":true,"href":"https:\/\/www.anofm.ro\/buzau\/wp-json\/wp\/v2\/comments?post=61"}],"version-history":[{"count":0,"href":"https:\/\/www.anofm.ro\/buzau\/wp-json\/wp\/v2\/posts\/61\/revisions"}],"wp:attachment":[{"href":"https:\/\/www.anofm.ro\/buzau\/wp-json\/wp\/v2\/media?parent=61"}],"wp:term":[{"taxonomy":"category","embeddable":true,"href":"https:\/\/www.anofm.ro\/buzau\/wp-json\/wp\/v2\/categories?post=61"},{"taxonomy":"post_tag","embeddable":true,"href":"https:\/\/www.anofm.ro\/buzau\/wp-json\/wp\/v2\/tags?post=61"}],"curies":[{"name":"wp","href":"https:\/\/api.w.org\/{rel}","templated":true}]}}