{"id":5938,"date":"2025-10-01T13:48:02","date_gmt":"2025-10-01T10:48:02","guid":{"rendered":"https:\/\/www.anofm.ro\/buzau\/?p=5938"},"modified":"2025-10-20T13:48:44","modified_gmt":"2025-10-20T10:48:44","slug":"locuri-de-munca-vacante-la-nivel-national-si-in-reteaua-eures-1-octombrie-2025","status":"publish","type":"post","link":"https:\/\/www.anofm.ro\/buzau\/locuri-de-munca-vacante-la-nivel-national-si-in-reteaua-eures-1-octombrie-2025\/","title":{"rendered":"Locuri de munc\u0103 vacante la nivel na\u021bional \u0219i \u00een re\u021beaua EURES \u2013 1 octombrie 2025"},"content":{"rendered":"\n<p><\/p>\n\n\n\n<figure class=\"wp-block-image size-full\"><img loading=\"lazy\" decoding=\"async\" width=\"482\" height=\"379\" src=\"https:\/\/www.anofm.ro\/buzau\/wp-content\/uploads\/sites\/12\/2025\/10\/LMV_01.10.2025.png\" alt=\"\" class=\"wp-image-5940\" \/><\/figure>\n\n\n\n<p>Potrivit datelor furnizate de agen\u0163ii economici privind locurile de munc\u0103 vacante, \u00een eviden\u0163ele Agen\u0163iei Na\u0163ionale pentru Ocuparea For\u0163ei de Munc\u0103 (ANOFM), sunt disponibile\u00a0<strong><strong>31.747<\/strong>\u00a0locuri de munc\u0103\u00a0<\/strong>la nivel na\u0163ional. De asemenea, angajatorii din Spa\u0163iul Economic European ofer\u0103, prin intermediul re\u0163elei EURES Rom\u00e2nia,\u00a0<strong>235<\/strong>\u00a0locuri de munc\u0103 vacante.<\/p>\n\n\n\n<div class=\"file-list-wrap\"><p class=\"h4\">Documente desc\u0103rcabile<\/p><ul class=\"file-list\">\n<li><a href=\"https:\/\/www.anofm.ro\/buzau\/wp-content\/uploads\/sites\/12\/2025\/10\/Comunicat-de-presa-LMV-01.10.2025.pdf\" download>Comunicat-de-presa-LMV-01.10.2025.pdf<\/a><\/li>\n<\/ul><\/div>\n","protected":false},"excerpt":{"rendered":"<p>Potrivit datelor furnizate de agen\u0163ii economici privind locurile de munc\u0103 vacante, \u00een eviden\u0163ele Agen\u0163iei Na\u0163ionale pentru Ocuparea For\u0163ei de Munc\u0103 (ANOFM), sunt disponibile\u00a031.747\u00a0locuri de munc\u0103\u00a0la nivel na\u0163ional. De asemenea, angajatorii<\/p>\n","protected":false},"author":38,"featured_media":0,"comment_status":"closed","ping_status":"closed","sticky":false,"template":"","format":"standard","meta":{"footnotes":""},"categories":[9],"tags":[],"class_list":["post-5938","post","type-post","status-publish","format-standard","hentry","category-comunicate-de-presa"],"_links":{"self":[{"href":"https:\/\/www.anofm.ro\/buzau\/wp-json\/wp\/v2\/posts\/5938","targetHints":{"allow":["GET"]}}],"collection":[{"href":"https:\/\/www.anofm.ro\/buzau\/wp-json\/wp\/v2\/posts"}],"about":[{"href":"https:\/\/www.anofm.ro\/buzau\/wp-json\/wp\/v2\/types\/post"}],"author":[{"embeddable":true,"href":"https:\/\/www.anofm.ro\/buzau\/wp-json\/wp\/v2\/users\/38"}],"replies":[{"embeddable":true,"href":"https:\/\/www.anofm.ro\/buzau\/wp-json\/wp\/v2\/comments?post=5938"}],"version-history":[{"count":1,"href":"https:\/\/www.anofm.ro\/buzau\/wp-json\/wp\/v2\/posts\/5938\/revisions"}],"predecessor-version":[{"id":5941,"href":"https:\/\/www.anofm.ro\/buzau\/wp-json\/wp\/v2\/posts\/5938\/revisions\/5941"}],"wp:attachment":[{"href":"https:\/\/www.anofm.ro\/buzau\/wp-json\/wp\/v2\/media?parent=5938"}],"wp:term":[{"taxonomy":"category","embeddable":true,"href":"https:\/\/www.anofm.ro\/buzau\/wp-json\/wp\/v2\/categories?post=5938"},{"taxonomy":"post_tag","embeddable":true,"href":"https:\/\/www.anofm.ro\/buzau\/wp-json\/wp\/v2\/tags?post=5938"}],"curies":[{"name":"wp","href":"https:\/\/api.w.org\/{rel}","templated":true}]}}