{"id":58,"date":"2019-03-26T00:00:00","date_gmt":"2019-03-25T22:00:00","guid":{"rendered":"https:\/\/www.anofm.ro\/buzau\/comunicat-de-presa-subventii-acordate-angajatorilor-care-incadreaza-in-munca-someri\/"},"modified":"2019-03-26T00:00:00","modified_gmt":"2019-03-25T22:00:00","slug":"comunicat-de-presa-subventii-acordate-angajatorilor-care-incadreaza-in-munca-someri","status":"publish","type":"post","link":"https:\/\/www.anofm.ro\/buzau\/comunicat-de-presa-subventii-acordate-angajatorilor-care-incadreaza-in-munca-someri\/","title":{"rendered":"Comunicat de pres\u0103 &#8211; Subven\u0163ii acordate angajatorilor care \u00eencadreaz\u0103 \u00een munc\u0103 \u0219omeri"},"content":{"rendered":"<p><a href=\"\/upload\/5773\/subv_ang_someri.doc\">Comunicat de pres\u0103 &#8211; Subven\u0163ii acordate angajatorilor care \u00eencadreaz\u0103 \u00een munc\u0103 \u0219omeri.<\/a><\/p>\n","protected":false},"excerpt":{"rendered":"<p>Comunicat de pres\u0103 &#8211; Subven\u0163ii acordate angajatorilor care \u00eencadreaz\u0103 \u00een munc\u0103 \u0219omeri.<\/p>\n","protected":false},"author":0,"featured_media":0,"comment_status":"closed","ping_status":"closed","sticky":false,"template":"","format":"standard","meta":{"footnotes":""},"categories":[9],"tags":[],"class_list":["post-58","post","type-post","status-publish","format-standard","hentry","category-comunicate-de-presa"],"_links":{"self":[{"href":"https:\/\/www.anofm.ro\/buzau\/wp-json\/wp\/v2\/posts\/58","targetHints":{"allow":["GET"]}}],"collection":[{"href":"https:\/\/www.anofm.ro\/buzau\/wp-json\/wp\/v2\/posts"}],"about":[{"href":"https:\/\/www.anofm.ro\/buzau\/wp-json\/wp\/v2\/types\/post"}],"replies":[{"embeddable":true,"href":"https:\/\/www.anofm.ro\/buzau\/wp-json\/wp\/v2\/comments?post=58"}],"version-history":[{"count":0,"href":"https:\/\/www.anofm.ro\/buzau\/wp-json\/wp\/v2\/posts\/58\/revisions"}],"wp:attachment":[{"href":"https:\/\/www.anofm.ro\/buzau\/wp-json\/wp\/v2\/media?parent=58"}],"wp:term":[{"taxonomy":"category","embeddable":true,"href":"https:\/\/www.anofm.ro\/buzau\/wp-json\/wp\/v2\/categories?post=58"},{"taxonomy":"post_tag","embeddable":true,"href":"https:\/\/www.anofm.ro\/buzau\/wp-json\/wp\/v2\/tags?post=58"}],"curies":[{"name":"wp","href":"https:\/\/api.w.org\/{rel}","templated":true}]}}