{"id":376,"date":"2023-11-20T00:00:00","date_gmt":"2023-11-19T22:00:00","guid":{"rendered":"https:\/\/www.anofm.ro\/buzau\/cum-gasesti-un-loc-de-munca-in-romania\/"},"modified":"2023-11-20T00:00:00","modified_gmt":"2023-11-19T22:00:00","slug":"cum-gasesti-un-loc-de-munca-in-romania","status":"publish","type":"post","link":"https:\/\/www.anofm.ro\/buzau\/cum-gasesti-un-loc-de-munca-in-romania\/","title":{"rendered":"Cum g\u0103se\u0219ti un loc de munc\u0103 \u00een Rom\u00e2nia?"},"content":{"rendered":"<p class=\"MsoNormalCxSpFirst\" align=\"left\" style=\"margin: 12pt 0in 0.0001pt 0.5in;font-family: -apple-system, BlinkMacSystemFont,\"><span style=\"font-weight: bolder\"><span style=\"font-size: 14pt;line-height: 28px\">Cum g\u0103se\u0219ti un loc de munc\u0103 \u00een Rom\u00e2nia?<\/span><\/span><span style=\"font-weight: bolder\"><\/span><\/p>\n<p class=\"MsoNormal\" style=\"margin: 12pt 0in 10pt;font-family: -apple-system, BlinkMacSystemFont,\"><img decoding=\"async\" src=\"https:\/\/www.anofm.ro\/upload\/1_1.jpg\" style=\"vertical-align: middle;border-style: none\"><\/p>\n<p class=\"MsoNormal\" align=\"right\" style=\"margin: 12pt 0in 10pt;font-family: -apple-system, BlinkMacSystemFont,\"><span lang=\"RO\">Surs\u0103 foto: pexels.com<\/span><\/p>\n<p class=\"MsoNormal\" style=\"margin: 12pt 0in 10pt;font-family: -apple-system, BlinkMacSystemFont,\"><span style=\"font-weight: bolder\"><span lang=\"RO\" style=\"font-size: 12pt;line-height: 24px\">E\u0219ti \u00een c\u0103utarea unui loc de munc\u0103? Agen\u021bia Na\u021bional\u0103 pentru Ocuparea For\u021bei de Munc\u0103 (<\/span><\/span><a href=\"http:\/\/www.anofm.ro\/\" style=\"background-color: transparent\"><span style=\"font-weight: bolder\"><span lang=\"RO\" style=\"font-size: 12pt;line-height: 24px;color: blue\">www.anofm.ro<\/span><\/span><\/a><span style=\"font-weight: bolder\"><span lang=\"RO\" style=\"font-size: 12pt;line-height: 24px\">) \u00ee\u021bi ofer\u0103 informa\u021bii utile:<\/span><\/span><\/p>\n<ul type=\"disc\" style=\"margin-top: 0in;margin-bottom: 1rem;font-family: -apple-system, BlinkMacSystemFont,\">\n<li class=\"MsoNormalCxSpMiddle\" style=\"margin-top: 12pt;margin-left: 0.5in;margin-bottom: 0.0001pt;text-align: left;line-height: 24px\"><span lang=\"RO\" style=\"font-size: 12pt;line-height: 24px\">Contacteaz\u0103\u00a0 una \u00a0dintre cele 42 de agen\u021bii jude\u021bene pentru ocuparea for\u021bei de munc\u0103, respectiv Agen\u021bia Municipal\u0103 pentru Ocuparea For\u021bei de Munc\u0103 Bucure\u0219ti (AMOFM).<\/span><\/li>\n<\/ul>\n<p class=\"MsoNormalCxSpMiddle\" align=\"left\" style=\"margin: 12pt 0in 0.0001pt;font-family: -apple-system, BlinkMacSystemFont,\"><span lang=\"RO\" style=\"font-size: 12pt;line-height: 24px\">Conform legisla\u0163iei na\u0163ionale, angajatorii rom\u00e2ni au obliga\u0163ia de a declara locurile de munc\u0103 vacante la agen\u021biile teritoriale ale ANOFM.<\/span><span lang=\"RO\" style=\"font-size: 12pt;line-height: 24px\">\u00a0<\/span><span lang=\"RO\" style=\"font-size: 12pt;line-height: 24px\">Pentru a vizualiza locurile de munc\u0103 vacante la nivel na\u021bional\/jude\u021bean, v\u0103 recomand\u0103m s\u0103 accesa\u021bi website-ul ANOFM,\u00a0<\/span><a href=\"http:\/\/www.anofm.ro\/lmvw.html?agentie=ANOFM&amp;categ=3&amp;subcateg=1\" style=\"background-color: transparent\"><span lang=\"RO\" style=\"font-size: 12pt;line-height: 24px;color: blue\">www.anofm.ro\/lmvw.html?agentie=ANOFM&amp;categ=3&amp;subcateg=1<\/span><\/a><span lang=\"RO\" style=\"font-size: 12pt;line-height: 24px\">. Fiecare ofert\u0103 cuprinde detalii referitoare la cerin\u021bele postului, mod de aplicare, date de contact ale angajatorului etc.<\/span><span lang=\"RO\" style=\"font-size: 12pt;line-height: 24px\"><\/span><\/p>\n<p class=\"MsoNormal\" style=\"margin: 12pt 0in 10pt;font-family: -apple-system, BlinkMacSystemFont,\"><span lang=\"RO\" style=\"font-size: 12pt;line-height: 24px\">Platforma de servicii online va r\u0103m\u00e2ne \u00een func\u021biune p\u00e2n\u0103 la finalizarea\u00a0<span style=\"font-weight: bolder\"><i>Platformei unice de livrare a serviciilor pentru angajatori (PULS) care se realizeaz\u0103 \u00een cadrul proiectul\u00a0<\/i><\/span><\/span><span style=\"font-weight: bolder\"><span lang=\"EN-GB\" style=\"font-size: 12pt;line-height: 24px\">\u201eRela\u021bia SPO cu angajatorii \u2013 eSPOR\u201d.\u00a0<\/span><\/span><span style=\"font-weight: bolder\">Date \u0219i informa\u021bii suplimentare despre beneficiile PULS g\u0103si\u021bi aici:<\/span><span style=\"font-weight: bolder\"><span lang=\"EN-GB\" style=\"font-size: 12pt;line-height: 24px\"><\/span><\/span><\/p>\n<p class=\"MsoNormal\" style=\"margin: 12pt 0in 10pt;font-family: -apple-system, BlinkMacSystemFont,\"><a style=\"background-color: transparent\" href=\"\/upload2\/ANOFM\/15526\/Platforma_unica_PULS.pdf\"><span style=\"font-weight: bolder\"><span style=\"font-size: 12pt;line-height: 24px;color: blue\">https:\/\/www.anofm.ro\/upload2\/ANOFM\/15526\/Platforma_unica_PULS.pdf<\/span><\/span><\/a><span style=\"font-weight: bolder\"><\/span><\/p>\n<p class=\"MsoNormal\" style=\"margin: 12pt 0in 10pt;font-family: -apple-system, BlinkMacSystemFont,\"><span style=\"font-size: 12pt;line-height: 24px\">Documentele necesare pentru \u00eenregistrarea ca persoan\u0103 aflat\u0103 \u00een c\u0103utarea unui loc de munc\u0103:<\/span><\/p>\n<p class=\"MsoNormalCxSpMiddle\" align=\"left\" style=\"margin: 12pt 0in 0.0001pt 0.25in;font-family: -apple-system, BlinkMacSystemFont,\"><span style=\"font-size: 12pt;line-height: 24px\">1.<span style=\"font-size: 7pt;line-height: normal;font-family:\">\u00a0\u00a0\u00a0\u00a0<\/span><\/span><span style=\"font-size: 12pt;line-height: 24px\">Actul de identitate, \u00een original;<\/span><\/p>\n<p class=\"MsoNormalCxSpMiddle\" style=\"margin: 12pt 0in 0.0001pt 0.25in;font-family: -apple-system, BlinkMacSystemFont,\"><span style=\"font-size: 12pt;line-height: 24px\">2.<span style=\"font-size: 7pt;line-height: normal;font-family:\">\u00a0\u00a0\u00a0\u00a0<\/span><\/span><span style=\"font-size: 12pt;line-height: 24px\">Actele de studii \u0219i de calificare, \u00een original;\u00a0<\/span><\/p>\n<p class=\"MsoNormalCxSpMiddle\" style=\"margin: 12pt 0in 0.0001pt 0.25in;font-family: -apple-system, BlinkMacSystemFont,\"><span style=\"font-size: 12pt;line-height: 24px\">3.<span style=\"font-size: 7pt;line-height: normal;font-family:\">\u00a0\u00a0\u00a0\u00a0<\/span><\/span><span style=\"font-size: 12pt;line-height: 24px\">Declara\u021bie pe proprie r\u0103spundere\u00a0(<\/span><a style=\"background-color: transparent\" href=\"\/upload\/3258\/Anexa_1_Declaratie_stare_de_s%C4%83n%C4%83tate.docx\"><i><span lang=\"EN\" style=\"font-size: 12pt;line-height: 24px;color: blue\">descarc\u0103 aici<\/span><\/i><\/a><i><span lang=\"EN\" style=\"font-size: 12pt;line-height: 24px\">)<\/span><\/i><span style=\"font-size: 12pt;line-height: 24px\">, sub sanc\u021biunile aplicate faptei de fals \u00een declara\u021bii, c\u0103 nu sunt restric\u0163ii medicale care v\u0103\u00a0 \u00eempiedic\u0103 s\u0103 presta\u021bi \u00a0munc\u0103 sau exist\u0103 eventuale restric\u0163ii medicale care \u00eempiedic\u0103 prestarea unei anumite activit\u0103\u021bi;<\/span><\/p>\n<p class=\"MsoNormalCxSpMiddle\" align=\"left\" style=\"margin: 12pt 0in 0.0001pt 0.25in;font-family: -apple-system, BlinkMacSystemFont,\"><span style=\"font-size: 12pt;line-height: 24px\">4.<span style=\"font-size: 7pt;line-height: normal;font-family:\">\u00a0\u00a0\u00a0\u00a0<\/span><\/span><span style=\"font-size: 12pt;line-height: 24px\">Curriculum vitae \u00a0<\/span><a style=\"background-color: transparent\" href=\"\/upload\/3258\/CV_in_format_european.doc\"><i><span style=\"font-size: 12pt;line-height: 24px;color: blue\">descarc\u0103 aici<\/span><\/i><\/a><span style=\"font-size: 12pt;line-height: 24px\">.<\/span><\/p>\n<p class=\"MsoNormal\" style=\"margin: 12pt 0in 10pt;font-family: -apple-system, BlinkMacSystemFont,\"><img decoding=\"async\" src=\"https:\/\/www.anofm.ro\/upload\/2.jpg\" style=\"vertical-align: middle;border-style: none\"><\/p>\n<p class=\"MsoNormal\" align=\"right\" style=\"margin: 12pt 0in 10pt;font-family: -apple-system, BlinkMacSystemFont,\"><span lang=\"RO\">Surs\u0103 foto: pexels.com<\/span><\/p>\n<ul type=\"disc\" style=\"margin-top: 0in;margin-bottom: 1rem;font-family: -apple-system, BlinkMacSystemFont,\">\n<li class=\"MsoNormalCxSpMiddle\" style=\"margin-top: 12pt;margin-left: 0.5in;margin-bottom: 0.0001pt;text-align: left;line-height: 24px\"><span style=\"font-weight: bolder\"><span lang=\"RO\" style=\"font-size: 12pt;line-height: 24px\">Dac\u0103 e\u015fti cet\u0103\u0163ean al unui stat UE\/SEE\/al Confedera\u021biei Elve\u021biene<\/span><\/span><span lang=\"RO\" style=\"font-size: 12pt;line-height: 24px\">, beneficiezi, al\u0103turi de<\/span><span style=\"font-weight: bolder\"><span lang=\"RO\" style=\"font-size: 12pt;line-height: 24px\">\u00a0<\/span><\/span><span lang=\"RO\" style=\"font-size: 12pt;line-height: 24px\">membrii familiei tale, de acelea\u015fi drepturi \u015fi obliga\u0163ii ca \u015fi cet\u0103\u0163enii rom\u00e2ni \u00een ceea ce prive\u015fte munca \u015fi protec\u0163ia social\u0103. Contacteaz\u0103 unul dintre cei 45 de consilieri na\u0163ionali EURES, care pot fi g\u0103si\u0163i \u00een fiecare Agen\u0163ie Jude\u0163ean\u0103 pentru Ocuparea For\u0163ei de Munc\u0103, respectiv la AMOFM Bucure\u015fti.<\/span><\/li>\n<\/ul>\n<p class=\"MsoNormal\" align=\"left\" style=\"margin: 12pt 0in 0.0001pt;font-family: -apple-system, BlinkMacSystemFont,\"><span lang=\"RO\" style=\"font-size: 12pt;line-height: 24px\">Datele de contact ale consilierilor se g\u0103sesc pe website-ul na\u0163ional EURES,<\/span><\/p>\n<p class=\"MsoNormal\" align=\"left\" style=\"margin: 12pt 0in 0.0001pt;font-family: -apple-system, BlinkMacSystemFont,\"><a href=\"https:\/\/www.anofm.ro\/eures\/index.html?agentie=&amp;categ=11&amp;subcateg=1\" style=\"background-color: transparent\"><span lang=\"RO\" style=\"font-size: 12pt;line-height: 24px;color: blue\">https:\/\/www.anofm.ro\/eures\/index.html?agentie=&amp;categ=11&amp;subcateg=1<\/span><\/a><span lang=\"RO\" style=\"font-size: 12pt;line-height: 24px\">, sec\u021biunea \u201c<\/span><span style=\"font-weight: bolder\"><i><span lang=\"RO\" style=\"font-size: 12pt;line-height: 24px\">Contact<\/span><\/i><\/span><span lang=\"RO\" style=\"font-size: 12pt;line-height: 24px\">\u201d.<\/span><\/p>\n<ul type=\"disc\" style=\"margin-top: 0in;margin-bottom: 1rem;font-family: -apple-system, BlinkMacSystemFont,\">\n<li class=\"MsoNormalCxSpMiddle\" style=\"margin-top: 12pt;margin-left: 0.5in;margin-bottom: 0.0001pt;text-align: left;line-height: 24px\"><span style=\"font-weight: bolder\"><span lang=\"RO\" style=\"font-size: 12pt;line-height: 24px\">Dac\u0103 e\u015fti cet\u0103\u0163ean al unui stat non-UE,\u00a0<\/span><\/span><span lang=\"RO\" style=\"font-size: 12pt;line-height: 24px\">ai drept de munc\u0103 \u00een Rom\u00e2nia, pe baza unei autoriza\u0163ii de munc\u0103 ob\u0163inut\u0103 de angajator de la Inspectoratul General pentru Imigr\u0103ri.<\/span><\/li>\n<\/ul>\n<p class=\"MsoNormal\" style=\"margin: 12pt 0in 0.0001pt;font-family: -apple-system, BlinkMacSystemFont,\"><span lang=\"RO\" style=\"font-size: 12pt;line-height: 24px\">Po\u0163i lucra f\u0103r\u0103 autoriza\u0163ie de munc\u0103, \u00een baza unui contract individual de munc\u0103 avizat de Inspectoratul Teritorial de Munc\u0103, dac\u0103 e\u015fti \u00een urm\u0103toarele situa\u0163ii<\/span><span style=\"font-size: 12pt;line-height: 24px\">:<\/span><\/p>\n<p class=\"MsoNormalCxSpMiddle\" align=\"left\" style=\"margin: 12pt 0in 0.0001pt 0.5in;font-family: -apple-system, BlinkMacSystemFont,\"><span style=\"font-size: 12pt;line-height: 24px\">&#8211;<span style=\"font-size: 7pt;line-height: normal;font-family:\">\u00a0\u00a0\u00a0\u00a0\u00a0\u00a0<\/span><\/span><span lang=\"RO\" style=\"font-size: 12pt;line-height: 24px\">e\u015fti cet\u0103\u0163ean str\u0103in al unui stat non-UE \u015fi ai drept de \u015federe pe termen lung pe teritoriul Rom\u00e2niei;<\/span><span style=\"font-size: 12pt;line-height: 24px\"><\/span><\/p>\n<p class=\"MsoNormalCxSpMiddle\" align=\"left\" style=\"margin: 12pt 0in 0.0001pt 0.5in;font-family: -apple-system, BlinkMacSystemFont,\"><span style=\"font-size: 12pt;line-height: 24px\">&#8211;<span style=\"font-size: 7pt;line-height: normal;font-family:\">\u00a0\u00a0\u00a0\u00a0\u00a0\u00a0<\/span><\/span><span lang=\"RO\" style=\"font-size: 12pt;line-height: 24px\">ai ob\u0163inut statut de refugiat;<\/span><span style=\"font-size: 12pt;line-height: 24px\"><\/span><\/p>\n<p class=\"MsoNormalCxSpMiddle\" align=\"left\" style=\"margin: 12pt 0in 0.0001pt 0.5in;font-family: -apple-system, BlinkMacSystemFont,\"><span style=\"font-size: 12pt;line-height: 24px\">&#8211;<span style=\"font-size: 7pt;line-height: normal;font-family:\">\u00a0\u00a0\u00a0\u00a0\u00a0\u00a0<\/span><\/span><span lang=\"RO\" style=\"font-size: 12pt;line-height: 24px\">beneficiezi de alt\u0103 form\u0103 de protec\u0163ie interna\u0163ional\u0103<\/span><span style=\"font-size: 12pt;line-height: 24px\">;<\/span><\/p>\n<p class=\"MsoNormalCxSpMiddle\" align=\"left\" style=\"margin: 12pt 0in 0.0001pt 0.5in;font-family: -apple-system, BlinkMacSystemFont,\"><span style=\"font-size: 12pt;line-height: 24px\">&#8211;<span style=\"font-size: 7pt;line-height: normal;font-family:\">\u00a0\u00a0\u00a0\u00a0\u00a0\u00a0<\/span><\/span><span lang=\"RO\" style=\"font-size: 12pt;line-height: 24px\">te afli \u00een procedura de solu\u0163ionare a cererii de azil<\/span><span style=\"font-size: 12pt;line-height: 24px\">;<\/span><span style=\"font-size: 12pt;line-height: 24px\"><\/span><span style=\"font-size: 12pt;line-height: 24px\"><\/span><\/p>\n<p class=\"MsoNormalCxSpMiddle\" align=\"left\" style=\"margin: 12pt 0in 0.0001pt 0.5in;font-family: -apple-system, BlinkMacSystemFont,\"><span style=\"font-size: 12pt;line-height: 24px\">&#8211;<span style=\"font-size: 7pt;line-height: normal;font-family:\">\u00a0\u00a0\u00a0\u00a0\u00a0\u00a0<\/span><\/span><span lang=\"RO\" style=\"font-size: 12pt;line-height: 24px\">te reg\u0103se\u015fti \u00een alte categorii de persoane men\u0163ionate pe website-ul IGI, link util<\/span><span style=\"font-size: 12pt;line-height: 24px\">:\u00a0<\/span><a href=\"https:\/\/igi.mai.gov.ro\/obtinerea-avizului\/\" style=\"background-color: transparent\"><span style=\"font-size: 12pt;line-height: 24px;color: blue\">https:\/\/igi.mai.gov.ro\/obtinerea-avizului\/<\/span><\/a><span style=\"font-size: 12pt;line-height: 24px\"><\/span><\/p>\n<p class=\"MsoNormalCxSpMiddle\" style=\"margin: 12pt 0in 0.0001pt 0.5in;font-family: -apple-system, BlinkMacSystemFont,\"><span style=\"font-size: 12pt;line-height: 24px\">\u00a0<\/span><\/p>\n<ul type=\"disc\" style=\"margin-top: 0in;margin-bottom: 1rem;font-family: -apple-system, BlinkMacSystemFont,\">\n<li class=\"MsoNormalCxSpMiddle\" style=\"margin-top: 12pt;margin-left: 0.5in;margin-bottom: 0.0001pt;text-align: left;line-height: 24px\"><span style=\"font-weight: bolder\"><span lang=\"RO\" style=\"font-size: 12pt;line-height: 24px\">Cet\u0103\u021benii ucraineni refugia\u0163i, precum \u015fi cei care nu solicit\u0103 o form\u0103 de protec\u021bie \u00een Rom\u00e2nia<\/span><\/span><span lang=\"RO\" style=\"font-size: 12pt;line-height: 24px\">, pot fi \u00eencadra\u0163i \u00een munc\u0103 f\u0103r\u0103 avizul de angajare.<\/span><\/li>\n<\/ul>\n<p class=\"MsoNormal\" align=\"left\" style=\"margin: 12pt 0in 0.0001pt;font-family: -apple-system, BlinkMacSystemFont,\"><span style=\"font-weight: bolder\"><span lang=\"RO\" style=\"font-size: 12pt;line-height: 24px\">Informa\u021bii utile pentru cet\u0103\u0163enii ucraineni, \u00een limba rom\u00e2n\u0103, ucrainean\u0103 \u0219i englez\u0103, g\u0103si\u0163i pe website-ul ANOFM:\u00a0<\/span><\/span><a style=\"background-color: transparent\" href=\"\/upload2\/ANOFM\/19895\/pliant_servicii_refugiati_ucraineni.pdf\"><span lang=\"RO\" style=\"font-size: 12pt;line-height: 24px;color: blue\">https:\/\/www.anofm.ro\/upload2\/ANOFM\/19895\/pliant_servicii_refugiati_ucraineni.pdf<\/span><\/a><span style=\"font-weight: bolder\"><u><span lang=\"RO\" style=\"font-size: 12pt;line-height: 24px\"><\/span><\/u><\/span><\/p>\n<p class=\"MsoNormal\" style=\"margin: 12pt 0in 0.0001pt;font-family: -apple-system, BlinkMacSystemFont,\"><span style=\"font-weight: bolder\"><span lang=\"RO\" style=\"font-size: 12pt;line-height: 24px\">ATEN\u021aIE!<\/span><\/span><\/p>\n<p class=\"MsoNormal\" style=\"margin: 12pt 0in 0.0001pt;font-family: -apple-system, BlinkMacSystemFont,\"><span lang=\"RO\" style=\"font-size: 12pt;line-height: 24px\">\u00cen cazul \u00een care ai g\u0103sit un loc de munc\u0103, asigur\u0103-te c\u0103 ai primit un contract de munc\u0103 sau o scrisoare de angajament semnat\u0103 de angajator \u00een mod legal.<\/span><\/p>\n<p class=\"MsoNormal\" align=\"center\" style=\"margin: 0in 49.85pt 6pt 1in;font-family: -apple-system, BlinkMacSystemFont,\"><span class=\"MsoIntenseEmphasis\">\u00a0<\/span><\/p>\n<p class=\"MsoNormal\" style=\"margin: 0in -13.85pt 6pt 0in;font-family: -apple-system, BlinkMacSystemFont,\"><i><span lang=\"RO\" style=\"font-size: 9pt;line-height: 13.8px\">Material realizat \u00een cadrul \u201ecampaniei online de promovare a instrumentelor \u0219i serviciilor oferite de SPO, clien\u021bilor<\/span><\/i><\/p>\n<p class=\"MsoNormal\" style=\"margin: 0in -13.85pt 6pt 0in;font-family: -apple-system, BlinkMacSystemFont,\"><i><span lang=\"RO\" style=\"font-size: 9pt;line-height: 13.8px\">s\u0103i\u201d, prin proiectul \u201eRela\u021bia SPO cu angajatorii &#8211; eSPOR\u201d\/ POCU\/801\/3\/15\/139164, cofinan\u0163at din Fondul Social<\/span><\/i><\/p>\n<p><i style=\"font-family: -apple-system, BlinkMacSystemFont,\"><span lang=\"RO\" style=\"font-size: 9pt;line-height: 13.8px;font-family:\">European prin Programul Opera\u0163ional Capital Uman 2014-2020.<\/span><\/i>Introduceti continutul text. Eventualele incarcari de fisiere se fac in faza de editare<\/p>\n","protected":false},"excerpt":{"rendered":"<p>Cum g\u0103se\u0219ti un loc de munc\u0103 \u00een Rom\u00e2nia?<\/p>\n","protected":false},"author":0,"featured_media":0,"comment_status":"closed","ping_status":"closed","sticky":false,"template":"","format":"standard","meta":{"footnotes":""},"categories":[16],"tags":[],"class_list":["post-376","post","type-post","status-publish","format-standard","hentry","category-materiale-informative"],"_links":{"self":[{"href":"https:\/\/www.anofm.ro\/buzau\/wp-json\/wp\/v2\/posts\/376","targetHints":{"allow":["GET"]}}],"collection":[{"href":"https:\/\/www.anofm.ro\/buzau\/wp-json\/wp\/v2\/posts"}],"about":[{"href":"https:\/\/www.anofm.ro\/buzau\/wp-json\/wp\/v2\/types\/post"}],"replies":[{"embeddable":true,"href":"https:\/\/www.anofm.ro\/buzau\/wp-json\/wp\/v2\/comments?post=376"}],"version-history":[{"count":0,"href":"https:\/\/www.anofm.ro\/buzau\/wp-json\/wp\/v2\/posts\/376\/revisions"}],"wp:attachment":[{"href":"https:\/\/www.anofm.ro\/buzau\/wp-json\/wp\/v2\/media?parent=376"}],"wp:term":[{"taxonomy":"category","embeddable":true,"href":"https:\/\/www.anofm.ro\/buzau\/wp-json\/wp\/v2\/categories?post=376"},{"taxonomy":"post_tag","embeddable":true,"href":"https:\/\/www.anofm.ro\/buzau\/wp-json\/wp\/v2\/tags?post=376"}],"curies":[{"name":"wp","href":"https:\/\/api.w.org\/{rel}","templated":true}]}}